{"id":148557,"date":"2024-05-19T11:27:19","date_gmt":"2024-05-19T14:27:19","guid":{"rendered":"https:\/\/corrientesdetarde.com\/?p=148557"},"modified":"2024-05-19T11:27:31","modified_gmt":"2024-05-19T14:27:31","slug":"liga-profesional-boca-viaja-a-santiago-buscando-la-recuperacion","status":"publish","type":"post","link":"https:\/\/corrientesdetarde.com\/index.php\/deportes\/liga-profesional-boca-viaja-a-santiago-buscando-la-recuperacion\/","title":{"rendered":"LIGA PROFESIONAL: BOCA VIAJA A SANTIAGO BUSCANDO LA RECUPERACI\u00d3N"},"content":{"rendered":"\n<h2 class=\"wp-block-heading\">El xeneize visita a Central C\u00f3rdoba tras la derrota en Tucum\u00e1n y el empate ante Fortaleza.<\/h2>\n\n\n\n<p>(Corresponsal\u00eda Buenos Aires)La segunda fecha de la Liga Profesional continuar\u00e1 este domingo con cinco encuentros.<br>En primer turno Barracas Central recibir\u00e1 a Sarmiento desde las 15 horas en un partido postergado del pasado viernes a causa del fallecimiento del utilero del verde, Federico Quinteros.<br>Posteriormente, a las 15.30 horas, Carlos Tevez estar\u00e1 dirigiendo por \u00faltima vez a Independiente en lo que ser\u00e1 su visita a Vicente Lopez para enfrentar a Platense. Tras lo que fue derrota en su debut ante Talleres, el ex jugador de Boca y entrenador de Rosario Central present\u00f3 su renuncia indeclinable al cargo de DT del equipo de Avellaneda.<br>La continuidad del domingo desembocar\u00e1 en una doble funci\u00f3n a partir de las 17.45. Por un lado, Banfield recibir\u00e1 a Hurac\u00e1n buscando volver a hacerse fuerte de local tras una floja Copa de la Liga. Simult\u00e1neamente, Talleres de C\u00f3rdoba, de gran campa\u00f1a en la Copa Libertadores, enfrentar\u00e1 a Atl\u00e9tico Tucum\u00e1n, que llega dulce al Kempes tras su victoria inicial ante Boca.<br>La jornada futbolera se cerrar\u00e1 a las 20 horas, cuando Central C\u00f3rdoba reciba en el Madre de Ciudades a Boca Juniors. El ferroviario, necesitado de puntos en la pelea por no descender, se medir\u00e1 a un xeneize que llega a Santiago luego de dejar escapar un encuentro incre\u00edble por Copa Sudamericana ante Fortaleza, y ser derrotado en el Jos\u00e9 Fierro ante el decano en la primera fecha liguera.<\/p>\n","protected":false},"excerpt":{"rendered":"<p>El xeneize visita a Central C\u00f3rdoba tras la derrota en Tucum\u00e1n y el empate ante Fortaleza. (Corresponsal\u00eda Buenos Aires)La segunda fecha de la Liga Profesional continuar\u00e1 este domingo con cinco&hellip; <\/p>\n","protected":false},"author":11,"featured_media":148559,"comment_status":"closed","ping_status":"open","sticky":false,"template":"","format":"standard","meta":{"footnotes":""},"categories":[4],"tags":[],"class_list":["post-148557","post","type-post","status-publish","format-standard","has-post-thumbnail","hentry","category-deportes"],"_links":{"self":[{"href":"https:\/\/corrientesdetarde.com\/index.php\/wp-json\/wp\/v2\/posts\/148557","targetHints":{"allow":["GET"]}}],"collection":[{"href":"https:\/\/corrientesdetarde.com\/index.php\/wp-json\/wp\/v2\/posts"}],"about":[{"href":"https:\/\/corrientesdetarde.com\/index.php\/wp-json\/wp\/v2\/types\/post"}],"author":[{"embeddable":true,"href":"https:\/\/corrientesdetarde.com\/index.php\/wp-json\/wp\/v2\/users\/11"}],"replies":[{"embeddable":true,"href":"https:\/\/corrientesdetarde.com\/index.php\/wp-json\/wp\/v2\/comments?post=148557"}],"version-history":[{"count":2,"href":"https:\/\/corrientesdetarde.com\/index.php\/wp-json\/wp\/v2\/posts\/148557\/revisions"}],"predecessor-version":[{"id":148561,"href":"https:\/\/corrientesdetarde.com\/index.php\/wp-json\/wp\/v2\/posts\/148557\/revisions\/148561"}],"wp:featuredmedia":[{"embeddable":true,"href":"https:\/\/corrientesdetarde.com\/index.php\/wp-json\/wp\/v2\/media\/148559"}],"wp:attachment":[{"href":"https:\/\/corrientesdetarde.com\/index.php\/wp-json\/wp\/v2\/media?parent=148557"}],"wp:term":[{"taxonomy":"category","embeddable":true,"href":"https:\/\/corrientesdetarde.com\/index.php\/wp-json\/wp\/v2\/categories?post=148557"},{"taxonomy":"post_tag","embeddable":true,"href":"https:\/\/corrientesdetarde.com\/index.php\/wp-json\/wp\/v2\/tags?post=148557"}],"curies":[{"name":"wp","href":"https:\/\/api.w.org\/{rel}","templated":true}]}}