{"id":148569,"date":"2024-05-19T11:54:19","date_gmt":"2024-05-19T14:54:19","guid":{"rendered":"https:\/\/corrientesdetarde.com\/?p=148569"},"modified":"2024-05-19T11:58:36","modified_gmt":"2024-05-19T14:58:36","slug":"conducia-alcoholizado-y-choco-con-su-auto-una-vivienda-de-un-barrio-capitalino","status":"publish","type":"post","link":"https:\/\/corrientesdetarde.com\/index.php\/policiales\/conducia-alcoholizado-y-choco-con-su-auto-una-vivienda-de-un-barrio-capitalino\/","title":{"rendered":"Conduc\u00eda alcoholizado y choc\u00f3 su auto contra una vivienda de un barrio capitalino"},"content":{"rendered":"\n<p>El hecho ocurri\u00f3 en la madrugada de este domingo.<\/p>\n\n\n\n<p>Un hombre en estado de ebriedad perdi\u00f3 el control del veh\u00edculo que manejaba y choc\u00f3 la entrada de una vivienda en el barrio Villa Chiquita.<\/p>\n\n\n\n<p>El hecho ocurri\u00f3 en plena madrugada en inmediaciones de calles Tacuar\u00ed y Lavalle de la ciudad de Corrientes.&nbsp;<\/p>\n\n\n\n<p>Hasta el momento, las primeras averiguaciones indican que un sujeto colision\u00f3 con su&nbsp;auto<strong>&nbsp;&#8220;violentamente&#8221; contra una vivienda particular<\/strong>&nbsp;tras perder el control de la unidad.<\/p>\n","protected":false},"excerpt":{"rendered":"<p>El hecho ocurri\u00f3 en la madrugada de este domingo. Un hombre en estado de ebriedad perdi\u00f3 el control del veh\u00edculo que manejaba y choc\u00f3 la entrada de una vivienda en&hellip; <\/p>\n","protected":false},"author":4,"featured_media":148570,"comment_status":"closed","ping_status":"open","sticky":false,"template":"","format":"standard","meta":{"footnotes":""},"categories":[33],"tags":[],"class_list":["post-148569","post","type-post","status-publish","format-standard","has-post-thumbnail","hentry","category-policiales"],"_links":{"self":[{"href":"https:\/\/corrientesdetarde.com\/index.php\/wp-json\/wp\/v2\/posts\/148569","targetHints":{"allow":["GET"]}}],"collection":[{"href":"https:\/\/corrientesdetarde.com\/index.php\/wp-json\/wp\/v2\/posts"}],"about":[{"href":"https:\/\/corrientesdetarde.com\/index.php\/wp-json\/wp\/v2\/types\/post"}],"author":[{"embeddable":true,"href":"https:\/\/corrientesdetarde.com\/index.php\/wp-json\/wp\/v2\/users\/4"}],"replies":[{"embeddable":true,"href":"https:\/\/corrientesdetarde.com\/index.php\/wp-json\/wp\/v2\/comments?post=148569"}],"version-history":[{"count":2,"href":"https:\/\/corrientesdetarde.com\/index.php\/wp-json\/wp\/v2\/posts\/148569\/revisions"}],"predecessor-version":[{"id":148572,"href":"https:\/\/corrientesdetarde.com\/index.php\/wp-json\/wp\/v2\/posts\/148569\/revisions\/148572"}],"wp:featuredmedia":[{"embeddable":true,"href":"https:\/\/corrientesdetarde.com\/index.php\/wp-json\/wp\/v2\/media\/148570"}],"wp:attachment":[{"href":"https:\/\/corrientesdetarde.com\/index.php\/wp-json\/wp\/v2\/media?parent=148569"}],"wp:term":[{"taxonomy":"category","embeddable":true,"href":"https:\/\/corrientesdetarde.com\/index.php\/wp-json\/wp\/v2\/categories?post=148569"},{"taxonomy":"post_tag","embeddable":true,"href":"https:\/\/corrientesdetarde.com\/index.php\/wp-json\/wp\/v2\/tags?post=148569"}],"curies":[{"name":"wp","href":"https:\/\/api.w.org\/{rel}","templated":true}]}}