{"id":148651,"date":"2024-05-19T21:22:19","date_gmt":"2024-05-20T00:22:19","guid":{"rendered":"https:\/\/corrientesdetarde.com\/?p=148651"},"modified":"2024-05-19T21:22:21","modified_gmt":"2024-05-20T00:22:21","slug":"duras-criticas-de-la-oposicion-tras-los-dichos-de-javier-milei","status":"publish","type":"post","link":"https:\/\/corrientesdetarde.com\/index.php\/politica\/duras-criticas-de-la-oposicion-tras-los-dichos-de-javier-milei\/","title":{"rendered":"Duras cr\u00edticas de la oposici\u00f3n tras los dichos de Javier Milei."},"content":{"rendered":"\n<h2 class=\"wp-block-heading\">Diputados socialistas pidieron citar a Diana Mondino para que d\u00e9 explicaciones en el Congreso ante \u201cla suspensi\u00f3n virtual de relaciones diplom\u00e1ticas\u201d. La UCR calific\u00f3 a las expresiones del Presidente como \u201cberrinches ideol\u00f3gicos\u201d y Alberto Fern\u00e1ndez dijo que \u201cest\u00e1 aislando a la Argentina\u201d.<\/h2>\n\n\n\n<p>La oposici\u00f3n critic\u00f3 duramente a\u00a0<strong>Javier Milei<\/strong>\u00a0que tild\u00f3 de\u00a0<strong>\u201ccorrupta\u201d a la esposa de Pedro S\u00e1nchez,\u00a0<\/strong>lo que deriv\u00f3 en un\u00a0<strong>conflicto diplom\u00e1tico<\/strong> internacional. \u201cSon producto<strong>\u00a0de meros berrinches ideol\u00f3gicos del presidente<\/strong>\u201d, cuestionaron.<\/p>\n\n\n\n<p>Los diputados socialistas santafesinos&nbsp;<strong>Esteban Paul\u00f3n y M\u00f3nica Fein<\/strong>&nbsp;pidieron<strong>&nbsp;citar a<\/strong>&nbsp;la canciller argentina,&nbsp;<strong>Diana Mondino,<\/strong>&nbsp;para que&nbsp;<strong>d\u00e9 explicaciones ante la C\u00e1mara de Diputados<\/strong>&nbsp;sobre el<strong>&nbsp;estado actual del v\u00ednculo diplom\u00e1tico con Espa\u00f1a<\/strong>, a<\/p>\n\n\n\n<p>\u201cPreocupan la<strong>\u00a0suspensi\u00f3n virtual de relaciones diplom\u00e1ticas con Espa\u00f1a<\/strong>, el viaje personal con fondos p\u00fablicos del Secretario de Culto a VOX y las declaraciones xen\u00f3fobas de Mondino\u201d, plante\u00f3 Paul\u00f3n al presentar el escrito.<\/p>\n\n\n\n<p>Tambi\u00e9n la Uni\u00f3n C\u00edvica Radical (<strong>UCR<\/strong>) cuestion\u00f3 los dichos del Presidente y plante\u00f3 que \u201cla Argentina debe tener una<strong>&nbsp;pol\u00edtica exterior madura, responsable,<\/strong>&nbsp;acorde a nuestra&nbsp;<strong>historia&nbsp;<\/strong>e&nbsp;<strong>intereses<\/strong>&nbsp;nacionales y no un mero&nbsp;<strong>capricho ideol\u00f3gico personal<\/strong>\u201d.<\/p>\n\n\n\n<p>En tanto que el expresidente&nbsp;<strong>Alberto Fern\u00e1ndez<\/strong>&nbsp;record\u00f3 que desde el regreso de la democracia, todos los mandatarios mantuvieron un buen v\u00ednculo con Espa\u00f1a, y dijo que los dichos de Milei \u201csolo podr\u00edan explicarse por un&nbsp;<strong>desequilibrio emocional,<\/strong>&nbsp;(que la psiquiatr\u00eda ya deber\u00eda analizar) y que se evidencia con su constante violencia verbal\u201d.<\/p>\n\n\n\n<p>En medio de su gira internacional, Milei critic\u00f3 fuertemente a su par espa\u00f1ol y a su esposa, Bego\u00f1a G\u00f3mez. \u201cLas \u00e9lites globales no se dan cuenta de lo destructivo que puede llegar a ser implementar las ideas del socialismo, porque lo tienen demasiado lejos. No saben qu\u00e9 tipo de sociedad y pa\u00eds puede producir el socialismo y qu\u00e9 cala\u00f1a de gente atornillada en el poder y qu\u00e9 niveles de abuso puede llegar a generar.&nbsp;<strong>A\u00fan cuando tenga la mujer corrupta, se ensucia y se tome cinco d\u00edas para pensarlo\u201d,<\/strong>&nbsp;manifest\u00f3.<\/p>\n\n\n\n<p>Tras sus dichos,<strong>&nbsp;el Gobierno espa\u00f1ol<\/strong>&nbsp;-a trav\u00e9s de una conferencia que brind\u00f3 el ministro de Asuntos Exteriores, Jos\u00e9 Manuel Albares- le&nbsp;<strong>exigi\u00f3 a Milei que se disculpe y llam\u00f3 a consulta<\/strong>&nbsp;\u201csine die\u201d<strong>&nbsp;a su embajadora en Buenos Aires.<\/strong><\/p>\n\n\n\n<h2 class=\"wp-block-heading\">Qu\u00e9 reclaman los diputados socialistas<\/h2>\n\n\n\n<p>El proyecto de resoluci\u00f3n lleva la firma del diputado santafesino, acompa\u00f1ada por Fein. Piden que Mondino \u201cbrinde<strong>&nbsp;explicaciones detalladas sobre el estado del v\u00ednculo diplom\u00e1tico&nbsp;<\/strong>entre la Rep\u00fablica Argentina y el Reino de Espa\u00f1a, as\u00ed como con la Uni\u00f3n Europea, tras las expresiones agraviantes del Presidente Javier Milei contra el Presidente del Gobierno y el pueblo del Reino de Espa\u00f1a, en el marco del viaje personal del Primer mandatario a la cumbre del partido de extrema derecha espa\u00f1ola VOX en la segunda semana de mayo de 2024\u2033.<\/p>\n\n\n\n<figure class=\"wp-block-image\"><img decoding=\"async\" src=\"https:\/\/tn.com.ar\/resizer\/oyoZpi2n6THNY6nSqxrcN-SS2Yc=\/767x0\/smart\/filters:format(webp)\/cloudfront-us-east-1.images.arcpublishing.com\/artear\/QXNPS5TFYVE77FOEGOZGZ76PF4.jpg\" alt=\"El gobierno de Espa\u00f1a le exigi\u00f3 a Milei que se disculpe por tildar de \u201ccorrupta\u201d a la esposa de Pedro S\u00e1nchez. (Foto: AFP).\"\/><figcaption class=\"wp-element-caption\">El gobierno de Espa\u00f1a le exigi\u00f3 a Milei que se disculpe por tildar de \u201ccorrupta\u201d a la esposa de Pedro S\u00e1nchez. (Foto: AFP).<\/figcaption><\/figure>\n\n\n\n<p>Tambi\u00e9n le exigen respuestas sobre \u201c<strong>el car\u00e1cter del viaje a Espa\u00f1a en el mes de mayo<\/strong>&nbsp;por parte del Secretario de Culto, Tec. Francisco S\u00e1nchez, en el marco del cual expres\u00f3 su rechazo a las leyes de divorcio vincular, matrimonio igualitario y la interrupci\u00f3n legal del embarazo (toda legislaci\u00f3n vigente en el pa\u00eds) Asimismo, s\u00edrvase detallar los fondos destinados por la cartera a su cargo para solventarlo\u201d.<\/p>\n\n\n\n<p>Y el tercer punto refiere a&nbsp;<strong>\u201clas expresiones con contenido xen\u00f3fobo de la Sra. Ministra<\/strong>&nbsp;realizadas en el marco de una entrevista period\u00edstica en el regreso de su viaje a la Rep\u00fablica Popular&nbsp;<strong>China<\/strong>, en las cuales se refiri\u00f3 de manera despectiva a la poblaci\u00f3n de ese pa\u00eds\u201d.<\/p>\n\n\n\n<h2 class=\"wp-block-heading\">La UCR le reclam\u00f3 responsabilidad a Milei<\/h2>\n\n\n\n<p>En un comunicado, la UCR se sum\u00f3 a las cr\u00edticas del arco opositor contra Milei y record\u00f3 la serie de conflictos diplom\u00e1ticos que enfrent\u00f3 al Argentina desde que asumi\u00f3 la presidencia.<\/p>\n\n\n\n<p>\u201cEn menos de seis meses de gesti\u00f3n, el Presidente&nbsp;<strong>Milei g\u00e9nero conflictos diplom\u00e1ticos<\/strong>, solo en Iberoam\u00e9rica, con Brasil, Colombia, M\u00e9xico, Chile, Ecuador y en las \u00faltimas horas, una vez m\u00e1s, con Espa\u00f1a. Todos pa\u00edses que a lo largo de la historia tuvieron una fraterna relaci\u00f3n con Argentina\u201d, plante\u00f3 el radicalismo.<\/p>\n\n\n\n<p>Tambi\u00e9n sostuvo que \u201cestos conflictos no son&nbsp;<strong>producto&nbsp;<\/strong>de desacuerdo entre los intereses nacionales, sino producto<strong>&nbsp;de meros berrinches ideol\u00f3gicos del presidente\u201d<\/strong>.<\/p>\n\n\n\n<p>\u201cDesde que asumi\u00f3 el presidente Milei viaja por el mundo cumpliendo con una agenda personal sin visitas de Estado y generando<strong>&nbsp;acciones que ponen en riesgo las relaciones diplom\u00e1ticas<\/strong>&nbsp;de nuestro pa\u00eds. Milei debe entender que no es m\u00e1s candidato ni el referente de un grupo ideol\u00f3gico internacional, es el presidente de todos los argentinos y debe actuar en consecuencia\u201d, complet\u00f3 el escrito de la UCR.<\/p>\n\n\n\n<p>El senador&nbsp;<strong>Mart\u00edn Lousteau<\/strong>, presidente del partido, dijo que \u201c<strong>el presidente&nbsp;<\/strong>se va nuevamente de viaje por motivos personales (no de Estado) y<strong>&nbsp;nos mete otra vez en un innecesario conflicto diplom\u00e1tico<\/strong>\u201d. \u201cAhora con Espa\u00f1a.&nbsp;<strong>La pol\u00edtica exterior argentina no puede ser reh\u00e9n de ninguna ideolog\u00eda u orientaci\u00f3n pol\u00edtica partidaria<\/strong>, al mismo tiempo que, en \u00e9pocas en las que no hay plata, debemos ser cuidadosos al seleccionar los motivos y razones para un viaje de Estado\u201d, dijo.<\/p>\n\n\n\n<h2 class=\"wp-block-heading\">Alberto Fern\u00e1ndez acus\u00f3 a Milei de padecer un \u201cdesequilibrio emocional\u201d<\/h2>\n\n\n\n<p>El expresidente Alberto Fern\u00e1ndez tambi\u00e9n cuestion\u00f3 los dichos de Milei,&nbsp;<strong>se solidariz\u00f3 con Pedro S\u00e1nchez<\/strong>&nbsp;y apunt\u00f3 a un \u201c<strong>desequilibrio emocional\u201d<\/strong>&nbsp;del Presidente argentino.<\/p>\n\n\n\n<figure class=\"wp-block-image\"><img decoding=\"async\" src=\"https:\/\/tn.com.ar\/resizer\/SEg9W9KwEO4y7uk7lUH1oXkWKcg=\/767x0\/smart\/filters:format(webp)\/cloudfront-us-east-1.images.arcpublishing.com\/artear\/FTBA7NVNAFEK7JUUPO55T2I64I.JPG\" alt=\"Tuit de Alberto Fern\u00e1ndez (Foto: Captura de X\/@alferdez).\"\/><figcaption class=\"wp-element-caption\">Tuit de Alberto Fern\u00e1ndez (Foto: Captura de X\/@alferdez).Por:&nbsp;<strong>Mariana Prado<\/strong><\/figcaption><\/figure>\n\n\n\n<p>\u201cEspa\u00f1a acaba de llamar a consultas a su embajadora en Buenos Aires y analiza retirarla del pa\u00eds. Ello ocurre tras los<strong>&nbsp;agravios p\u00fablicos de Milei&nbsp;<\/strong>hacia el presidente Pedro S\u00e1nchez y su familia que solo podr\u00edan explicarse por un&nbsp;<strong>desequilibrio emocional<\/strong>, (que la psiquiatr\u00eda ya deber\u00eda analizar) y que se evidencia con su constante&nbsp;<strong>violencia verbal<\/strong>\u201d, escribi\u00f3 Fern\u00e1ndez en su cuenta de la red social&nbsp;<em>X<\/em>.<\/p>\n\n\n\n<p>Tambi\u00e9n remarc\u00f3 que \u201cel v\u00ednculo entre Espa\u00f1a y nuestro pa\u00eds siempre ha sido privilegiado\u201d, pero dijo que \u201cpor la diatriba del presidente argentino, hoy est\u00e1 en su peor momento\u201d.<\/p>\n\n\n\n<p>\u201cLa pol\u00edtica exterior de este gobierno contin\u00faa<strong>&nbsp;aislando a Argentina del resto del mundo<\/strong>, como ya lo hizo con M\u00e9xico, China, Colombia y Brasil. Mi solidaridad y afecto hacia @sanchezcastejon, su esposa y su familia. Como argentino<strong>&nbsp;me disculpo<\/strong>&nbsp;ante ellos<strong>&nbsp;por la impropia conducta&nbsp;<\/strong>de quien ejerce la presidencia de mi Patria\u201d, finaliz\u00f3 el posteo, que acompa\u00f1\u00f3 con fotos de los expresidentes argentinos desde el regreso de la democracia, saludando amistosamente a sus pares espa\u00f1oles.<\/p>\n","protected":false},"excerpt":{"rendered":"<p>Diputados socialistas pidieron citar a Diana Mondino para que d\u00e9 explicaciones en el Congreso ante \u201cla suspensi\u00f3n virtual de relaciones diplom\u00e1ticas\u201d. La UCR calific\u00f3 a las expresiones del Presidente como&hellip; <\/p>\n","protected":false},"author":6,"featured_media":148652,"comment_status":"closed","ping_status":"open","sticky":false,"template":"","format":"standard","meta":{"footnotes":""},"categories":[3],"tags":[],"class_list":["post-148651","post","type-post","status-publish","format-standard","has-post-thumbnail","hentry","category-politica"],"_links":{"self":[{"href":"https:\/\/corrientesdetarde.com\/index.php\/wp-json\/wp\/v2\/posts\/148651","targetHints":{"allow":["GET"]}}],"collection":[{"href":"https:\/\/corrientesdetarde.com\/index.php\/wp-json\/wp\/v2\/posts"}],"about":[{"href":"https:\/\/corrientesdetarde.com\/index.php\/wp-json\/wp\/v2\/types\/post"}],"author":[{"embeddable":true,"href":"https:\/\/corrientesdetarde.com\/index.php\/wp-json\/wp\/v2\/users\/6"}],"replies":[{"embeddable":true,"href":"https:\/\/corrientesdetarde.com\/index.php\/wp-json\/wp\/v2\/comments?post=148651"}],"version-history":[{"count":1,"href":"https:\/\/corrientesdetarde.com\/index.php\/wp-json\/wp\/v2\/posts\/148651\/revisions"}],"predecessor-version":[{"id":148656,"href":"https:\/\/corrientesdetarde.com\/index.php\/wp-json\/wp\/v2\/posts\/148651\/revisions\/148656"}],"wp:featuredmedia":[{"embeddable":true,"href":"https:\/\/corrientesdetarde.com\/index.php\/wp-json\/wp\/v2\/media\/148652"}],"wp:attachment":[{"href":"https:\/\/corrientesdetarde.com\/index.php\/wp-json\/wp\/v2\/media?parent=148651"}],"wp:term":[{"taxonomy":"category","embeddable":true,"href":"https:\/\/corrientesdetarde.com\/index.php\/wp-json\/wp\/v2\/categories?post=148651"},{"taxonomy":"post_tag","embeddable":true,"href":"https:\/\/corrientesdetarde.com\/index.php\/wp-json\/wp\/v2\/tags?post=148651"}],"curies":[{"name":"wp","href":"https:\/\/api.w.org\/{rel}","templated":true}]}}