{"id":148653,"date":"2024-05-19T21:21:51","date_gmt":"2024-05-20T00:21:51","guid":{"rendered":"https:\/\/corrientesdetarde.com\/?p=148653"},"modified":"2024-05-19T21:22:03","modified_gmt":"2024-05-20T00:22:03","slug":"anunciaron-la-primera-exportacion-de-carne-de-cerdo-a-uruguay","status":"publish","type":"post","link":"https:\/\/corrientesdetarde.com\/index.php\/economia\/anunciaron-la-primera-exportacion-de-carne-de-cerdo-a-uruguay\/","title":{"rendered":"Anunciaron la primera exportaci\u00f3n de carne de cerdo a Uruguay."},"content":{"rendered":"\n<h2 class=\"wp-block-heading\">En Gualeguaych\u00fa se reunieron expertos y l\u00edderes del sector agr\u00edcola de los dos pa\u00edses involucrados y tambi\u00e9n de Brasil, Paraguay, Bolivia y Chile. Abordaron los desaf\u00edos de la sostenibilidad en la regi\u00f3n.<\/h2>\n\n\n\n<p>En el Simposio Internacional de la Federaci\u00f3n de Asociaciones Rurales del Mercosur, realizado en Gualeguaych\u00fa, Entre R\u00edos, se anunci\u00f3 la\u00a0<strong>primera exportaci\u00f3n\u00a0de carne de cerdo argentina a Uruguay<\/strong>, un pa\u00eds que tradicionalmente import\u00f3 este producto desde Brasil.<\/p>\n\n\n\n<p>El anuncio, realizado por el secretario de Bioeconom\u00eda de Argentina,\u00a0<strong>Fernando Villela<\/strong>, junto al ministro de Agricultura y Ganader\u00eda del Uruguay<strong>, Fernando Mattos<\/strong>, representa \u201cun logro significativo para ambas naciones y para la<strong>\u00a0industria porcina\u00a0<\/strong>en general\u201d.<\/p>\n\n\n\n<p>En ese sentido,\u00a0<strong>Argentina enviar\u00e1 por primera vez carne de cerdo (pulpa) enfriada y sin hueso<\/strong>\u00a0a Uruguay, a un valor de<strong>\u00a0US$2.500 por tonelada<\/strong>, consolidando as\u00ed una nueva din\u00e1mica en el comercio de productos c\u00e1rnicos en el Mercosur.<\/p>\n\n\n\n<p>El acuerdo, que surge en el marco de una estrecha colaboraci\u00f3n entre los sectores p\u00fablico y privado de ambos pa\u00edses, fue celebrado con representantes de productores y c\u00e1maras porcinas de Argentina y Uruguay, quienes destacaron \u201cel potencial de esta asociaci\u00f3n para fortalecer la econom\u00eda y la competitividad del sector en la regi\u00f3n\u201d.<\/p>\n\n\n\n<h2 class=\"wp-block-heading\"><strong>El Simposio Internacional de las Rurales reuni\u00f3 a expertos y l\u00edderes del sector agr\u00edcola<\/strong><\/h2>\n\n\n\n<p>En este contexto, durante dos d\u00edas de ponencias y mesas de debate sobre el papel crucial del campo en la&nbsp;<strong>producci\u00f3n de alimentos, bioenerg\u00edas y la lucha contra el cambio clim\u00e1tic<\/strong>o, expertos y l\u00edderes del sector agr\u00edcola de Argentina, Uruguay, Brasil, Paraguay, Bolivia y Chile se reunieron para abordar los desaf\u00edos de la sostenibilidad en el agro del Mercosur.<\/p>\n\n\n\n<p>En tanto, el evento, organizado por la<strong>\u00a0Federaci\u00f3n de Asociaciones Rurales del Mercosur<\/strong>\u00a0(FARM),\u00a0<strong>Confederaciones Rurales Argentinas\u00a0<\/strong>(CRA),\u00a0<strong>Federaci\u00f3n de Asociaciones Rurales de Entre R\u00edos<\/strong>\u00a0(FARER) y\u00a0<strong>Sociedad Rural Gualeguaych\u00fa<\/strong>\u00a0(SRG), cont\u00f3 con el apoyo del<strong>\u00a0Instituto de la Promoci\u00f3n de la Carne Vacuna Argentina\u00a0<\/strong>(IPCVA).<\/p>\n\n\n\n<p>Asimismo, el primer d\u00eda estuvo marcado por dos sesiones que disertaron sobre \u201cEl agro y su aporte a la acci\u00f3n clim\u00e1tica. Potenciales y desaf\u00edos\u201d; y \u201c\u00bfC\u00f3mo enfrentar los desaf\u00edos de un potencial proteccionismo ambiental?\u201d<em>.<\/em><\/p>\n\n\n\n<figure class=\"wp-block-image\"><img decoding=\"async\" src=\"https:\/\/tn.com.ar\/resizer\/EfdDtlKeAd5izDUyAxmMoyvt6V8=\/767x0\/smart\/filters:format(webp)\/cloudfront-us-east-1.images.arcpublishing.com\/artear\/WXDKAORUSFHTNNDC5DUZILW5W4.jpeg\" alt=\"Fernando Vilella, secretario de Bioeconom\u00eda. (Foto: CRA).\"\/><figcaption class=\"wp-element-caption\">Fernando Vilella, secretario de Bioeconom\u00eda. (Foto: CRA).<\/figcaption><\/figure>\n\n\n\n<p>Con la participaci\u00f3n de expertos como<strong>&nbsp;Pedro Juan Caballero<\/strong>&nbsp;(IPTA &#8211; Paraguay),<strong>&nbsp;Jos\u00e9 Paruelo&nbsp;<\/strong>(INIA &#8211; Uruguay) y&nbsp;<strong>Mauricio \u00c1lvarez&nbsp;<\/strong>(INTA &#8211; Argentina), se debati\u00f3 sobre los desaf\u00edos y oportunidades para el agro en la mitigaci\u00f3n del cambio clim\u00e1tico y la protecci\u00f3n del medio ambiente.<\/p>\n\n\n\n<p>En el segundo turno se sumaron,\u00a0<strong>Fernando Camargo<\/strong>\u00a0(IICA en Argentina &#8211; Brasil);\u00a0<strong>Marcos Medina<\/strong>\u00a0(Miembro de la Comisi\u00f3n de Asuntos Internacionales ARP &#8211; Paraguay);\u00a0<strong>Agust\u00edn Tejeda Rodr\u00edguez<\/strong>\u00a0(Subsecretario de Mercados Agroalimentarios e inserci\u00f3n Internacional, secretar\u00eda de Bioeconom\u00eda);\u00a0<strong>Guillermo Bernaudo<\/strong>\u00a0(Ministro de Desarrollo Econ\u00f3mico de la Provincia de Entre R\u00edos) y\u00a0<strong>Fernando Vilella<\/strong>\u00a0(secretario de Bioeconom\u00eda y presidente Consejo Agropecuario del Sur &#8211; CAS).<\/p>\n\n\n\n<p>En la segunda jornada, bajo el t\u00edtulo \u201cLos productores y las buenas pr\u00e1cticas agr\u00edcolas ganaderas. El pago de servicios ecosist\u00e9micos: \u00bfEl mercado de carbono es parte de la soluci\u00f3n? tendencias, realidades y oportunidades\u201d, expertos como&nbsp;<strong>Andr\u00e9s Costamagna<\/strong>&nbsp;de la Sociedad Rural Argentina,&nbsp;<strong>Gonzalo Beco\u00f1a<\/strong>&nbsp;del INIA Uruguay, y<strong>&nbsp;Ernesto Messina<\/strong>&nbsp;de la Comisi\u00f3n de Ambiente y Ganader\u00eda de la CRA en Argentina, compartieron sus an\u00e1lisis y perspectivas sobre estos temas cruciales para el sector.<\/p>\n\n\n\n<p>Adem\u00e1s, el evento culmin\u00f3 con una sesi\u00f3n titulada \u201cExperiencia y visi\u00f3n de los productores frente a la seguridad alimentaria y la sostenibilidad\u201d, donde&nbsp;<strong>Jos\u00e9 L. Farah Paz<\/strong>&nbsp;de Bolivia,&nbsp;<strong>Marcos Medina<\/strong>&nbsp;de Paraguay,&nbsp;<strong>Rafael Normey<\/strong>&nbsp;de Uruguay y&nbsp;<strong>Javier Rotondo&nbsp;<\/strong>de Argentina, compartieron sus experiencias y reflexiones sobre estos temas fundamentales para el futuro del agro en la regi\u00f3n.<\/p>\n\n\n\n<figure class=\"wp-block-image\"><img decoding=\"async\" src=\"https:\/\/tn.com.ar\/resizer\/gmEecclOJW9FaJXoSDD7euum4Ag=\/767x0\/smart\/filters:format(webp)\/cloudfront-us-east-1.images.arcpublishing.com\/artear\/Y36OD3Y5HVDDTONNEWVICZ5BWY.jpeg\" alt=\"Con un muy buen marco de p\u00fablico, se realiz\u00f3 en Gualeguaych\u00fa el Simposio Internacional de la Federaci\u00f3n de Asociaciones Rurales del Mercosur. (Foto: CRA).\"\/><figcaption class=\"wp-element-caption\">Con un muy buen marco de p\u00fablico, se realiz\u00f3 en Gualeguaych\u00fa el Simposio Internacional de la Federaci\u00f3n de Asociaciones Rurales del Mercosur. (Foto: CRA).<\/figcaption><\/figure>\n\n\n\n<p>La jornada de inicio tuvo a&nbsp;<strong>Carlos Castagnani<\/strong>&nbsp;(presidente de Confederaciones Rurales Argentinas),&nbsp;<strong>Mauricio Davico<\/strong>&nbsp;(intendente de Gualeguaych\u00fa),&nbsp;<strong>Rogelio Frigerio<\/strong>&nbsp;(Gobernador de Entre R\u00edos) y&nbsp;<strong>Fernando Mattos<\/strong>&nbsp;(ministro de Agricultura y Ganader\u00eda &#8211; Uruguay), quienes destacaron la importancia del simposio para abordar los desaf\u00edos y oportunidades del agro en la regi\u00f3n del Mercosur.<\/p>\n\n\n\n<p>Por su parte, Castagnani resalt\u00f3 la importancia de estas jornadas \u201ccomo espacios de debate y reflexi\u00f3n sobre el verdadero rol del campo en la protecci\u00f3n del medio ambiente\u201d. Destac\u00f3&nbsp;<strong>\u201cel compromiso del sector agropecuario en equilibrar eficiencia productiva y cuidado ambiental<\/strong>\u201d, subrayando la \u201cnecesidad de reconocer fiscal y econ\u00f3micamente el esfuerzo de los productores en esta tarea\u201d.<\/p>\n\n\n\n<p>A su vez, Villela expres\u00f3 que \u201cestamos trascurriendo un momento donde el tema ambiental est\u00e1 presente. Tenemos claridad que muchas de las acciones que se realizan tienen impacto sobre el ambiente y eso hay que corregirlo. Pero tambi\u00e9n sabemos que&nbsp;<strong>el sistema productivo argentino es uno de los m\u00e1s sostenibles en el mundo&nbsp;<\/strong>y hay evidencias parciales que los demuestran y lo mostramos y explicamos cada vez que nos toca hablar de estos temas\u201d.<\/p>\n\n\n\n<p>Adem\u00e1s, afirm\u00f3 que \u201cde otro lado aparecen demandas que pueden ser caracterizadas como paraarancelarias pero son&nbsp;<strong>reclamos de los consumidores<\/strong>. Y ac\u00e1 se puede intentar tener raz\u00f3n o vender. Tenemos muchos puntos de discusi\u00f3n con ciertos puntos que no est\u00e1n sujetos a ciencia. Pero si nos detenemos en eso no podr\u00edamos haber enviado la primera partida libre de deforestaci\u00f3n y no podr\u00edamos vender nada desde el 1\u00b0 de enero de 2025\u2033.<\/p>\n\n\n\n<figure class=\"wp-block-image\"><img decoding=\"async\" src=\"https:\/\/tn.com.ar\/resizer\/jwOKJXBPSMPGUf_mVejMWKuAh18=\/767x0\/smart\/filters:format(webp)\/cloudfront-us-east-1.images.arcpublishing.com\/artear\/JIKSCQK2YZCEPNROSYTUV7IOEM.jpeg\" alt=\"Durante el encuentro, acordaron la exportaci\u00f3n de carne de cerdo argentina a Uruguay, valorada en US$ 2.500 por tonelada. (Foto: CRA).\"\/><figcaption class=\"wp-element-caption\">Durante el encuentro, acordaron la exportaci\u00f3n de carne de cerdo argentina a Uruguay, valorada en US$ 2.500 por tonelada. (Foto: CRA).<\/figcaption><\/figure>\n\n\n\n<p>En este escenario, Mattos expres\u00f3 que \u201cempezamos a enfrentar un desaf\u00edo enorme desde el punto de vista de las concepciones generales que rigen el comercio. El hecho de que&nbsp;<strong>la Organizaci\u00f3n Mundial de Comercio est\u00e9 perdiendo peso relativo en el dictado de las reglas del comercio internacional<\/strong>&nbsp;d\u00e1ndole lugar al protagonismo de los aspectos ambientales nos exponen a un lugar de enorme riesgo\u201d.<\/p>\n\n\n\n<p>Y agreg\u00f3: \u201cNo es que el proteccionismo sea una cosa de hoy. Ya llevamos m\u00e1s de 30 a\u00f1os con barreras sanitarias, m\u00e1ximos de residuos, tratados de biodiversidad, todas reglas que van restringiendo nuestra potencialidad productiva.&nbsp;<strong>El problema se agrava hoy porque quieren imponer normas que no est\u00e1n respaldadas por la ciencia.&nbsp;<\/strong>As\u00ed, en el aspecto clim\u00e1tico somos tomadores de normas que impone el mundo central\u201d.<\/p>\n\n\n\n<p>Por otro lado, el gobernador de Entre R\u00edos,&nbsp;<strong>Frigerio<\/strong>&nbsp;destac\u00f3: \u201c<strong>Somos un gobierno que ha estado siempre del lado del campo<\/strong>, siempre hemos sido socios y hemos entendido qu\u00e9 es lo que necesita el campo del Estado. El campo es nuestro sector m\u00e1s competitivo y, adem\u00e1s, uno de los m\u00e1s competitivos del mundo\u201d.<\/p>\n\n\n\n<p>En el cierre del evento, el vicepresidente de CRA,&nbsp;<strong>Jos\u00e9 Colombatto<\/strong>, expres\u00f3 la satisfacci\u00f3n por haber contribuido con argumentos claros sobre la producci\u00f3n agropecuaria y su compromiso con el medio ambiente. Hizo hincapi\u00e9 en la responsabilidad de los productores y se\u00f1al\u00f3 que, aunque las demandas a veces est\u00e9n te\u00f1idas de hipocres\u00eda,&nbsp;<strong>\u201cel sector est\u00e1 preparado para cumplir con los est\u00e1ndares internacionales\u201d.<\/strong><\/p>\n","protected":false},"excerpt":{"rendered":"<p>En Gualeguaych\u00fa se reunieron expertos y l\u00edderes del sector agr\u00edcola de los dos pa\u00edses involucrados y tambi\u00e9n de Brasil, Paraguay, Bolivia y Chile. Abordaron los desaf\u00edos de la sostenibilidad en&hellip; <\/p>\n","protected":false},"author":6,"featured_media":148654,"comment_status":"closed","ping_status":"open","sticky":false,"template":"","format":"standard","meta":{"footnotes":""},"categories":[20],"tags":[],"class_list":["post-148653","post","type-post","status-publish","format-standard","has-post-thumbnail","hentry","category-economia"],"_links":{"self":[{"href":"https:\/\/corrientesdetarde.com\/index.php\/wp-json\/wp\/v2\/posts\/148653","targetHints":{"allow":["GET"]}}],"collection":[{"href":"https:\/\/corrientesdetarde.com\/index.php\/wp-json\/wp\/v2\/posts"}],"about":[{"href":"https:\/\/corrientesdetarde.com\/index.php\/wp-json\/wp\/v2\/types\/post"}],"author":[{"embeddable":true,"href":"https:\/\/corrientesdetarde.com\/index.php\/wp-json\/wp\/v2\/users\/6"}],"replies":[{"embeddable":true,"href":"https:\/\/corrientesdetarde.com\/index.php\/wp-json\/wp\/v2\/comments?post=148653"}],"version-history":[{"count":1,"href":"https:\/\/corrientesdetarde.com\/index.php\/wp-json\/wp\/v2\/posts\/148653\/revisions"}],"predecessor-version":[{"id":148655,"href":"https:\/\/corrientesdetarde.com\/index.php\/wp-json\/wp\/v2\/posts\/148653\/revisions\/148655"}],"wp:featuredmedia":[{"embeddable":true,"href":"https:\/\/corrientesdetarde.com\/index.php\/wp-json\/wp\/v2\/media\/148654"}],"wp:attachment":[{"href":"https:\/\/corrientesdetarde.com\/index.php\/wp-json\/wp\/v2\/media?parent=148653"}],"wp:term":[{"taxonomy":"category","embeddable":true,"href":"https:\/\/corrientesdetarde.com\/index.php\/wp-json\/wp\/v2\/categories?post=148653"},{"taxonomy":"post_tag","embeddable":true,"href":"https:\/\/corrientesdetarde.com\/index.php\/wp-json\/wp\/v2\/tags?post=148653"}],"curies":[{"name":"wp","href":"https:\/\/api.w.org\/{rel}","templated":true}]}}