{"id":148661,"date":"2024-05-19T22:05:10","date_gmt":"2024-05-20T01:05:10","guid":{"rendered":"https:\/\/corrientesdetarde.com\/?p=148661"},"modified":"2024-05-19T22:08:17","modified_gmt":"2024-05-20T01:08:17","slug":"ferias-de-la-ciudad-mira-donde-encontrarlas-esta-semana-2","status":"publish","type":"post","link":"https:\/\/corrientesdetarde.com\/index.php\/locales\/ferias-de-la-ciudad-mira-donde-encontrarlas-esta-semana-2\/","title":{"rendered":"Ferias de la Ciudad: mir\u00e1 d\u00f3nde encontrarlas esta semana."},"content":{"rendered":"\n<h2 class=\"wp-block-heading\">Los feriantes de frutas, verduras, panificados caseros, dulces regionales, artesan\u00edas y plantas ornamentales estar\u00e1n ofreciendo sus productos de lunes a viernes, de 8 a 13, en distintas plazas y espacios verdes de la ciudad. El s\u00e1bado y domingo, de 8 a 22, se trasladar\u00e1n al parque Mitre y al Paseo Arazaty.<\/h2>\n\n\n\n<p>La Municipalidad de Corrientes dio conocer la nueva programaci\u00f3n semanal de las Ferias de la Ciudad durante la cuarta semana del mes de mayo. La propuesta recorre distintos puntos de la ciudad, todos los d\u00edas, con productos de calidad y a precios accesibles, en el marco de una acci\u00f3n coordinada por la Secretar\u00eda de Desarrollo Econ\u00f3mico municipal, a trav\u00e9s de la Subsecretar\u00eda de Econom\u00eda Social.<\/p>\n\n\n\n<p>El recorrido de la semana entrante comenzar\u00e1 el lunes 20 en la plaza Rep\u00fablica del Per\u00fa del barrio Mil Viviendas (Patagonia y La Paz) y en la plazoleta Los Inmigrantes (Sarmiento y Ac. Correa) del barrio Ber\u00f3n de Astrada.<\/p>\n\n\n\n<p>El martes 21, de 8 a 13, los puestos estar\u00e1n en la plaza Torrent (San Lorenzo y Bol\u00edvar) del barrio Centro, y en la plazoleta Los Amigos (por calle Brasil, frente a la Escuela 6) del barrio Libertad. Y en el mismo horario, el mi\u00e9rcoles 22, desembarcar\u00e1n nuevamente en la plaza Torrent.<\/p>\n\n\n\n<p>En tanto que el jueves 23, los puesteros se ubicar\u00e1n en plaza La Cruz (Salta y Belgrano) en el barrio del mismo nombre.<\/p>\n\n\n\n<p>Entre tanto, los feriantes llegar\u00e1n el viernes 24 al barrio Mil Viviendas (plaza Rep\u00fablica del Per\u00fa, de Patagonia y La Paz); al barrio Ber\u00f3n de Astrada (plazoleta Los Inmigrantes, en Correa Fern\u00e1ndez y Sarmiento); y al barrio Laguna Seca (en el espacio p\u00fablico ubicado frente al colegio secundario Arturo Illia, Larrea 3400).<\/p>\n\n\n\n<p>El recorrido continuar\u00e1 el s\u00e1bado 25, de 8 a 13, por la calle Pil\u00fa G\u00f3mez y Jos\u00e9 Rol\u00f3n, en el parque Mitre, mientras que en el Paseo Arazaty estar\u00e1n de 10 a 22.<\/p>\n\n\n\n<p>El cierre de la semana ser\u00e1 el domingo 26, en el horario extendido de 10 a 20, en el Paseo Arazaty. All\u00ed los puesteros ofrecer\u00e1n plantas ornamentales, ofertas gastron\u00f3micas, artesan\u00edas y manualidades.<\/p>\n\n\n\n<p><strong>CRONOGRAMA<\/strong><\/p>\n\n\n\n<p>Lunes 20 de mayo: plaza Rep\u00fablica del Per\u00fa (Mil Viviendas) y plazoleta Los Inmigrantes (Ber\u00f3n de Astrada).<\/p>\n\n\n\n<p>Martes 21 de mayo: plaza Torrent (barrio Centro) y plazoleta Los Amigos (barrio Libertad)<\/p>\n\n\n\n<p>Mi\u00e9rcoles 22 de mayo: plaza Torrent (barrio Centro)<\/p>\n\n\n\n<p>Jueves 23 de mayo: plaza La Cruz (barrio La Cruz)<\/p>\n\n\n\n<p>Viernes 24 de mayo: plaza Rep\u00fablica del Per\u00fa (barrio Mil Viviendas), plazoleta Los Inmigrantes (barrio Ber\u00f3n de Astrada); y frente al Colegio Arturo Illia (barrio San Ger\u00f3nimo).<\/p>\n\n\n\n<p>S\u00e1bado 25 de mayo: parque Mitre y Paseo Arazaty<\/p>\n\n\n\n<p>Domingo 26 de mayo: Paseo Arazaty<\/p>\n","protected":false},"excerpt":{"rendered":"<p>Los feriantes de frutas, verduras, panificados caseros, dulces regionales, artesan\u00edas y plantas ornamentales estar\u00e1n ofreciendo sus productos de lunes a viernes, de 8 a 13, en distintas plazas y espacios&hellip; <\/p>\n","protected":false},"author":6,"featured_media":148667,"comment_status":"closed","ping_status":"open","sticky":false,"template":"","format":"standard","meta":{"footnotes":""},"categories":[8],"tags":[],"class_list":["post-148661","post","type-post","status-publish","format-standard","has-post-thumbnail","hentry","category-locales"],"_links":{"self":[{"href":"https:\/\/corrientesdetarde.com\/index.php\/wp-json\/wp\/v2\/posts\/148661","targetHints":{"allow":["GET"]}}],"collection":[{"href":"https:\/\/corrientesdetarde.com\/index.php\/wp-json\/wp\/v2\/posts"}],"about":[{"href":"https:\/\/corrientesdetarde.com\/index.php\/wp-json\/wp\/v2\/types\/post"}],"author":[{"embeddable":true,"href":"https:\/\/corrientesdetarde.com\/index.php\/wp-json\/wp\/v2\/users\/6"}],"replies":[{"embeddable":true,"href":"https:\/\/corrientesdetarde.com\/index.php\/wp-json\/wp\/v2\/comments?post=148661"}],"version-history":[{"count":1,"href":"https:\/\/corrientesdetarde.com\/index.php\/wp-json\/wp\/v2\/posts\/148661\/revisions"}],"predecessor-version":[{"id":148664,"href":"https:\/\/corrientesdetarde.com\/index.php\/wp-json\/wp\/v2\/posts\/148661\/revisions\/148664"}],"wp:featuredmedia":[{"embeddable":true,"href":"https:\/\/corrientesdetarde.com\/index.php\/wp-json\/wp\/v2\/media\/148667"}],"wp:attachment":[{"href":"https:\/\/corrientesdetarde.com\/index.php\/wp-json\/wp\/v2\/media?parent=148661"}],"wp:term":[{"taxonomy":"category","embeddable":true,"href":"https:\/\/corrientesdetarde.com\/index.php\/wp-json\/wp\/v2\/categories?post=148661"},{"taxonomy":"post_tag","embeddable":true,"href":"https:\/\/corrientesdetarde.com\/index.php\/wp-json\/wp\/v2\/tags?post=148661"}],"curies":[{"name":"wp","href":"https:\/\/api.w.org\/{rel}","templated":true}]}}