{"id":148671,"date":"2024-05-19T22:16:46","date_gmt":"2024-05-20T01:16:46","guid":{"rendered":"https:\/\/corrientesdetarde.com\/?p=148671"},"modified":"2024-05-19T22:16:58","modified_gmt":"2024-05-20T01:16:58","slug":"francos-hablo-sobre-el-conflicto-de-milei-en-espana","status":"publish","type":"post","link":"https:\/\/corrientesdetarde.com\/index.php\/politica\/francos-hablo-sobre-el-conflicto-de-milei-en-espana\/","title":{"rendered":"Francos habl\u00f3 sobre el conflicto de Milei en Espa\u00f1a."},"content":{"rendered":"\n<h2 class=\"wp-block-heading\">El ministro del Interior se refiri\u00f3 a los fuertes cruces que tuvo el Presidente con Pedro S\u00e1nchez y que deriv\u00f3 en una exigencia de pedido de perd\u00f3n de parte del mandatario europeo.<\/h2>\n\n\n\n<p><strong>Guillermo Francos\u00a0neg\u00f3<\/strong>\u00a0este domingo\u00a0<strong>que haya \u201cuna crisis con Espa\u00f1a\u201d<\/strong>, y asegur\u00f3 que \u201cno le corresponde\u201d al gobierno argentino pedir disculpas por las\u00a0<strong>declaraciones de Javier Milei\u00a0<\/strong>en la cumbre de VOX, donde\u00a0tild\u00f3 de\u00a0<strong>\u201ccorrupta\u201d a la esposa del presidente Pedro S\u00e1nchez<\/strong>.<\/p>\n\n\n\n<p>\u201c<strong>No creo que haya una crisis con Espa\u00f1a<\/strong>, en todo caso hay una discusi\u00f3n con el Presidente. Recuerdo la campa\u00f1a electoral cuando S\u00e1nchez le dedic\u00f3 un spot a Sergio Massa. No s\u00e9 por qu\u00e9 se queja ahora. Parece que\u00a0<strong>est\u00e1 molesto\u00a0<\/strong>porque Milei fue a un acto p\u00fablico invitado por un partido pol\u00edtico opositor\u201d, sostuvo el ministro del Interior.<\/p>\n\n\n\n<p>\u201cNo s\u00e9 si habr\u00e1 un&nbsp;<em>racconto<\/em>&nbsp;de declaraciones contra Milei, pero hace menos de un mes,&nbsp;<strong>el ministro de Transporte lo acus\u00f3 en un acto p\u00fablico de consumir sustancias<\/strong>. Sin ir m\u00e1s lejos, la ministra de Ciencia e Innovaci\u00f3n dijo que Milei es un ejemplo de negacionismo que atenta contra la propia democracia, es decir, lo tild\u00f3 de antidemocr\u00e1tico. En diciembre, la ministra de Trabajo dijo Milei volv\u00eda con el recorte y el autoritarismo\u201d, detall\u00f3.<\/p>\n\n\n\n<p>En ese sentido, sostuvo que\u00a0<strong>\u201clas agresiones vinieron del gobierno de Pedro S\u00e1nchez\u201d<\/strong>, y aclar\u00f3 que Milei \u201cno hizo menci\u00f3n\u201d a ning\u00fan nombre del Gabinete espa\u00f1ol en su discurso. \u201cNo s\u00e9 por qu\u00e9 tanta ofensa.\u00a0<strong>No siento que deba que pedir disculpas.\u00a0No corresponde\u201d<\/strong>.<\/p>\n\n\n\n<figure class=\"wp-block-image\"><img decoding=\"async\" src=\"https:\/\/tn.com.ar\/resizer\/MZi_cJMHcem33WuauMZ52Svyr5w=\/767x0\/smart\/filters:format(webp)\/cloudfront-us-east-1.images.arcpublishing.com\/artear\/LIBUDVEYMJG3JPVXDQP7FEZYAY.jpg\" alt=\"El gobierno espa\u00f1ol pidi\u00f3 que Javier Milei se disculpe p\u00fablicamente por los dichos en contra del presidente Pedro S\u00e1nchez. (Foto: NA-EFE)\"\/><figcaption class=\"wp-element-caption\">El gobierno espa\u00f1ol pidi\u00f3 que Javier Milei se disculpe p\u00fablicamente por los dichos en contra del presidente Pedro S\u00e1nchez. (Foto: NA-EFE)<\/figcaption><\/figure>\n\n\n\n<p>Consultado sobre el llamado a consultas que anunci\u00f3 el canciller Jos\u00e9 Manuel Albares y la intenci\u00f3n de retirar a la embajadora de Espa\u00f1a en nuestro pa\u00eds, Francos explic\u00f3: \u201cNo s\u00e9 si el Gobierno espa\u00f1ol deber\u00eda interrumpir sus relaciones diplom\u00e1ticas con la Argentina, no tienen ning\u00fan sentido. En todo caso,&nbsp;<strong>se trata de un cruce entre dos presidentes que tienen simpat\u00eda<\/strong>\u201d.<\/p>\n\n\n\n<h2 class=\"wp-block-heading\">Duras cr\u00edticas de la oposici\u00f3n tras los dichos de Javier Milei que generaron tensi\u00f3n con Espa\u00f1a<\/h2>\n\n\n\n<p>Los diputados socialistas santafesinos&nbsp;<strong>Esteban Paul\u00f3n y M\u00f3nica Fein<\/strong>&nbsp;pidieron<strong>&nbsp;citar a<\/strong>&nbsp;la canciller argentina,&nbsp;<strong>Diana Mondino,<\/strong>&nbsp;para que&nbsp;<strong>d\u00e9 explicaciones ante la C\u00e1mara de Diputados<\/strong>&nbsp;sobre el<strong>&nbsp;estado actual del v\u00ednculo diplom\u00e1tico con Espa\u00f1a.<\/strong><\/p>\n\n\n\n<p>\u201cPreocupan la<strong>&nbsp;suspensi\u00f3n virtual de relaciones diplom\u00e1ticas con Espa\u00f1a<\/strong>, el viaje personal con fondos p\u00fablicos del Secretario de Culto a VOX y las declaraciones xen\u00f3fobas de Mondino\u201d, plante\u00f3 Paul\u00f3n al presentar el escrito.<\/p>\n\n\n\n<p>Tambi\u00e9n la Uni\u00f3n C\u00edvica Radical (<strong>UCR<\/strong>) cuestion\u00f3 los dichos del Presidente y plante\u00f3 que \u201cla Argentina debe tener una<strong>\u00a0pol\u00edtica exterior madura, responsable,<\/strong>\u00a0acorde a nuestra\u00a0<strong>historia\u00a0<\/strong>e\u00a0<strong>intereses<\/strong>\u00a0nacionales y no un mero\u00a0<strong>capricho ideol\u00f3gico personal<\/strong>\u201d.<\/p>\n\n\n\n<figure class=\"wp-block-image\"><img decoding=\"async\" src=\"https:\/\/tn.com.ar\/resizer\/bC35lCnKUxPGrT1tT1CpC6oBdA4=\/767x0\/smart\/filters:format(webp)\/cloudfront-us-east-1.images.arcpublishing.com\/artear\/C3CATTUPARAZBAXBER5I2EMDHM.jfif\" alt=\"La UCR pidi\u00f3 al Gobierno tener &quot;una pol\u00edtica exterior madura y responsable&quot;. (Foto: X @UCRNacional)\"\/><figcaption class=\"wp-element-caption\">La UCR pidi\u00f3 al Gobierno tener &#8220;una pol\u00edtica exterior madura y responsable&#8221;. (Foto: X @UCRNacional)<\/figcaption><\/figure>\n\n\n\n<p>En tanto que el expresidente&nbsp;<strong>Alberto Fern\u00e1ndez<\/strong>&nbsp;record\u00f3 que desde el regreso de la democracia, todos los mandatarios mantuvieron un buen v\u00ednculo con Espa\u00f1a, y dijo que los dichos de Milei \u201csolo podr\u00edan explicarse por un&nbsp;<strong>desequilibrio emocional,<\/strong>&nbsp;(que la psiquiatr\u00eda ya deber\u00eda analizar) y que se evidencia con su constante violencia verbal\u201d.<\/p>\n\n\n\n<p>En medio de su gira internacional, Milei critic\u00f3 fuertemente a su par espa\u00f1ol y a su esposa, Bego\u00f1a G\u00f3mez. \u201cLas \u00e9lites globales no se dan cuenta de lo destructivo que puede llegar a ser implementar las ideas del socialismo, porque lo tienen demasiado lejos. No saben qu\u00e9 tipo de sociedad y pa\u00eds puede producir el socialismo y qu\u00e9 cala\u00f1a de gente atornillada en el poder y qu\u00e9 niveles de abuso puede llegar a generar.&nbsp;<strong>A\u00fan cuando tenga la mujer corrupta, se ensucia y se tome cinco d\u00edas para pensarlo\u201d,<\/strong>&nbsp;manifest\u00f3.<\/p>\n\n\n\n<p>Tras sus dichos,<strong>&nbsp;el Gobierno espa\u00f1ol<\/strong>&nbsp;-a trav\u00e9s de una conferencia que brind\u00f3 el ministro de Asuntos Exteriores, Jos\u00e9 Manuel Albares- le&nbsp;<strong>exigi\u00f3 a Milei que se disculpe y llam\u00f3 a consulta<\/strong>&nbsp;\u201csine die\u201d<strong>&nbsp;a su embajadora en Buenos Aires.<\/strong><\/p>\n\n\n\n<p><\/p>\n","protected":false},"excerpt":{"rendered":"<p>El ministro del Interior se refiri\u00f3 a los fuertes cruces que tuvo el Presidente con Pedro S\u00e1nchez y que deriv\u00f3 en una exigencia de pedido de perd\u00f3n de parte del&hellip; <\/p>\n","protected":false},"author":6,"featured_media":148673,"comment_status":"closed","ping_status":"open","sticky":false,"template":"","format":"standard","meta":{"footnotes":""},"categories":[3],"tags":[],"class_list":["post-148671","post","type-post","status-publish","format-standard","has-post-thumbnail","hentry","category-politica"],"_links":{"self":[{"href":"https:\/\/corrientesdetarde.com\/index.php\/wp-json\/wp\/v2\/posts\/148671","targetHints":{"allow":["GET"]}}],"collection":[{"href":"https:\/\/corrientesdetarde.com\/index.php\/wp-json\/wp\/v2\/posts"}],"about":[{"href":"https:\/\/corrientesdetarde.com\/index.php\/wp-json\/wp\/v2\/types\/post"}],"author":[{"embeddable":true,"href":"https:\/\/corrientesdetarde.com\/index.php\/wp-json\/wp\/v2\/users\/6"}],"replies":[{"embeddable":true,"href":"https:\/\/corrientesdetarde.com\/index.php\/wp-json\/wp\/v2\/comments?post=148671"}],"version-history":[{"count":1,"href":"https:\/\/corrientesdetarde.com\/index.php\/wp-json\/wp\/v2\/posts\/148671\/revisions"}],"predecessor-version":[{"id":148675,"href":"https:\/\/corrientesdetarde.com\/index.php\/wp-json\/wp\/v2\/posts\/148671\/revisions\/148675"}],"wp:featuredmedia":[{"embeddable":true,"href":"https:\/\/corrientesdetarde.com\/index.php\/wp-json\/wp\/v2\/media\/148673"}],"wp:attachment":[{"href":"https:\/\/corrientesdetarde.com\/index.php\/wp-json\/wp\/v2\/media?parent=148671"}],"wp:term":[{"taxonomy":"category","embeddable":true,"href":"https:\/\/corrientesdetarde.com\/index.php\/wp-json\/wp\/v2\/categories?post=148671"},{"taxonomy":"post_tag","embeddable":true,"href":"https:\/\/corrientesdetarde.com\/index.php\/wp-json\/wp\/v2\/tags?post=148671"}],"curies":[{"name":"wp","href":"https:\/\/api.w.org\/{rel}","templated":true}]}}