{"id":148682,"date":"2024-05-20T08:46:53","date_gmt":"2024-05-20T11:46:53","guid":{"rendered":"https:\/\/corrientesdetarde.com\/?p=148682"},"modified":"2024-05-20T08:46:56","modified_gmt":"2024-05-20T11:46:56","slug":"el-peronismo-local-se-organiza-en-contra-de-la-ley-de-bases-de-milei","status":"publish","type":"post","link":"https:\/\/corrientesdetarde.com\/index.php\/politica\/el-peronismo-local-se-organiza-en-contra-de-la-ley-de-bases-de-milei\/","title":{"rendered":"El peronismo local se organiza en contra de la Ley de Bases de Milei"},"content":{"rendered":"\n<p>Mientras se debate en el plenario conjunto de comisiones del Senado el proyecto de Ley de Bases, que ya tiene media sanci\u00f3n de la C\u00e1mara de Diputados, el peronismo jurisdiccional env\u00eda se\u00f1ales con pronunciamientos en contra de la normativa. Tanto el justicialismo de Capital como del interior manifest\u00f3 su contrariedad a la iniciativa en medio de su organizaci\u00f3n para las internas.<\/p>\n\n\n\n<p>Los peronistas del centro-sur de la provincia de Corrientes se convocaron este fin de semana en la ciudad de Curuz\u00fa Cuati\u00e1 para analizar la situaci\u00f3n institucional, as\u00ed como la coyuntura de la provincia y el pa\u00eds. All\u00ed rechazaron la Ley de Bases que impulsa el Gobierno de Javier Milei. La semana pasada hicieron lo propio los militantes de la capital provincial.<\/p>\n\n\n\n<p>Son claras se\u00f1ales sobre el peronista Carlos Mauricio &#8220;Camau&#8221; Esp\u00ednola, a quien adjudican un doble juego de apoyar la iniciativa en general, de acuerdo con lo que se analiza en el bloque de Unidad Federal, o bien romper con el justicialismo correntino con una carrera electoral por la gobernaci\u00f3n en el horizonte. Es que en 2025 se elegir\u00e1n cargos ejecutivos en la provincia y hay varios anotados entre los postulantes.<\/p>\n\n\n\n<p>A la ciudad de Curuz\u00fa Cuati\u00e1, arribaron dirigentes de Mercedes, Libres, Sauce, Bonpland, Monte Caseros, Goya, San Roque, Paso de la Patria, Mantilla, Virasoro, Capital, Esquina, Yofre, Bella Vista, Mocoret\u00e1, Cazadores Correntinos, Perugorr\u00eda, Cruz de los Milagros, Tapebicu\u00e1, Lavalle e Ituzaing\u00f3, con el fin de analizar la realidad provincial y nacional.<\/p>\n\n\n\n<p>Uno a uno los dirigentes dieron un diagn\u00f3stico de la situaci\u00f3n pol\u00edtica, social y partidaria de cada una de sus localidades, aportando visiones diversas de la realidad provincial. Tambi\u00e9n apuntaron contra las medidas del Gobierno nacional.<\/p>\n\n\n\n<p>Como producto del encuentro, los dirigentes pol\u00edticos, sindicales y sociales, consensuaron un documento titulado: &#8220;Construiremos un proyecto Justicialista para poner de pie a Corrientes&#8221;. All\u00ed criticaron duramente a Naci\u00f3n ya que ratificaron su &#8220;voluntad inquebrantable de unidad partidaria y organizaci\u00f3n para resistir democr\u00e1ticamente las pol\u00edticas de hambre, desempleo, pobreza, quita de derechos, desguace del Estado; remate de nuestros recursos naturales y privatizaci\u00f3n de los sectores estrat\u00e9gicos de Argentina. No permitiremos que conviertan a nuestra patria en una colonia&#8221;.<\/p>\n\n\n\n<p>Adem\u00e1s, expresaron que siguen los lineamientos del Partido Justicialista Nacional por el rechazo de la Ley de Bases y el DNU N\u00b070. As\u00ed, encomendaron a los legisladores nacionales, especialmente al senador nacional Carlos Esp\u00ednola, provinciales y municipales, que fueron electos por los frentes que integr\u00f3 el Partido Justicialista en la provincia de Corrientes, que &#8220;voten en contra &#8211; rechacen -, la \u0091Ley de Bases\u0092, el \u0091DNU N\u00b070\u0092 y toda medida que afecte al Pueblo&#8221;.<\/p>\n\n\n\n<p>Una posici\u00f3n similar expusieron los militantes de Capital, d\u00edas atr\u00e1s. A trav\u00e9s del documento &#8220;Unidad y Organizaci\u00f3n del Justicialismo de la Ciudad de Corrientes&#8221;, dieron un fuerte mensaje a los legisladores nacionales para que rechacen la ley y que acompa\u00f1en proyectos de visibilizaci\u00f3n de sectores vulnerables.<\/p>\n\n\n\n<p>A su vez, se\u00f1alaron la necesidad de &#8220;consensuar acciones pol\u00edticas tendientes a la defensa de derechos para construir un proyecto de desarrollo con inclusi\u00f3n para los vecinos y vecinas de la Capital&#8221;, de acuerdo con lo expresado.<\/p>\n\n\n\n<p>Respecto a las internas partidarias de este encuentro peronista se remarc\u00f3 el &#8220;acompa\u00f1amiento a la normalizaci\u00f3n del Partido Justicialista como la tarea necesaria para ser una verdadera opci\u00f3n de poder en nuestra ciudad y provincia&#8221; y bregaron para que &#8220;sea un proceso transparente, equitativo, plural e inclusivo para toda la militancia de base, de todos los barrios y comunidades de la ciudad&#8221;.<\/p>\n\n\n\n<h2 class=\"wp-block-heading\">Mart\u00edn Barrionuevo se anot\u00f3 en la carrera para la conducci\u00f3n del PJ Corrientes<\/h2>\n\n\n\n<p>El senador provincial y excandidato a vicegobernador por el PJ, Mart\u00edn Barrionuevo, manifest\u00f3 sus intenciones de ir por la conducci\u00f3n del peronismo correntino. El partido llam\u00f3 a internas para el pr\u00f3ximo 17 de noviembre, ocasi\u00f3n en la cual se elegir\u00e1n autoridades del Consejo Provincial y en las jurisdicciones.<\/p>\n\n\n\n<p>Para Barrionuevo, existe una necesidad de renovaci\u00f3n ya que el partido &#8220;tiene un rol que no est\u00e1 cumpliendo&#8221;. Por ello que manifest\u00f3 su postulaci\u00f3n. &#8220;Quiero ser el presidente del PJ de Corrientes&#8221;, afirm\u00f3 en declaraciones a radio Sudamericana. El PJ est\u00e1 intervenido desde 2019 y por primera vez ponen fecha para las internas.<\/p>\n","protected":false},"excerpt":{"rendered":"<p>Mientras se debate en el plenario conjunto de comisiones del Senado el proyecto de Ley de Bases, que ya tiene media sanci\u00f3n de la C\u00e1mara de Diputados, el peronismo jurisdiccional&hellip; <\/p>\n","protected":false},"author":12,"featured_media":148692,"comment_status":"closed","ping_status":"open","sticky":false,"template":"","format":"standard","meta":{"footnotes":""},"categories":[8,3],"tags":[],"class_list":["post-148682","post","type-post","status-publish","format-standard","has-post-thumbnail","hentry","category-locales","category-politica"],"_links":{"self":[{"href":"https:\/\/corrientesdetarde.com\/index.php\/wp-json\/wp\/v2\/posts\/148682","targetHints":{"allow":["GET"]}}],"collection":[{"href":"https:\/\/corrientesdetarde.com\/index.php\/wp-json\/wp\/v2\/posts"}],"about":[{"href":"https:\/\/corrientesdetarde.com\/index.php\/wp-json\/wp\/v2\/types\/post"}],"author":[{"embeddable":true,"href":"https:\/\/corrientesdetarde.com\/index.php\/wp-json\/wp\/v2\/users\/12"}],"replies":[{"embeddable":true,"href":"https:\/\/corrientesdetarde.com\/index.php\/wp-json\/wp\/v2\/comments?post=148682"}],"version-history":[{"count":1,"href":"https:\/\/corrientesdetarde.com\/index.php\/wp-json\/wp\/v2\/posts\/148682\/revisions"}],"predecessor-version":[{"id":148693,"href":"https:\/\/corrientesdetarde.com\/index.php\/wp-json\/wp\/v2\/posts\/148682\/revisions\/148693"}],"wp:featuredmedia":[{"embeddable":true,"href":"https:\/\/corrientesdetarde.com\/index.php\/wp-json\/wp\/v2\/media\/148692"}],"wp:attachment":[{"href":"https:\/\/corrientesdetarde.com\/index.php\/wp-json\/wp\/v2\/media?parent=148682"}],"wp:term":[{"taxonomy":"category","embeddable":true,"href":"https:\/\/corrientesdetarde.com\/index.php\/wp-json\/wp\/v2\/categories?post=148682"},{"taxonomy":"post_tag","embeddable":true,"href":"https:\/\/corrientesdetarde.com\/index.php\/wp-json\/wp\/v2\/tags?post=148682"}],"curies":[{"name":"wp","href":"https:\/\/api.w.org\/{rel}","templated":true}]}}