{"id":148699,"date":"2024-05-20T09:15:28","date_gmt":"2024-05-20T12:15:28","guid":{"rendered":"https:\/\/corrientesdetarde.com\/?p=148699"},"modified":"2024-05-20T09:15:31","modified_gmt":"2024-05-20T12:15:31","slug":"la-ucr-le-pidio-a-milei-que-la-politica-exterior-de-argentina-sea-madura-y-responsable","status":"publish","type":"post","link":"https:\/\/corrientesdetarde.com\/index.php\/politica\/la-ucr-le-pidio-a-milei-que-la-politica-exterior-de-argentina-sea-madura-y-responsable\/","title":{"rendered":"LA UCR LE PIDI\u00d3 A MILEI QUE LA POL\u00cdTICA EXTERIOR DE ARGENTINA SEA &#8220;MADURA Y RESPONSABLE&#8221;"},"content":{"rendered":"\n<p>19 de mayo de 2024<br>En medio del conflicto internacional desencadenado por Javier Milei entre la Argentina y Espa\u00f1a, la Uni\u00f3n C\u00edvica Radical (UCR) presidida por el senador Mart\u00edn Lousteau, lanz\u00f3 un fuerte comunicado en el que exigi\u00f3 al Gobierno tener una &#8220;pol\u00edtica exterior madura, responsable, acorde a nuestra historia e intereses nacionales y no un mero capricho ideol\u00f3gico personal&#8221;.En plena Milei brind\u00f3 un discurso ante conservadores espa\u00f1oles en el que calific\u00f3 a su par espa\u00f1ol Pedro S\u00e1nchez de &#8220;cala\u00f1a&#8221; y acus\u00f3 a su esposa Bego\u00f1a G\u00f3mez de &#8220;corrupta&#8221;. Despu\u00e9s de esta declaraci\u00f3n, la gesti\u00f3n espa\u00f1ola convoc\u00f3 a la embajadora en Buenos Aires para consultas.<\/p>\n\n\n\n<p>En ese sentido, la UCR hizo un repaso por los cruces de Milei con distintos pa\u00edses: &#8220;En menos de seis meses de gesti\u00f3n el presidente Milei gener\u00f3 conflictos diplom\u00e1ticos, solo en Iberoam\u00e9rica, con Brasil, Colombia, M\u00e9xico, Chile, Ecuador y en las \u00faltimas horas, una vez, m\u00e1s con Espa\u00f1a. Todos pa\u00edses que a lo largo de la historia tuvieron una fraterna relaci\u00f3n con Argentina&#8221;.<\/p>\n\n\n\n<p>A partir de esta situaci\u00f3n, la UCR pidi\u00f3 que la gesti\u00f3n libertaria tome decisiones correctas para mejorar el v\u00ednculo de la Argentina con otros pa\u00edses. &#8220;Estos conflictos no son producto de desacuerdo entre los intereses nacionales, sino producto de meros berrinches ideol\u00f3gicos del presidente&#8221;.<\/p>\n\n\n\n<p>Adem\u00e1s, advirti\u00f3 que las decisiones de Milei aumentan el riesgo de una ruptura en las relaciones internacionales: &#8220;Desde que asumi\u00f3 el presidente Milei viaja por el mundo cumpliendo con una agenda personal sin visitas del Estado y generando acciones que ponen riesgo las relaciones diplom\u00e1ticas de nuestro pa\u00eds&#8221;.Finalmente, la UCR apunt\u00f3 que &#8221; debe entender que no es m\u00e1s candidato ni el referente de un grupo ideol\u00f3gico internacional, es el presidente de todos los argentinos y debe actuar en consecuencia&#8221;<\/p>\n","protected":false},"excerpt":{"rendered":"<p>19 de mayo de 2024En medio del conflicto internacional desencadenado por Javier Milei entre la Argentina y Espa\u00f1a, la Uni\u00f3n C\u00edvica Radical (UCR) presidida por el senador Mart\u00edn Lousteau, lanz\u00f3&hellip; <\/p>\n","protected":false},"author":11,"featured_media":148700,"comment_status":"closed","ping_status":"open","sticky":false,"template":"","format":"standard","meta":{"footnotes":""},"categories":[26,3],"tags":[592,336,1907,78],"class_list":["post-148699","post","type-post","status-publish","format-standard","has-post-thumbnail","hentry","category-destacados","category-politica","tag-exterior","tag-milei","tag-politica","tag-ucr"],"_links":{"self":[{"href":"https:\/\/corrientesdetarde.com\/index.php\/wp-json\/wp\/v2\/posts\/148699","targetHints":{"allow":["GET"]}}],"collection":[{"href":"https:\/\/corrientesdetarde.com\/index.php\/wp-json\/wp\/v2\/posts"}],"about":[{"href":"https:\/\/corrientesdetarde.com\/index.php\/wp-json\/wp\/v2\/types\/post"}],"author":[{"embeddable":true,"href":"https:\/\/corrientesdetarde.com\/index.php\/wp-json\/wp\/v2\/users\/11"}],"replies":[{"embeddable":true,"href":"https:\/\/corrientesdetarde.com\/index.php\/wp-json\/wp\/v2\/comments?post=148699"}],"version-history":[{"count":2,"href":"https:\/\/corrientesdetarde.com\/index.php\/wp-json\/wp\/v2\/posts\/148699\/revisions"}],"predecessor-version":[{"id":148702,"href":"https:\/\/corrientesdetarde.com\/index.php\/wp-json\/wp\/v2\/posts\/148699\/revisions\/148702"}],"wp:featuredmedia":[{"embeddable":true,"href":"https:\/\/corrientesdetarde.com\/index.php\/wp-json\/wp\/v2\/media\/148700"}],"wp:attachment":[{"href":"https:\/\/corrientesdetarde.com\/index.php\/wp-json\/wp\/v2\/media?parent=148699"}],"wp:term":[{"taxonomy":"category","embeddable":true,"href":"https:\/\/corrientesdetarde.com\/index.php\/wp-json\/wp\/v2\/categories?post=148699"},{"taxonomy":"post_tag","embeddable":true,"href":"https:\/\/corrientesdetarde.com\/index.php\/wp-json\/wp\/v2\/tags?post=148699"}],"curies":[{"name":"wp","href":"https:\/\/api.w.org\/{rel}","templated":true}]}}