{"id":14886,"date":"2022-10-27T00:47:46","date_gmt":"2022-10-27T03:47:46","guid":{"rendered":"https:\/\/corrientesdetarde.com\/?p=14886"},"modified":"2022-10-27T00:47:50","modified_gmt":"2022-10-27T03:47:50","slug":"el-teatro-ciego-llega-a-resistencia-con-dos-funciones","status":"publish","type":"post","link":"https:\/\/corrientesdetarde.com\/index.php\/cultura\/el-teatro-ciego-llega-a-resistencia-con-dos-funciones\/","title":{"rendered":"El Teatro Ciego llega a Resistencia con dos funciones"},"content":{"rendered":"\n<p>Con la obra \u201cUn viaje a ciegas\u201d se presentar\u00e1 en Resistencia el Teatro Ciego. La funci\u00f3n ser\u00e1 el viernes 5 y s\u00e1bado 6 de noviembre a las 20:30, en Sala 88, ubicada en French 845. La propuesta plantea una nueva experiencia sensorial distinta, con sala completamente a oscuras.&nbsp;<\/p>\n\n\n\n<p>La obra plantea una experiencia teatral y musical totalmente nueva, donde el p\u00fablico viaja a trav\u00e9s del olfato, los aromas y los est\u00edmulos t\u00e1ctiles. \u201cUn viaje a ciegas sirve para concientizar y reflexionar sobre qu\u00e9 pasar\u00eda si por un momento, anulamos uno de los sentidos que m\u00e1s utilizamos en nuestra vida cotidiana. Un mundo nuevo se abrir\u00eda ante nosotros, comenzar\u00edamos a ver como nunca antes\u201d, asegur\u00f3 Julieta \u00c1lvarez.&nbsp;<\/p>\n\n\n\n<p>Estas dos funciones forman parte de la gira nacional de Teatro Ciego, que lleva ya 15 a\u00f1os de vida y es el \u00fanico grupo que realiza obras en total oscuridad. &nbsp;<\/p>\n","protected":false},"excerpt":{"rendered":"<p>Con la obra \u201cUn viaje a ciegas\u201d se presentar\u00e1 en Resistencia el Teatro Ciego. La funci\u00f3n ser\u00e1 el viernes 5 y s\u00e1bado 6 de noviembre a las 20:30, en Sala&hellip; <\/p>\n","protected":false},"author":1,"featured_media":14887,"comment_status":"closed","ping_status":"open","sticky":false,"template":"","format":"standard","meta":{"footnotes":""},"categories":[15],"tags":[],"class_list":["post-14886","post","type-post","status-publish","format-standard","has-post-thumbnail","hentry","category-cultura"],"_links":{"self":[{"href":"https:\/\/corrientesdetarde.com\/index.php\/wp-json\/wp\/v2\/posts\/14886","targetHints":{"allow":["GET"]}}],"collection":[{"href":"https:\/\/corrientesdetarde.com\/index.php\/wp-json\/wp\/v2\/posts"}],"about":[{"href":"https:\/\/corrientesdetarde.com\/index.php\/wp-json\/wp\/v2\/types\/post"}],"author":[{"embeddable":true,"href":"https:\/\/corrientesdetarde.com\/index.php\/wp-json\/wp\/v2\/users\/1"}],"replies":[{"embeddable":true,"href":"https:\/\/corrientesdetarde.com\/index.php\/wp-json\/wp\/v2\/comments?post=14886"}],"version-history":[{"count":1,"href":"https:\/\/corrientesdetarde.com\/index.php\/wp-json\/wp\/v2\/posts\/14886\/revisions"}],"predecessor-version":[{"id":14888,"href":"https:\/\/corrientesdetarde.com\/index.php\/wp-json\/wp\/v2\/posts\/14886\/revisions\/14888"}],"wp:featuredmedia":[{"embeddable":true,"href":"https:\/\/corrientesdetarde.com\/index.php\/wp-json\/wp\/v2\/media\/14887"}],"wp:attachment":[{"href":"https:\/\/corrientesdetarde.com\/index.php\/wp-json\/wp\/v2\/media?parent=14886"}],"wp:term":[{"taxonomy":"category","embeddable":true,"href":"https:\/\/corrientesdetarde.com\/index.php\/wp-json\/wp\/v2\/categories?post=14886"},{"taxonomy":"post_tag","embeddable":true,"href":"https:\/\/corrientesdetarde.com\/index.php\/wp-json\/wp\/v2\/tags?post=14886"}],"curies":[{"name":"wp","href":"https:\/\/api.w.org\/{rel}","templated":true}]}}