{"id":148870,"date":"2024-05-20T13:48:54","date_gmt":"2024-05-20T16:48:54","guid":{"rendered":"https:\/\/corrientesdetarde.com\/?p=148870"},"modified":"2024-05-20T13:48:58","modified_gmt":"2024-05-20T16:48:58","slug":"preparan-un-programa-de-beneficios-para-la-compra-anticipada-de-viajes-y-servicios-turisticos","status":"publish","type":"post","link":"https:\/\/corrientesdetarde.com\/index.php\/turismo\/preparan-un-programa-de-beneficios-para-la-compra-anticipada-de-viajes-y-servicios-turisticos\/","title":{"rendered":"Preparan un programa de beneficios para la compra anticipada de viajes y servicios tur\u00edsticos"},"content":{"rendered":"\n<p>De cara a lo que ser\u00e1 la temporada baja en t\u00e9rminos tur\u00edsticos en la Provincia, la C\u00e1mara de Turismo de Corrientes, con el acompa\u00f1amiento del Gobierno provincial a trav\u00e9s del Ministerio de Turismo, presentar\u00e1 el Programa de Descuentos Pay\u00e9 a partir del 20% en la compra anticipada de viajes y servicios tur\u00edsticos.<br>La cartera tur\u00edstica tendr\u00e1 a su cargo la implementaci\u00f3n y difusi\u00f3n del beneficio para este sector con validez para residentes en Argentina que realicen su compra antes del 31 de mayo. Mientras que no aplicar\u00e1 en fines de semana largos, ni vacaciones, salvo estipulaci\u00f3n al respecto en la oferta.<br>Precisamente, las ofertas comprenden servicios como alojamiento, agencias de viaje, gastronom\u00eda, excursiones y m\u00e1s. En tanto la venta se realizar\u00e1 con la modalidad de \u201cPago Anticipado\u201d y el descuento ser\u00e1 informado y otorgado por cada prestador tur\u00edstico.<br>En relaci\u00f3n al mencionado descuento, desde la C\u00e1mara de Turismo informaron que las ofertas ser\u00e1n publicadas por los operadores inscriptos en el registro Provincial de Prestadores de Servicios del Ministerio de Turismo de Corrientes, que hayan adherido al Programa promocionando sus propuestas. \u201cDurante los pr\u00f3ximos d\u00edas compartiremos este listado\u201d, indicaron.<br><br><strong>\u00bfC\u00f3mo funciona?<\/strong><br>El usuario ingresa al cat\u00e1logo de operadores tur\u00edsticos adheridos al programa y elige la oferta seg\u00fan su inter\u00e9s.&nbsp;Contacta directamente al operador tur\u00edstico y hace menci\u00f3n a la oferta publicada, a fin de adquirir el servicio.<br>Una vez realizada la contrataci\u00f3n del servicio, el usuario har\u00e1 uso de la prestaci\u00f3n del servicio en la fecha acordada con el operador tur\u00edstico.<\/p>\n\n\n\n<figure class=\"wp-block-image size-large\"><img loading=\"lazy\" decoding=\"async\" width=\"727\" height=\"1024\" src=\"https:\/\/corrientesdetarde.com\/wp-content\/uploads\/2024\/05\/image-478-727x1024.png\" alt=\"\" class=\"wp-image-148871\" srcset=\"https:\/\/corrientesdetarde.com\/wp-content\/uploads\/2024\/05\/image-478-727x1024.png 727w, https:\/\/corrientesdetarde.com\/wp-content\/uploads\/2024\/05\/image-478-213x300.png 213w, https:\/\/corrientesdetarde.com\/wp-content\/uploads\/2024\/05\/image-478-768x1082.png 768w, https:\/\/corrientesdetarde.com\/wp-content\/uploads\/2024\/05\/image-478-1091x1536.png 1091w, https:\/\/corrientesdetarde.com\/wp-content\/uploads\/2024\/05\/image-478.png 1136w\" sizes=\"auto, (max-width: 727px) 100vw, 727px\" \/><\/figure>\n\n\n\n<figure class=\"wp-block-image size-large\"><img loading=\"lazy\" decoding=\"async\" width=\"1024\" height=\"768\" src=\"https:\/\/corrientesdetarde.com\/wp-content\/uploads\/2024\/05\/image-479-1024x768.png\" alt=\"\" class=\"wp-image-148872\" srcset=\"https:\/\/corrientesdetarde.com\/wp-content\/uploads\/2024\/05\/image-479-1024x768.png 1024w, https:\/\/corrientesdetarde.com\/wp-content\/uploads\/2024\/05\/image-479-300x225.png 300w, https:\/\/corrientesdetarde.com\/wp-content\/uploads\/2024\/05\/image-479-768x576.png 768w, https:\/\/corrientesdetarde.com\/wp-content\/uploads\/2024\/05\/image-479-1536x1152.png 1536w, https:\/\/corrientesdetarde.com\/wp-content\/uploads\/2024\/05\/image-479.png 2016w\" sizes=\"auto, (max-width: 1024px) 100vw, 1024px\" \/><\/figure>\n","protected":false},"excerpt":{"rendered":"<p>De cara a lo que ser\u00e1 la temporada baja en t\u00e9rminos tur\u00edsticos en la Provincia, la C\u00e1mara de Turismo de Corrientes, con el acompa\u00f1amiento del Gobierno provincial a trav\u00e9s del&hellip; <\/p>\n","protected":false},"author":8,"featured_media":148872,"comment_status":"closed","ping_status":"open","sticky":false,"template":"","format":"standard","meta":{"footnotes":""},"categories":[31],"tags":[],"class_list":["post-148870","post","type-post","status-publish","format-standard","has-post-thumbnail","hentry","category-turismo"],"_links":{"self":[{"href":"https:\/\/corrientesdetarde.com\/index.php\/wp-json\/wp\/v2\/posts\/148870","targetHints":{"allow":["GET"]}}],"collection":[{"href":"https:\/\/corrientesdetarde.com\/index.php\/wp-json\/wp\/v2\/posts"}],"about":[{"href":"https:\/\/corrientesdetarde.com\/index.php\/wp-json\/wp\/v2\/types\/post"}],"author":[{"embeddable":true,"href":"https:\/\/corrientesdetarde.com\/index.php\/wp-json\/wp\/v2\/users\/8"}],"replies":[{"embeddable":true,"href":"https:\/\/corrientesdetarde.com\/index.php\/wp-json\/wp\/v2\/comments?post=148870"}],"version-history":[{"count":1,"href":"https:\/\/corrientesdetarde.com\/index.php\/wp-json\/wp\/v2\/posts\/148870\/revisions"}],"predecessor-version":[{"id":148873,"href":"https:\/\/corrientesdetarde.com\/index.php\/wp-json\/wp\/v2\/posts\/148870\/revisions\/148873"}],"wp:featuredmedia":[{"embeddable":true,"href":"https:\/\/corrientesdetarde.com\/index.php\/wp-json\/wp\/v2\/media\/148872"}],"wp:attachment":[{"href":"https:\/\/corrientesdetarde.com\/index.php\/wp-json\/wp\/v2\/media?parent=148870"}],"wp:term":[{"taxonomy":"category","embeddable":true,"href":"https:\/\/corrientesdetarde.com\/index.php\/wp-json\/wp\/v2\/categories?post=148870"},{"taxonomy":"post_tag","embeddable":true,"href":"https:\/\/corrientesdetarde.com\/index.php\/wp-json\/wp\/v2\/tags?post=148870"}],"curies":[{"name":"wp","href":"https:\/\/api.w.org\/{rel}","templated":true}]}}