{"id":148944,"date":"2024-05-20T17:11:50","date_gmt":"2024-05-20T20:11:50","guid":{"rendered":"https:\/\/corrientesdetarde.com\/?p=148944"},"modified":"2024-05-20T17:11:53","modified_gmt":"2024-05-20T20:11:53","slug":"emilia-attias-hablo-de-su-vinculo-con-nicolas-francella-tras-la-separacion-con-el-turco-naim","status":"publish","type":"post","link":"https:\/\/corrientesdetarde.com\/index.php\/espectaculos\/emilia-attias-hablo-de-su-vinculo-con-nicolas-francella-tras-la-separacion-con-el-turco-naim\/","title":{"rendered":"Emilia Attias habl\u00f3 de su v\u00ednculo con Nicol\u00e1s Francella tras la separaci\u00f3n con el Turco Naim"},"content":{"rendered":"\n<p>La semana pasada se conoci\u00f3 la noticia de que la actriz y el productor terminaron su relaci\u00f3n despu\u00e9s de 20 a\u00f1os y una hija en com\u00fan.<\/p>\n\n\n\n<p>Emilia Attias\u00a0habl\u00f3 tras su separaci\u00f3n del\u00a0Turco Naim. La actriz no ocult\u00f3 su descontento con los trascendidos en torno a la ruptura y fue tajante en lo que respecta a su v\u00ednculo con\u00a0Nicol\u00e1s Francella.<\/p>\n\n\n\n<p>Este lunes, al ser abordada por el m\u00f3vil de&nbsp;<em>A la tarde<\/em>&nbsp;(<em>Am\u00e9rica<\/em>), la artista aclar\u00f3: \u201cNo voy a hablar\u201d. Sin embargo, ante la insistencia del notero, expres\u00f3: \u201cChicos,<strong>&nbsp;yo no decid\u00ed que fuera p\u00fablico<\/strong>\u201d. \u201cS\u00e9 que est\u00e1s trabajando, no quiero hablar de eso. Lo que dije, lo dije p\u00fablicamente. Ya est\u00e1\u201d, sostuvo intentando poner fin al tema.<\/p>\n\n\n\n<p><\/p>\n\n\n\n<figure class=\"wp-block-image\"><img decoding=\"async\" src=\"https:\/\/tn.com.ar\/resizer\/ov-SZ2wfEQMpz5aCrKr_tW-6YXA=\/767x0\/smart\/filters:format(webp)\/thumbs.vodgc.net\/1-398-2013a8407c974b94848ab94ac30d9214-4oQ9k91716234368912_1080P.jpg\" alt=\"Video Placeholder\"\/><\/figure>\n\n\n\n<p>Emilia Attias rompi\u00f3 el silencio tras la ruptura con el Turco Naim y habl\u00f3 de su v\u00ednculo con Nicol\u00e1s Francella<\/p>\n\n\n\n<p>Respecto al v\u00ednculo con quien fue su pareja durante dos d\u00e9cadas, Attias asegur\u00f3:&nbsp;<strong>\u201cCon Naim tenemos una relaci\u00f3n supercordial y amorosa, hablamos todo el tiempo y est\u00e1 todo bien\u201d<\/strong>. \u201cLas cosas que a nosotros nos pasaron, van a quedar entre nosotros y sabemos c\u00f3mo manejarlas\u201d, remarc\u00f3. Y aclar\u00f3: \u201cP\u00fablicamente, no fue una decisi\u00f3n nuestra. Hicimos lo que pudimos con eso y hasta ac\u00e1 llegamos p\u00fablicamente, no vamos a hablar ninguno de los dos\u201d.<\/p>\n\n\n\n<p>A modo de cierre, le preguntaron si quer\u00eda desmentir algo y ella neg\u00f3 a fin de dar por cerrado el tema. Pero al ver que le iban a consultar por su supuesto v\u00ednculo con Nicol\u00e1s Francella, fue tajante: \u201cChicos,&nbsp;<strong>no metan a Nicol\u00e1s que no tiene nada que ver\u201d<\/strong>. \u201cNo hay infidelidad, no hay terceras personas. Son cosas de la intimidad de las parejas\u201d, concluy\u00f3.<\/p>\n","protected":false},"excerpt":{"rendered":"<p>La semana pasada se conoci\u00f3 la noticia de que la actriz y el productor terminaron su relaci\u00f3n despu\u00e9s de 20 a\u00f1os y una hija en com\u00fan. Emilia Attias\u00a0habl\u00f3 tras su&hellip; <\/p>\n","protected":false},"author":8,"featured_media":148945,"comment_status":"closed","ping_status":"open","sticky":false,"template":"","format":"standard","meta":{"footnotes":""},"categories":[19],"tags":[],"class_list":["post-148944","post","type-post","status-publish","format-standard","has-post-thumbnail","hentry","category-espectaculos"],"_links":{"self":[{"href":"https:\/\/corrientesdetarde.com\/index.php\/wp-json\/wp\/v2\/posts\/148944","targetHints":{"allow":["GET"]}}],"collection":[{"href":"https:\/\/corrientesdetarde.com\/index.php\/wp-json\/wp\/v2\/posts"}],"about":[{"href":"https:\/\/corrientesdetarde.com\/index.php\/wp-json\/wp\/v2\/types\/post"}],"author":[{"embeddable":true,"href":"https:\/\/corrientesdetarde.com\/index.php\/wp-json\/wp\/v2\/users\/8"}],"replies":[{"embeddable":true,"href":"https:\/\/corrientesdetarde.com\/index.php\/wp-json\/wp\/v2\/comments?post=148944"}],"version-history":[{"count":1,"href":"https:\/\/corrientesdetarde.com\/index.php\/wp-json\/wp\/v2\/posts\/148944\/revisions"}],"predecessor-version":[{"id":148946,"href":"https:\/\/corrientesdetarde.com\/index.php\/wp-json\/wp\/v2\/posts\/148944\/revisions\/148946"}],"wp:featuredmedia":[{"embeddable":true,"href":"https:\/\/corrientesdetarde.com\/index.php\/wp-json\/wp\/v2\/media\/148945"}],"wp:attachment":[{"href":"https:\/\/corrientesdetarde.com\/index.php\/wp-json\/wp\/v2\/media?parent=148944"}],"wp:term":[{"taxonomy":"category","embeddable":true,"href":"https:\/\/corrientesdetarde.com\/index.php\/wp-json\/wp\/v2\/categories?post=148944"},{"taxonomy":"post_tag","embeddable":true,"href":"https:\/\/corrientesdetarde.com\/index.php\/wp-json\/wp\/v2\/tags?post=148944"}],"curies":[{"name":"wp","href":"https:\/\/api.w.org\/{rel}","templated":true}]}}