{"id":148947,"date":"2024-05-20T17:14:01","date_gmt":"2024-05-20T20:14:01","guid":{"rendered":"https:\/\/corrientesdetarde.com\/?p=148947"},"modified":"2024-05-20T17:14:05","modified_gmt":"2024-05-20T20:14:05","slug":"entidades-de-argentina-y-paraguay-firmaron-un-acuerdo-para-comercializar-soja-libre-de-deforestacion","status":"publish","type":"post","link":"https:\/\/corrientesdetarde.com\/index.php\/economia\/entidades-de-argentina-y-paraguay-firmaron-un-acuerdo-para-comercializar-soja-libre-de-deforestacion\/","title":{"rendered":"Entidades de Argentina y Paraguay firmaron un acuerdo para comercializar soja libre de deforestaci\u00f3n"},"content":{"rendered":"\n<p>Regir\u00e1 a partir del 1\u00b0 de enero de 2025. Busca generar las herramientas necesarias para la trazabilidad de la producci\u00f3n de la oleaginosa paraguaya y cumplir con los est\u00e1ndares ambientales de la Uni\u00f3n Europea.<\/p>\n\n\n\n<p>Entidades del sector privado de&nbsp;<strong>Argentina y Paraguay<\/strong>&nbsp;firmaron un acuerdo formal para \u201ctrabajar y promover en conjunto la comercializaci\u00f3n de soja libre de deforestaci\u00f3n, a partir del&nbsp;<strong>1\u00b0 de enero de 2025<\/strong>\u2033. Seg\u00fan se\u00f1alaron los empresarios, significa&nbsp;<strong>\u201cun paso m\u00e1s hacia la sostenibilidad y el comercio responsable\u201d.<\/strong><\/p>\n\n\n\n<p>Este compromiso tiene como objetivo principal \u201cgenerar las herramientas necesarias para certificar la trazabilidad de la producci\u00f3n de soja paraguaya y cumplir con los est\u00e1ndares ambientales establecidos por el Reglamento de la Uni\u00f3n Europea 2023\/1115\u2033.<\/p>\n\n\n\n<p>Tras un a\u00f1o de trabajo, la\u00a0<strong>C\u00e1mara de la Industria Aceitera de la Rep\u00fablica Argentina y el Centro de Exportadores de Cereales (CIARA-CEC)<\/strong>, la Uni\u00f3n de Gremios de la Producci\u00f3n (UGP), la Federaci\u00f3n de Cooperativas de Producci\u00f3n, la C\u00e1mara Paraguaya de Exportadores y Comercializadores de Cereales y Oleaginosas (CAPECO), y la C\u00e1mara Paraguaya de Procesadores de Oleaginosas y Cereales (CAPPRO), todas entidades del Paraguay, firmaron un compromiso marco de trabajo conjunto.<\/p>\n\n\n\n<p>Este acuerdo tiene por objetivo \u201cestablecer las condiciones de cumplimiento y&nbsp;<strong>verificaci\u00f3n de soja paraguaya libre de deforestaci\u00f3n&nbsp;<\/strong>desde el 1\u00b0 de enero de 2025\u2033.<\/p>\n\n\n\n<p>En tanto, el memor\u00e1ndum de entendimiento intergremial, firmado el 16 de mayo \u00faltimo, se inscribe en el contexto del Decreto 1541\/2024 y la Resoluci\u00f3n n\u00famero 368\/2024 del MIC -Ministerio de Industria y Comercio de Paraguay para promover sistemas de adhesi\u00f3n voluntaria que permitan, en base a la legislaci\u00f3n paraguaya, demostrar \u201cla sostenibilidad de su producci\u00f3n y cumplir con las exigencias de los mercados internacionales\u201d.<\/p>\n\n\n\n<figure class=\"wp-block-image\"><img decoding=\"async\" src=\"https:\/\/tn.com.ar\/resizer\/-PAN9W5l1dr0I7Gs4kNSTyCcPrI=\/767x0\/smart\/filters:format(webp)\/cloudfront-us-east-1.images.arcpublishing.com\/artear\/KUOG6TF4XBAHRNPVXITFLG5DNE.jpg\" alt=\"Este acuerdo tiene por objetivo \u201cestablecer las condiciones de cumplimiento y verificaci\u00f3n de soja paraguaya libre de deforestaci\u00f3n desde el 1\u00b0 de enero de 2025\u2033.\"\/><figcaption class=\"wp-element-caption\">Este acuerdo tiene por objetivo \u201cestablecer las condiciones de cumplimiento y verificaci\u00f3n de soja paraguaya libre de deforestaci\u00f3n desde el 1\u00b0 de enero de 2025\u2033.<\/figcaption><\/figure>\n\n\n\n<p>El acuerdo firmado por CIARA-CEC y las entidades de la cadena agroindustrial de Paraguay establece medidas concretas para desarrollar un sistema \u00fanico de gesti\u00f3n y trazabilidad de soja en el pa\u00eds vecino equivalente a ViSeC en Argentina, as\u00ed como la conexi\u00f3n entre ambas plataformas a los efectos de hacer m\u00e1s eficiente la documentaci\u00f3n de exportaci\u00f3n desde Paraguay.<\/p>\n\n\n\n<p>Seg\u00fan comunicaron las entidades firmantes, a partir de este compromiso, se comienza a trabajar en la etapa de implementaci\u00f3n que se desarrollar\u00e1 entre mayo y diciembre de este a\u00f1o para que toda la soja paraguaya bajo admisi\u00f3n temporaria para procesamiento y exportaci\u00f3n posterior sea libre de deforestaci\u00f3n.<\/p>\n\n\n\n<p>El compromiso entre ambas naciones tambi\u00e9n se alinea con los esfuerzos conjuntos con la Uni\u00f3n Europea para asegurar que la producci\u00f3n y exportaci\u00f3n de soja de ambos pa\u00edses cumplan con el<strong>&nbsp;Reglamento de la Uni\u00f3n Europea 2023\/1115.<\/strong><\/p>\n\n\n\n<p>A partir del&nbsp;<strong>30 de diciembre de 2024<\/strong>, este reglamento proh\u00edbe la introducci\u00f3n en el mercado europeo de productos que contengan o se hayan elaborado utilizando soja asociada a la deforestaci\u00f3n.<\/p>\n\n\n\n<p>\u201cEste acuerdo no s\u00f3lo refuerza la cooperaci\u00f3n regional, sino que tambi\u00e9n asegura que ambos pa\u00edses puedan seguir siendo proveedores confiables en el mercado europeo bajo los nuevos est\u00e1ndares ambientales\u201d, indicaron por medio de un comunicado.<\/p>\n","protected":false},"excerpt":{"rendered":"<p>Regir\u00e1 a partir del 1\u00b0 de enero de 2025. Busca generar las herramientas necesarias para la trazabilidad de la producci\u00f3n de la oleaginosa paraguaya y cumplir con los est\u00e1ndares ambientales&hellip; <\/p>\n","protected":false},"author":8,"featured_media":148948,"comment_status":"closed","ping_status":"open","sticky":false,"template":"","format":"standard","meta":{"footnotes":""},"categories":[20],"tags":[],"class_list":["post-148947","post","type-post","status-publish","format-standard","has-post-thumbnail","hentry","category-economia"],"_links":{"self":[{"href":"https:\/\/corrientesdetarde.com\/index.php\/wp-json\/wp\/v2\/posts\/148947","targetHints":{"allow":["GET"]}}],"collection":[{"href":"https:\/\/corrientesdetarde.com\/index.php\/wp-json\/wp\/v2\/posts"}],"about":[{"href":"https:\/\/corrientesdetarde.com\/index.php\/wp-json\/wp\/v2\/types\/post"}],"author":[{"embeddable":true,"href":"https:\/\/corrientesdetarde.com\/index.php\/wp-json\/wp\/v2\/users\/8"}],"replies":[{"embeddable":true,"href":"https:\/\/corrientesdetarde.com\/index.php\/wp-json\/wp\/v2\/comments?post=148947"}],"version-history":[{"count":1,"href":"https:\/\/corrientesdetarde.com\/index.php\/wp-json\/wp\/v2\/posts\/148947\/revisions"}],"predecessor-version":[{"id":148949,"href":"https:\/\/corrientesdetarde.com\/index.php\/wp-json\/wp\/v2\/posts\/148947\/revisions\/148949"}],"wp:featuredmedia":[{"embeddable":true,"href":"https:\/\/corrientesdetarde.com\/index.php\/wp-json\/wp\/v2\/media\/148948"}],"wp:attachment":[{"href":"https:\/\/corrientesdetarde.com\/index.php\/wp-json\/wp\/v2\/media?parent=148947"}],"wp:term":[{"taxonomy":"category","embeddable":true,"href":"https:\/\/corrientesdetarde.com\/index.php\/wp-json\/wp\/v2\/categories?post=148947"},{"taxonomy":"post_tag","embeddable":true,"href":"https:\/\/corrientesdetarde.com\/index.php\/wp-json\/wp\/v2\/tags?post=148947"}],"curies":[{"name":"wp","href":"https:\/\/api.w.org\/{rel}","templated":true}]}}