{"id":148953,"date":"2024-05-20T18:05:23","date_gmt":"2024-05-20T21:05:23","guid":{"rendered":"https:\/\/corrientesdetarde.com\/?p=148953"},"modified":"2024-05-20T18:05:35","modified_gmt":"2024-05-20T21:05:35","slug":"el-gobierno-minimizo-el-conflicto-con-espana-y-nego-que-peligren-la-relaciones-con-ese-pais-y-la-ue","status":"publish","type":"post","link":"https:\/\/corrientesdetarde.com\/index.php\/politica\/el-gobierno-minimizo-el-conflicto-con-espana-y-nego-que-peligren-la-relaciones-con-ese-pais-y-la-ue\/","title":{"rendered":"El Gobierno minimiz\u00f3 el conflicto con Espa\u00f1a y neg\u00f3 que peligren la relaciones con ese pa\u00eds y la UE"},"content":{"rendered":"\n<p><strong>Por Juan Pablo Peralta desde Casa Rosada<\/strong><\/p>\n\n\n\n<p>El presidente Javier Milei regres\u00f3 esta ma\u00f1ana de su viaje al Reino de Espa\u00f1a, donde luego de sus declaraciones en el acto del partido Vox se suscitara un conflicto entre el gobierno ib\u00e9rico y el argentino. Fue Manuel Adorni el encargado de intentar bajar los decibeles al tema al manifestar que no est\u00e1n en peligro las relaciones diplom\u00e1ticas ni con esa naci\u00f3n ni con la Uni\u00f3n Europea.<\/p>\n\n\n\n<figure class=\"wp-block-embed is-type-video is-provider-youtube wp-block-embed-youtube wp-embed-aspect-16-9 wp-has-aspect-ratio\"><div class=\"wp-block-embed__wrapper\">\n<iframe loading=\"lazy\" title=\"El Gobierno minimiz\u00f3 el conflicto con Espa\u00f1a y neg\u00f3 peligren las relaciones con ese pa\u00eds y la UE\" width=\"1110\" height=\"624\" src=\"https:\/\/www.youtube.com\/embed\/EXrHFRIetA0?feature=oembed\" frameborder=\"0\" allow=\"accelerometer; autoplay; clipboard-write; encrypted-media; gyroscope; picture-in-picture; web-share\" referrerpolicy=\"strict-origin-when-cross-origin\" allowfullscreen><\/iframe>\n<\/div><\/figure>\n\n\n\n<p>El vocero manifest\u00f3 que la reacci\u00f3n del presidente Milei es menor ante la catarata de insultos que recibi\u00f3 de parte de la administraci\u00f3n de Pedro S\u00e1nchez. Pese a las cr\u00edticas de pol\u00edticos y empresarios de la pen\u00ednsula, debido a los cuestionamientos del mandatario argentino a la primera dama Bego\u00f1a G\u00f3mez, sigue en pie una nueva visita que Milei har\u00e1 a ese pa\u00eds el 21 de junio para recibir el reconocimiento de un Instituto liberal europeo.<\/p>\n","protected":false},"excerpt":{"rendered":"<p>Por Juan Pablo Peralta desde Casa Rosada El presidente Javier Milei regres\u00f3 esta ma\u00f1ana de su viaje al Reino de Espa\u00f1a, donde luego de sus declaraciones en el acto del&hellip; <\/p>\n","protected":false},"author":11,"featured_media":148954,"comment_status":"closed","ping_status":"open","sticky":false,"template":"","format":"standard","meta":{"footnotes":""},"categories":[10,3],"tags":[2033,876,336,2032,2031,2030],"class_list":["post-148953","post","type-post","status-publish","format-standard","has-post-thumbnail","hentry","category-nacionales","category-politica","tag-begona-gomez","tag-espana","tag-milei","tag-pedro-sanchez","tag-union-europea","tag-vox"],"_links":{"self":[{"href":"https:\/\/corrientesdetarde.com\/index.php\/wp-json\/wp\/v2\/posts\/148953","targetHints":{"allow":["GET"]}}],"collection":[{"href":"https:\/\/corrientesdetarde.com\/index.php\/wp-json\/wp\/v2\/posts"}],"about":[{"href":"https:\/\/corrientesdetarde.com\/index.php\/wp-json\/wp\/v2\/types\/post"}],"author":[{"embeddable":true,"href":"https:\/\/corrientesdetarde.com\/index.php\/wp-json\/wp\/v2\/users\/11"}],"replies":[{"embeddable":true,"href":"https:\/\/corrientesdetarde.com\/index.php\/wp-json\/wp\/v2\/comments?post=148953"}],"version-history":[{"count":2,"href":"https:\/\/corrientesdetarde.com\/index.php\/wp-json\/wp\/v2\/posts\/148953\/revisions"}],"predecessor-version":[{"id":148956,"href":"https:\/\/corrientesdetarde.com\/index.php\/wp-json\/wp\/v2\/posts\/148953\/revisions\/148956"}],"wp:featuredmedia":[{"embeddable":true,"href":"https:\/\/corrientesdetarde.com\/index.php\/wp-json\/wp\/v2\/media\/148954"}],"wp:attachment":[{"href":"https:\/\/corrientesdetarde.com\/index.php\/wp-json\/wp\/v2\/media?parent=148953"}],"wp:term":[{"taxonomy":"category","embeddable":true,"href":"https:\/\/corrientesdetarde.com\/index.php\/wp-json\/wp\/v2\/categories?post=148953"},{"taxonomy":"post_tag","embeddable":true,"href":"https:\/\/corrientesdetarde.com\/index.php\/wp-json\/wp\/v2\/tags?post=148953"}],"curies":[{"name":"wp","href":"https:\/\/api.w.org\/{rel}","templated":true}]}}