{"id":148960,"date":"2024-05-20T22:35:22","date_gmt":"2024-05-21T01:35:22","guid":{"rendered":"https:\/\/corrientesdetarde.com\/?p=148960"},"modified":"2024-05-20T22:35:33","modified_gmt":"2024-05-21T01:35:33","slug":"tragedia-una-familia-quedo-lo-perdio-todo-tras-el-incendio-de-su-casa","status":"publish","type":"post","link":"https:\/\/corrientesdetarde.com\/index.php\/sociales\/tragedia-una-familia-quedo-lo-perdio-todo-tras-el-incendio-de-su-casa\/","title":{"rendered":"Tragedia: Una familia qued\u00f3 lo perdi\u00f3 todo tras el incendio de su casa"},"content":{"rendered":"\n<p>El lamentable ep\u00edsodio ocurri\u00f3 este lunes en el barrio Quilmes.&nbsp;<\/p>\n\n\n\n<p>Este lunes por la siesta se registr\u00f3 un incendio en una vivienda del capitalino barrio Quilmes, que como consecuencia dej\u00f3 con lo puesto a la familia que habita en el lugar. Adem\u00e1s, el propietario del inmueble result\u00f3 con quemaduras en la zona de la espalda.<\/p>\n\n\n\n<p>El siniestro se origin\u00f3 por calle al Iber\u00e1 500. Bomberos debieron asistir al lugar del hecho para poder sofocar las llamas.<\/p>\n\n\n\n<p>Por el momento se desconoce el motivo por el cual se gener\u00f3 el incendio. &nbsp;<\/p>\n\n\n\n<p><a href=\"https:\/\/api.whatsapp.com\/send?text=Una%20familia%20qued%C3%B3%20con%20los%20puesto%20tras%20el%20incendio%20de%20su%20casa%C2%A0%20-%20https:\/\/www.radiodos.com.ar\/166430-una-familia-quedo-con-los-puesto-tras-el-incendio-de-su-casa%C2%A0?utm_source=WhatsApp%26utm_medium=WhatsApp%26utm_campaign=WhatsApp%26utm_term=WhatsApp\" target=\"_blank\" rel=\"noreferrer noopener\"><\/a><\/p>\n","protected":false},"excerpt":{"rendered":"<p>El lamentable ep\u00edsodio ocurri\u00f3 este lunes en el barrio Quilmes.&nbsp; Este lunes por la siesta se registr\u00f3 un incendio en una vivienda del capitalino barrio Quilmes, que como consecuencia dej\u00f3&hellip; <\/p>\n","protected":false},"author":4,"featured_media":149000,"comment_status":"closed","ping_status":"open","sticky":false,"template":"","format":"standard","meta":{"footnotes":""},"categories":[33,17],"tags":[],"class_list":["post-148960","post","type-post","status-publish","format-standard","has-post-thumbnail","hentry","category-policiales","category-sociales"],"_links":{"self":[{"href":"https:\/\/corrientesdetarde.com\/index.php\/wp-json\/wp\/v2\/posts\/148960","targetHints":{"allow":["GET"]}}],"collection":[{"href":"https:\/\/corrientesdetarde.com\/index.php\/wp-json\/wp\/v2\/posts"}],"about":[{"href":"https:\/\/corrientesdetarde.com\/index.php\/wp-json\/wp\/v2\/types\/post"}],"author":[{"embeddable":true,"href":"https:\/\/corrientesdetarde.com\/index.php\/wp-json\/wp\/v2\/users\/4"}],"replies":[{"embeddable":true,"href":"https:\/\/corrientesdetarde.com\/index.php\/wp-json\/wp\/v2\/comments?post=148960"}],"version-history":[{"count":1,"href":"https:\/\/corrientesdetarde.com\/index.php\/wp-json\/wp\/v2\/posts\/148960\/revisions"}],"predecessor-version":[{"id":149001,"href":"https:\/\/corrientesdetarde.com\/index.php\/wp-json\/wp\/v2\/posts\/148960\/revisions\/149001"}],"wp:featuredmedia":[{"embeddable":true,"href":"https:\/\/corrientesdetarde.com\/index.php\/wp-json\/wp\/v2\/media\/149000"}],"wp:attachment":[{"href":"https:\/\/corrientesdetarde.com\/index.php\/wp-json\/wp\/v2\/media?parent=148960"}],"wp:term":[{"taxonomy":"category","embeddable":true,"href":"https:\/\/corrientesdetarde.com\/index.php\/wp-json\/wp\/v2\/categories?post=148960"},{"taxonomy":"post_tag","embeddable":true,"href":"https:\/\/corrientesdetarde.com\/index.php\/wp-json\/wp\/v2\/tags?post=148960"}],"curies":[{"name":"wp","href":"https:\/\/api.w.org\/{rel}","templated":true}]}}