{"id":148965,"date":"2024-05-20T20:31:55","date_gmt":"2024-05-20T23:31:55","guid":{"rendered":"https:\/\/corrientesdetarde.com\/?p=148965"},"modified":"2024-05-20T20:32:06","modified_gmt":"2024-05-20T23:32:06","slug":"libano-y-siria-iniciaron-tres-dias-de-luto-por-la-muerte-del-presidente-de-iran","status":"publish","type":"post","link":"https:\/\/corrientesdetarde.com\/index.php\/internacionales\/libano-y-siria-iniciaron-tres-dias-de-luto-por-la-muerte-del-presidente-de-iran\/","title":{"rendered":"L\u00edbano y Siria iniciaron tres d\u00edas de luto por la muerte del presidente de Ir\u00e1n"},"content":{"rendered":"\n<p>El mandatario iran\u00ed Ebrahim Raisi muri\u00f3 en un accidente de helic\u00f3ptero.<\/p>\n\n\n\n<p><strong>L\u00edbano y Siria anunciaron el lunes tres d\u00edas de luto nacional por la muerte del presidente iran\u00ed Ebrahim Raisi y del ministro de Asuntos Exteriores del mismo pa\u00eds, Hossein Amirabdollahian&nbsp;<\/strong>en un accidente de helic\u00f3ptero ocurrido la noche anterior cerca de la frontera con Azerbaiy\u00e1n.<\/p>\n\n\n\n<p>Ir\u00e1n goza de influencia en ambos pa\u00edses, ya que<strong>&nbsp;respalda al grupo armado liban\u00e9s Hezbol\u00e1 en L\u00edbano<\/strong>&nbsp;y<strong>&nbsp;ayud\u00f3 al Gobierno y a las fuerzas de seguridad de Siria<\/strong>&nbsp;a mantenerse en el poder durante m\u00e1s de una d\u00e9cada de guerra.<\/p>\n\n\n\n<p>&#8220;No saben cu\u00e1nto lamento este incidente que ha ocurrido. Sobre todo porque el ministro de Asuntos Exteriores se hab\u00eda convertido en un amigo&#8221;, dijo el lunes a la prensa el ministro de Asuntos Exteriores liban\u00e9s, Abdallah Bou Habib.<\/p>\n\n\n\n<p>El presidente sirio, Bashar al-Asad, as\u00ed como otras autoridades libanesas y Hezbol\u00e1, ofrecieron sus condolencias por las muertes.<\/p>\n","protected":false},"excerpt":{"rendered":"<p>El mandatario iran\u00ed Ebrahim Raisi muri\u00f3 en un accidente de helic\u00f3ptero. L\u00edbano y Siria anunciaron el lunes tres d\u00edas de luto nacional por la muerte del presidente iran\u00ed Ebrahim Raisi&hellip; <\/p>\n","protected":false},"author":4,"featured_media":148966,"comment_status":"closed","ping_status":"open","sticky":false,"template":"","format":"standard","meta":{"footnotes":""},"categories":[11],"tags":[],"class_list":["post-148965","post","type-post","status-publish","format-standard","has-post-thumbnail","hentry","category-internacionales"],"_links":{"self":[{"href":"https:\/\/corrientesdetarde.com\/index.php\/wp-json\/wp\/v2\/posts\/148965","targetHints":{"allow":["GET"]}}],"collection":[{"href":"https:\/\/corrientesdetarde.com\/index.php\/wp-json\/wp\/v2\/posts"}],"about":[{"href":"https:\/\/corrientesdetarde.com\/index.php\/wp-json\/wp\/v2\/types\/post"}],"author":[{"embeddable":true,"href":"https:\/\/corrientesdetarde.com\/index.php\/wp-json\/wp\/v2\/users\/4"}],"replies":[{"embeddable":true,"href":"https:\/\/corrientesdetarde.com\/index.php\/wp-json\/wp\/v2\/comments?post=148965"}],"version-history":[{"count":1,"href":"https:\/\/corrientesdetarde.com\/index.php\/wp-json\/wp\/v2\/posts\/148965\/revisions"}],"predecessor-version":[{"id":148967,"href":"https:\/\/corrientesdetarde.com\/index.php\/wp-json\/wp\/v2\/posts\/148965\/revisions\/148967"}],"wp:featuredmedia":[{"embeddable":true,"href":"https:\/\/corrientesdetarde.com\/index.php\/wp-json\/wp\/v2\/media\/148966"}],"wp:attachment":[{"href":"https:\/\/corrientesdetarde.com\/index.php\/wp-json\/wp\/v2\/media?parent=148965"}],"wp:term":[{"taxonomy":"category","embeddable":true,"href":"https:\/\/corrientesdetarde.com\/index.php\/wp-json\/wp\/v2\/categories?post=148965"},{"taxonomy":"post_tag","embeddable":true,"href":"https:\/\/corrientesdetarde.com\/index.php\/wp-json\/wp\/v2\/tags?post=148965"}],"curies":[{"name":"wp","href":"https:\/\/api.w.org\/{rel}","templated":true}]}}