{"id":148968,"date":"2024-05-20T20:33:03","date_gmt":"2024-05-20T23:33:03","guid":{"rendered":"https:\/\/corrientesdetarde.com\/?p=148968"},"modified":"2024-05-20T20:33:04","modified_gmt":"2024-05-20T23:33:04","slug":"tras-el-intento-de-asesinato-el-primer-ministro-de-eslovaquia-esta-mejorando","status":"publish","type":"post","link":"https:\/\/corrientesdetarde.com\/index.php\/internacionales\/tras-el-intento-de-asesinato-el-primer-ministro-de-eslovaquia-esta-mejorando\/","title":{"rendered":"Tras el intento de asesinato, el primer ministro de Eslovaquia &#8220;est\u00e1 mejorando&#8221;"},"content":{"rendered":"\n<p>As\u00ed informaron los m\u00e9dicos que atienden a Robert Fico, mientras se recupera de haber sido alcanzado por cuatro balas la semana pasada.<\/p>\n\n\n\n<p><strong>El estado del primer ministro de Eslovaquia, Robert Fico, es estable y est\u00e1 mejorando,<\/strong>&nbsp;dijeron el lunes los m\u00e9dicos que lo atienden, mientras se recupera de haber sido alcanzado por cuatro balas en un intento de asesinato la semana pasada.<\/p>\n\n\n\n<p>El ataque del mi\u00e9rcoles, el primero de gran envergadura contra un l\u00edder pol\u00edtico europeo en m\u00e1s de 20 a\u00f1os, puso de relieve las profundas divisiones pol\u00edticas de la sociedad eslovaca.<\/p>\n\n\n\n<p><strong>&#8220;Tras la reuni\u00f3n de hoy de la junta m\u00e9dica, el estado del paciente es estable&#8221;,<\/strong>&nbsp;dijo el hospital de la ciudad de Banska Bystrica, en el centro de Eslovaquia, en un comunicado en su p\u00e1gina de Facebook.<\/p>\n\n\n\n<p>En tanto, a\u00f1adi\u00f3:&nbsp;<strong>&#8220;Est\u00e1 mejorando cl\u00ednicamente, se comunica y sus marcadores inflamatorios est\u00e1n disminuyendo gradualmente<\/strong>. El primer ministro sigue a nuestro cuidado&#8221;.<\/p>\n\n\n\n<p><strong>El vice primer ministro, Robert Kalinak, dijo el domingo que la vida de Fico ya no corr\u00eda peligro inmediato<\/strong>, aunque su estado segu\u00eda siendo demasiado grave como para trasladarlo a un hospital de la capital, Bratislava.<\/p>\n\n\n\n<p>Por su parte,&nbsp;<strong>el ministro del Interior, Matus Sutaj Estok, se\u00f1al\u00f3 que se hab\u00eda creado un equipo de investigaci\u00f3n que estudiar\u00eda si el sospechoso hab\u00eda actuado solo<\/strong>, como se crey\u00f3 en un principio.<\/p>\n\n\n\n<p>El sospechoso, de 71 a\u00f1os, identificado por los fiscales como Juraj C., es un antiguo guardia de seguridad de un centro comercial y autor de tres poemarios. Los investigadores tratar\u00e1n de determinar si formaba parte de un grupo de personas que se hab\u00edan animado mutuamente a llevar a cabo un asesinato, dijo Estok.<\/p>\n\n\n\n<p>Un factor que sugiere la participaci\u00f3n de otras personas es que las comunicaciones por internet del sospechoso fueron borradas dos horas despu\u00e9s del intento de asesinato, pero no por el sospechoso y muy probablemente tampoco por su esposa, dijo.<\/p>\n","protected":false},"excerpt":{"rendered":"<p>As\u00ed informaron los m\u00e9dicos que atienden a Robert Fico, mientras se recupera de haber sido alcanzado por cuatro balas la semana pasada. El estado del primer ministro de Eslovaquia, Robert&hellip; <\/p>\n","protected":false},"author":4,"featured_media":148969,"comment_status":"closed","ping_status":"open","sticky":false,"template":"","format":"standard","meta":{"footnotes":""},"categories":[11],"tags":[],"class_list":["post-148968","post","type-post","status-publish","format-standard","has-post-thumbnail","hentry","category-internacionales"],"_links":{"self":[{"href":"https:\/\/corrientesdetarde.com\/index.php\/wp-json\/wp\/v2\/posts\/148968","targetHints":{"allow":["GET"]}}],"collection":[{"href":"https:\/\/corrientesdetarde.com\/index.php\/wp-json\/wp\/v2\/posts"}],"about":[{"href":"https:\/\/corrientesdetarde.com\/index.php\/wp-json\/wp\/v2\/types\/post"}],"author":[{"embeddable":true,"href":"https:\/\/corrientesdetarde.com\/index.php\/wp-json\/wp\/v2\/users\/4"}],"replies":[{"embeddable":true,"href":"https:\/\/corrientesdetarde.com\/index.php\/wp-json\/wp\/v2\/comments?post=148968"}],"version-history":[{"count":1,"href":"https:\/\/corrientesdetarde.com\/index.php\/wp-json\/wp\/v2\/posts\/148968\/revisions"}],"predecessor-version":[{"id":148970,"href":"https:\/\/corrientesdetarde.com\/index.php\/wp-json\/wp\/v2\/posts\/148968\/revisions\/148970"}],"wp:featuredmedia":[{"embeddable":true,"href":"https:\/\/corrientesdetarde.com\/index.php\/wp-json\/wp\/v2\/media\/148969"}],"wp:attachment":[{"href":"https:\/\/corrientesdetarde.com\/index.php\/wp-json\/wp\/v2\/media?parent=148968"}],"wp:term":[{"taxonomy":"category","embeddable":true,"href":"https:\/\/corrientesdetarde.com\/index.php\/wp-json\/wp\/v2\/categories?post=148968"},{"taxonomy":"post_tag","embeddable":true,"href":"https:\/\/corrientesdetarde.com\/index.php\/wp-json\/wp\/v2\/tags?post=148968"}],"curies":[{"name":"wp","href":"https:\/\/api.w.org\/{rel}","templated":true}]}}