{"id":148984,"date":"2024-05-20T21:32:36","date_gmt":"2024-05-21T00:32:36","guid":{"rendered":"https:\/\/corrientesdetarde.com\/?p=148984"},"modified":"2024-05-20T21:32:47","modified_gmt":"2024-05-21T00:32:47","slug":"el-fiscal-de-la-corte-penal-internacional-pidio-el-arresto-de-netanyahu-su-ministro-de-defensa-y-la-cupula-de-hamas","status":"publish","type":"post","link":"https:\/\/corrientesdetarde.com\/index.php\/internacionales\/el-fiscal-de-la-corte-penal-internacional-pidio-el-arresto-de-netanyahu-su-ministro-de-defensa-y-la-cupula-de-hamas\/","title":{"rendered":"El fiscal de la Corte Penal Internacional pidi\u00f3 el arresto de Netanyahu, su ministro de Defensa y la c\u00fapula de Hamas"},"content":{"rendered":"\n<p>El Tribunal de La Haya deber\u00e1 expedirse sobre la responsabilidad penal de los acusados por presuntos cr\u00edmenes de guerra y de lesa humanidad.<\/p>\n\n\n\n<p>El fiscal de la Corte Penal Internacional, (CPI),&nbsp;<strong>Karim Khan<\/strong>, solicit\u00f3&nbsp;<strong>\u00f3rdenes de arresto contra el primer ministro israel\u00ed, Benjamin Netanyahu, y el principal l\u00edder de Ham\u00e1s, Yahya Sinwar.<\/strong><\/p>\n\n\n\n<p>Asimismo, curs\u00f3 pedido de detenci\u00f3n contra el ministro de Defensa de Israel,&nbsp;<strong>Yoav Gallant,&nbsp;<\/strong>y los otros&nbsp;<strong>dos altos l\u00edderes de Ham\u00e1s: Mohammed Diab Ibrahim al-Masri y Ismail Haniya.<\/strong><\/p>\n\n\n\n<p>Fundament\u00f3 la medida requerida al Tribunal de La Haya en &#8220;motivos razonables&#8221; acerca de que&nbsp;<strong>ambos tienen responsabilidad penal por presuntos cr\u00edmenes de guerra y cr\u00edmenes contra la humanidad<\/strong>&nbsp;cometidos durante y tras los&nbsp;<strong>ataques del 7 de octubre contra Israel y la posterior ofensiva militar israel\u00ed en Gaza.<\/strong><\/p>\n\n\n\n<p>Los cargos contra estos \u00faltimos incluyen&nbsp;<strong>exterminio, asesinato, toma de rehenes, violaci\u00f3n y tortura<\/strong>, en tanto contra Netanyahu y Gallant son por&nbsp;<strong>provocar hambruna como m\u00e9todo de guerra, causar intencionalmente grandes sufrimientos, dirigir intencionalmente ataques contra la poblaci\u00f3n civil y persecuci\u00f3n.<\/strong><\/p>\n\n\n\n<p>La investigaci\u00f3n abarc\u00f3 las<strong>&nbsp;acciones de Israel en los territorios ocupados de Cisjordania y Gaza<\/strong>&nbsp;durante los \u00faltimos tres a\u00f1os, y tambi\u00e9n las&nbsp;<strong>acciones de Ham\u00e1s desde el 7 de octubre.<\/strong><\/p>\n\n\n\n<p>Las acusaciones presentadas por el fiscal ser\u00e1n consideradas por&nbsp;<strong>un panel de jueces de la CPI<\/strong>&nbsp;y en caso de ser homologado el pedido, los 124 Estados firmantes del estatuto de la Corte estar\u00edan&nbsp;<strong>obligados a detener a los acusados si se presentaran en su jurisdicci\u00f3n.<\/strong><\/p>\n\n\n\n<p><strong>Rusia, China y Estados Unidos&nbsp;<\/strong>estar\u00edan exentos de ejecutar una eventual orden, por no habe suscripto el estatuto. Tambi\u00e9n<strong>&nbsp;Israel.<\/strong>&nbsp;Pero como los&nbsp;<strong>territorios palestinos fueron admitidos como Estado miembro en 2015<\/strong>, la CPI dictamin\u00f3 que<strong>&nbsp;tiene autoridad legal para procesar actos criminales en la guerra al ser los palestinos signatarios.<\/strong><\/p>\n\n\n\n<p>A\u00fan as\u00ed, el jefe del gobierno de Israel,&nbsp;<strong>Benjam\u00edn Netanyahu<\/strong>, el primer ministro con m\u00e1s a\u00f1os en el cargo,<strong>&nbsp;no podr\u00eda visitar a sus aliados occidentales, a excepci\u00f3n de Estados Unidos<\/strong>, sin correr el&nbsp;<strong>riesgo de ser apresado.<\/strong><\/p>\n\n\n\n<p>Lo mismo aplica para&nbsp;<strong>Yoav Gallant<\/strong>, el ministro de defensa de Israel, cuyo anuncio de que&nbsp;<strong>asediar\u00edan Gaza dos d\u00edas despu\u00e9s de los ataques de Hamas, el 7 de octubre, fue esgrimido frecuentemente por los detractores del Estado jud\u00edo.<\/strong>&nbsp;&#8220;No habr\u00e1&nbsp;<strong>electricidad, ni alimentos, ni combustible,&nbsp;<\/strong>todo est\u00e1 cerrado&#8230;&nbsp;<strong>estamos luchando contra animales humanos<\/strong>&nbsp;y estamos actuando en consecuencia&#8221;, fueron sus palabras.<\/p>\n\n\n\n<p>Las tom\u00f3 el fiscal de la CPI,&nbsp;<strong>Karim Khan,<\/strong>&nbsp;que es abogado del rey brit\u00e1nico, al declarar en el escrito que<strong>&nbsp;&#8220;Israel ha privado intencional y sistem\u00e1ticamente a la poblaci\u00f3n civil en todas partes de Gaza de objetos indispensables para la supervivencia humana&#8221;.<\/strong><\/p>\n\n\n\n<p>La decisi\u00f3n puede llevar semanas e incluso meses.<\/p>\n\n\n\n<h3 class=\"wp-block-heading\">Repercusiones<\/h3>\n\n\n\n<p>La primera repercusi\u00f3n provino del presidente de Israel,&nbsp;<strong>Isaac Herzog,&nbsp;<\/strong>quien enfatiz\u00f3 que &#8220;cualquier intento de establecer paralelismos entre estos atroces terroristas y un gobierno democr\u00e1ticamente elegido de Israel&#8230; es&nbsp;<strong>escandaloso<\/strong>&#8220;.<\/p>\n\n\n\n<p>El ministro de Asuntos Exteriores agreg\u00f3 que la CPI pretende atar las manos de Israel y negarle el derecho a la autodefensa.<\/p>\n\n\n\n<p>Por su parte, un alto funcionario de Ham\u00e1s,<strong>&nbsp;Sami Abu Zuhri<\/strong>, dijo que solicitar \u00f3rdenes de arresto para tres l\u00edderes de Ham\u00e1s&nbsp;<strong>&#8220;equipara a la v\u00edctima con el verdugo&#8221;&nbsp;<\/strong>y que, seg\u00fan \u00e9l,&nbsp;<strong>anima a Israel a continuar su &#8220;guerra de exterminio&#8221; en Gaza.<\/strong><\/p>\n\n\n\n<p>El grupo militante palestino afirm\u00f3 que, en todo caso,&nbsp;<strong>la solicitud de arresto en contra de los l\u00edderes israel\u00edes llega con &#8220;con siete meses de retraso&#8221;.<\/strong><\/p>\n\n\n\n<p>Y exigi\u00f3 que sean&nbsp;<strong>canceladas todas las \u00f3rdenes de arresto emitidas contra l\u00edderes de la resistencia palestina por violar las convenciones y resoluciones de la ONU.<\/strong><\/p>\n\n\n\n<p>Dos de los cabecillas de Ham\u00e1s,&nbsp;<strong>Yahya Sinwar<\/strong>&nbsp;(jefe de Ham\u00e1s en Gaza), y&nbsp;<strong>Mohammed Deif&nbsp;<\/strong>(al que la CPI se refiere como&nbsp;<strong>Mohammed al-Masri<\/strong>), comandante del ala militar de Ham\u00e1s, aparentemente&nbsp;<strong>se esconden en alg\u00fan lugar dentro de Gaza<\/strong>&nbsp;&nbsp;e Israel, durante los \u00faltimos siete meses, estuvo intentando matarlos. Pero el otro l\u00edder que enfrenta una orden judicial es<strong>&nbsp;Ismail Haniya,<\/strong>&nbsp;<strong>jefe del bur\u00f3 pol\u00edtico de Ham\u00e1s.<\/strong><\/p>\n","protected":false},"excerpt":{"rendered":"<p>El Tribunal de La Haya deber\u00e1 expedirse sobre la responsabilidad penal de los acusados por presuntos cr\u00edmenes de guerra y de lesa humanidad. El fiscal de la Corte Penal Internacional,&hellip; <\/p>\n","protected":false},"author":4,"featured_media":148985,"comment_status":"closed","ping_status":"open","sticky":false,"template":"","format":"standard","meta":{"footnotes":""},"categories":[11],"tags":[],"class_list":["post-148984","post","type-post","status-publish","format-standard","has-post-thumbnail","hentry","category-internacionales"],"_links":{"self":[{"href":"https:\/\/corrientesdetarde.com\/index.php\/wp-json\/wp\/v2\/posts\/148984","targetHints":{"allow":["GET"]}}],"collection":[{"href":"https:\/\/corrientesdetarde.com\/index.php\/wp-json\/wp\/v2\/posts"}],"about":[{"href":"https:\/\/corrientesdetarde.com\/index.php\/wp-json\/wp\/v2\/types\/post"}],"author":[{"embeddable":true,"href":"https:\/\/corrientesdetarde.com\/index.php\/wp-json\/wp\/v2\/users\/4"}],"replies":[{"embeddable":true,"href":"https:\/\/corrientesdetarde.com\/index.php\/wp-json\/wp\/v2\/comments?post=148984"}],"version-history":[{"count":1,"href":"https:\/\/corrientesdetarde.com\/index.php\/wp-json\/wp\/v2\/posts\/148984\/revisions"}],"predecessor-version":[{"id":148986,"href":"https:\/\/corrientesdetarde.com\/index.php\/wp-json\/wp\/v2\/posts\/148984\/revisions\/148986"}],"wp:featuredmedia":[{"embeddable":true,"href":"https:\/\/corrientesdetarde.com\/index.php\/wp-json\/wp\/v2\/media\/148985"}],"wp:attachment":[{"href":"https:\/\/corrientesdetarde.com\/index.php\/wp-json\/wp\/v2\/media?parent=148984"}],"wp:term":[{"taxonomy":"category","embeddable":true,"href":"https:\/\/corrientesdetarde.com\/index.php\/wp-json\/wp\/v2\/categories?post=148984"},{"taxonomy":"post_tag","embeddable":true,"href":"https:\/\/corrientesdetarde.com\/index.php\/wp-json\/wp\/v2\/tags?post=148984"}],"curies":[{"name":"wp","href":"https:\/\/api.w.org\/{rel}","templated":true}]}}