{"id":148987,"date":"2024-05-20T21:36:50","date_gmt":"2024-05-21T00:36:50","guid":{"rendered":"https:\/\/corrientesdetarde.com\/?p=148987"},"modified":"2024-05-20T21:36:55","modified_gmt":"2024-05-21T00:36:55","slug":"rusia-advirtio-que-sus-planes-no-varian-si-zelenski-pasa-a-ser-un-presidente-ilegitimo-a-partir-del-vencimiento-de-su-mandato","status":"publish","type":"post","link":"https:\/\/corrientesdetarde.com\/index.php\/internacionales\/rusia-advirtio-que-sus-planes-no-varian-si-zelenski-pasa-a-ser-un-presidente-ilegitimo-a-partir-del-vencimiento-de-su-mandato\/","title":{"rendered":"Rusia advirti\u00f3 que sus planes no var\u00edan si Zelenski pasa a ser un &#8220;presidente ileg\u00edtimo&#8221; a partir del vencimiento de su mandato"},"content":{"rendered":"\n<p>Por su parte, el presidente de Ucrania volvi\u00f3 a quejarse de la demora en llegar de la ayuda occidental.<\/p>\n\n\n\n<p><strong>La situaci\u00f3n en torno a la legitimidad del presidente de Ucrania, Volod\u00edmir Zelenski, cuyo mandato expira este 21 de mayo, no afectar\u00e1 el curso de la operaci\u00f3n militar especial,&nbsp;<\/strong>declar\u00f3 este lunes el portavoz del Kremlin, Dmitri Peskov.<\/p>\n\n\n\n<p><strong>&#8220;La operaci\u00f3n especial contin\u00faa&#8221;,&nbsp;<\/strong>asegur\u00f3 Peskov al comentar si la expiraci\u00f3n del mandato de Zelenski repercutir\u00eda en la operaci\u00f3n militar especial.<\/p>\n\n\n\n<p>La semana pasada,&nbsp;<strong>el presidente de Rusia, Vlad\u00edmir Putin, en una conferencia de prensa tras su visita a China, se\u00f1al\u00f3 que el sistema pol\u00edtico y jur\u00eddico de Ucrania debe resolver la cuesti\u00f3n de la legitimidad de Zelenski.<\/strong><\/p>\n\n\n\n<p><strong>Ucrania deb\u00eda celebrar elecciones presidenciales en marzo pasado, pero el presidente ucraniano suspendi\u00f3 los comicios con el pretexto de la ley marcial, que rige en el pa\u00eds desde el inicio de la operaci\u00f3n militar especial de Rusia en febrero de 2022,&nbsp;<\/strong>record\u00f3 este lunes el sitio Sputnik News.<\/p>\n\n\n\n<p><strong>Rusia denomina operaci\u00f3n militar especial a lo que en rigor fue la invasi\u00f3n del pa\u00eds vecino, con el objetivo declamado de \u201cdesnazificar\u201d&nbsp;<\/strong>Ucrania.<\/p>\n\n\n\n<p><strong>La Ley Marcial supuso la movilizaci\u00f3n general de la poblaci\u00f3n&nbsp;<\/strong>a causa de la guerra.<\/p>\n\n\n\n<p>A prop\u00f3sito de&nbsp;<strong>Zelenski<\/strong>, este lunes volvi\u00f3 a quejarse de que sus aliados occidentales est\u00e1n tardando demasiado en tomar decisiones sobre el apoyo militar a Ucrania.<\/p>\n\n\n\n<p>Lo hizo durante una entrevista exclusiva en&nbsp;<strong>Kiev&nbsp;<\/strong>que concedi\u00f3 a la agencia de noticias Reuters, con sede central en Londres.<\/p>\n\n\n\n<p><strong>El mandatario describi\u00f3 la entrega de ayuda militar, en particular de defensas a\u00e9reas como los sistemas Patriot de los que Ucrania depende en gran medida en su guerra con Rusia, como &#8220;un gran paso adelante,&nbsp;<\/strong>pero antes de eso, dos pasos atr\u00e1s&#8221;.<\/p>\n\n\n\n<p><strong>&#8220;Cada decisi\u00f3n a la que llegamos nosotros, y m\u00e1s tarde todos juntos, llega con un retraso de alrededor de un a\u00f1o&#8221;,&nbsp;<\/strong>declar\u00f3. &nbsp;<\/p>\n\n\n\n<p>Los entrevistadores de&nbsp;<strong>Zelenski&nbsp;<\/strong>revelaron que vest\u00eda su caracter\u00edstica camiseta y pantalones caqui y comentaron que levant\u00f3 la voz en algunos momentos.<\/p>\n","protected":false},"excerpt":{"rendered":"<p>Por su parte, el presidente de Ucrania volvi\u00f3 a quejarse de la demora en llegar de la ayuda occidental. La situaci\u00f3n en torno a la legitimidad del presidente de Ucrania,&hellip; <\/p>\n","protected":false},"author":4,"featured_media":148988,"comment_status":"closed","ping_status":"open","sticky":false,"template":"","format":"standard","meta":{"footnotes":""},"categories":[11],"tags":[],"class_list":["post-148987","post","type-post","status-publish","format-standard","has-post-thumbnail","hentry","category-internacionales"],"_links":{"self":[{"href":"https:\/\/corrientesdetarde.com\/index.php\/wp-json\/wp\/v2\/posts\/148987","targetHints":{"allow":["GET"]}}],"collection":[{"href":"https:\/\/corrientesdetarde.com\/index.php\/wp-json\/wp\/v2\/posts"}],"about":[{"href":"https:\/\/corrientesdetarde.com\/index.php\/wp-json\/wp\/v2\/types\/post"}],"author":[{"embeddable":true,"href":"https:\/\/corrientesdetarde.com\/index.php\/wp-json\/wp\/v2\/users\/4"}],"replies":[{"embeddable":true,"href":"https:\/\/corrientesdetarde.com\/index.php\/wp-json\/wp\/v2\/comments?post=148987"}],"version-history":[{"count":1,"href":"https:\/\/corrientesdetarde.com\/index.php\/wp-json\/wp\/v2\/posts\/148987\/revisions"}],"predecessor-version":[{"id":148989,"href":"https:\/\/corrientesdetarde.com\/index.php\/wp-json\/wp\/v2\/posts\/148987\/revisions\/148989"}],"wp:featuredmedia":[{"embeddable":true,"href":"https:\/\/corrientesdetarde.com\/index.php\/wp-json\/wp\/v2\/media\/148988"}],"wp:attachment":[{"href":"https:\/\/corrientesdetarde.com\/index.php\/wp-json\/wp\/v2\/media?parent=148987"}],"wp:term":[{"taxonomy":"category","embeddable":true,"href":"https:\/\/corrientesdetarde.com\/index.php\/wp-json\/wp\/v2\/categories?post=148987"},{"taxonomy":"post_tag","embeddable":true,"href":"https:\/\/corrientesdetarde.com\/index.php\/wp-json\/wp\/v2\/tags?post=148987"}],"curies":[{"name":"wp","href":"https:\/\/api.w.org\/{rel}","templated":true}]}}