{"id":148993,"date":"2024-05-20T22:06:38","date_gmt":"2024-05-21T01:06:38","guid":{"rendered":"https:\/\/corrientesdetarde.com\/?p=148993"},"modified":"2024-05-20T22:06:50","modified_gmt":"2024-05-21T01:06:50","slug":"paro-nacional-de-docentes-durante-24-horas-el-proximo-jueves","status":"publish","type":"post","link":"https:\/\/corrientesdetarde.com\/index.php\/actualidad\/paro-nacional-de-docentes-durante-24-horas-el-proximo-jueves\/","title":{"rendered":"Paro Nacional de Docentes durante 24 horas el pr\u00f3ximo jueves"},"content":{"rendered":"\n<p>Tanto CTERA como los gremios agrupados en la CGT convocar\u00e1n a una nueva medida de fuerza ante la falta de convocatoria de la paritaria nacional docente por parte del Gobierno. Qu\u00e9 alcances tendr\u00e1 la huelga y qui\u00e9nes la protagonizar\u00e1n.<\/p>\n\n\n\n<p>Los gremios docentes realizar\u00e1n este jueves un paro de 24 horas en todos los niveles del sistema educativo (inicial, primaria, secundaria, t\u00e9cnica, institutos de educaci\u00f3n superior y nivel universitario) en protesta por el atraso salarial y la falta de convocatoria del Gobierno a la paritaria nacional del sector, que &#8220;est\u00e1 pisada desde el mes de diciembre de 2023 en $250.000\u2033.<\/p>\n\n\n\n<p>&nbsp;<br>La medida de fuerza, que fue resuelta tanto por los 4 gremios docentes de la CGT (UDA, AMET, CEA y SADOP) como por la Confederaci\u00f3n de Trabajadores de la Educaci\u00f3n de la Rep\u00fablica Argentina (CTERA), se producir\u00e1 ante el estancamiento de las negociaciones con la ministra de Capital Humano, Sandra Pettovello, que el 6 de este mes prometi\u00f3 respuestas a los reclamos salariales, como el llamado a la paritaria nacional docente, y no volvi\u00f3 a llamar a los dirigentes del sector educativo.<\/p>\n\n\n\n<p>El secretario de Pol\u00edticas Educativas de la CGT, Sergio Romero, quien lidera la Uni\u00f3n Docentes Argentinos (UDA), convoc\u00f3 a una conferencia de prensa para este martes, a las 15.30, en la sede cegetista de Azopardo 802 para brindar precisiones sobre el paro dispuesto para el jueves.<\/p>\n\n\n\n<p>En declaraciones a Infobae, Romero justific\u00f3 la medida de fuerza de los gremios: &#8220;El sistema educativo en la Argentina est\u00e1 atravesando una crisis muy profunda y hemos tratado de colaborar para superar esta situaci\u00f3n, pero lamentablemente no se pudo encontrar una soluci\u00f3n con el Gobierno&#8221;:<\/p>\n\n\n\n<p>El sindicalista resalt\u00f3 que los motivos de la protestas &#8220;son de todo tipo&#8221; y detall\u00f3 que &#8220;en lo salarial nunca se han visto en el pa\u00eds salarios iniciales por debajo de la l\u00ednea de pobreza y en algunos casos debajo de la l\u00ednea de indigencia, y por eso este cuadro hay que revertirlo r\u00e1pidamente&#8221;. &#8220;Tenemos docentes pobres que no alcanzan a cubrir sus necesidades indispensables -agreg\u00f3-. Muchos de ellos son jefes de familia y eso es grav\u00edsimo, es parte de una crisis profunda en el tema salarial&#8221;.<\/p>\n\n\n\n<p>&nbsp;<br>Te puede interesar:A pesar de la tensi\u00f3n diplom\u00e1tica con el gobierno de Pedro S\u00e1nchez, Javier Milei viajar\u00e1 nuevamente a Espa\u00f1a en junio&nbsp;<br>Romero, quien fue uno de los dirigentes que se reuni\u00f3 hace dos semanas con Pettovello, dijo: &#8220;Nos encontramos con una ministra muy predispuesta a negociar, pero hasta ahora no han convocado, como estaba previsto y como se comprometieron, a la paritaria nacional docente&#8221;.<\/p>\n\n\n\n<p>Seg\u00fan el titular de UDA, otro reclamo de los sindicatos del sector es que el Gobierno &#8220;ha bajado mucho la inversi\u00f3n en educaci\u00f3n, producto de negarse a darle continuidad al Fondo Nacional de Incentivo Docente, es decir, no s\u00f3lo los salarios est\u00e1n por debajo de la l\u00ednea de pobreza, sino que incluso se han reducido por no pagar el FONID&#8221;.<\/p>\n\n\n\n<p>Agreg\u00f3 que &#8220;tampoco se llega al 6% de inversi\u00f3n del PBI, como est\u00e1 previsto en las leyes de financiamiento educativo, sino que en esta gesti\u00f3n de gobierno se ha invertido menos de la mitad de ese porcentaje&#8221;. &#8220;Es grave porque implica que se han dejado de repartir libros y netbooks a los alumnos, lo que agrava la crisis muy profunda del sistema educativo argentino&#8221;, destac\u00f3 Romero.<\/p>\n\n\n\n<p>El jefe cegetista consider\u00f3 que &#8220;se necesita que los trabajadores, junto con el Estado, encontremos un un \u00e1mbito de negociaci\u00f3n que permita sacar de esta estado a la educaci\u00f3n argentina&#8221; y enfatiz\u00f3: &#8220;Un pa\u00eds da muestras de lo que quiere ser cuando la educaci\u00f3n es prioritaria, pero para este gobierno, evidentemente, la educaci\u00f3n no es una prioridad&#8221;.<\/p>\n\n\n\n<p>Para Romero, el hecho de que los sindicatos docentes universitarios se hayan sumado a la protesta &#8220;significa que el paro va a ser muy contundente en todos los niveles del sistema educativo argentino&#8221;. Y manifest\u00f3 que &#8220;el reflejo de un pa\u00eds es la educaci\u00f3n, pero parece que la educaci\u00f3n, en vez de ser prioridad, es un problema para el Gobierno, y eso nos preocupa porque tenemos que formar y capacitar a los j\u00f3venes para incorporarlos al mundo del trabajo, y as\u00ed no se logra&#8221;.<\/p>\n\n\n\n<p>\u00bfSe puede levantar la huelga si hubiera una convocatoria del Gobierno al di\u00e1logo? Romero dijo que &#8220;estamos muy encima de esa posibilidad, pero ser\u00eda analizado en caso de que nos convoquen&#8221;. Y advirti\u00f3: &#8220;Hasta el momento, no tenemos motivos para dejar sin efecto la medida de fuerza&#8221;.<\/p>\n","protected":false},"excerpt":{"rendered":"<p>Tanto CTERA como los gremios agrupados en la CGT convocar\u00e1n a una nueva medida de fuerza ante la falta de convocatoria de la paritaria nacional docente por parte del Gobierno.&hellip; <\/p>\n","protected":false},"author":4,"featured_media":148994,"comment_status":"closed","ping_status":"open","sticky":false,"template":"","format":"standard","meta":{"footnotes":""},"categories":[23],"tags":[],"class_list":["post-148993","post","type-post","status-publish","format-standard","has-post-thumbnail","hentry","category-actualidad"],"_links":{"self":[{"href":"https:\/\/corrientesdetarde.com\/index.php\/wp-json\/wp\/v2\/posts\/148993","targetHints":{"allow":["GET"]}}],"collection":[{"href":"https:\/\/corrientesdetarde.com\/index.php\/wp-json\/wp\/v2\/posts"}],"about":[{"href":"https:\/\/corrientesdetarde.com\/index.php\/wp-json\/wp\/v2\/types\/post"}],"author":[{"embeddable":true,"href":"https:\/\/corrientesdetarde.com\/index.php\/wp-json\/wp\/v2\/users\/4"}],"replies":[{"embeddable":true,"href":"https:\/\/corrientesdetarde.com\/index.php\/wp-json\/wp\/v2\/comments?post=148993"}],"version-history":[{"count":1,"href":"https:\/\/corrientesdetarde.com\/index.php\/wp-json\/wp\/v2\/posts\/148993\/revisions"}],"predecessor-version":[{"id":148995,"href":"https:\/\/corrientesdetarde.com\/index.php\/wp-json\/wp\/v2\/posts\/148993\/revisions\/148995"}],"wp:featuredmedia":[{"embeddable":true,"href":"https:\/\/corrientesdetarde.com\/index.php\/wp-json\/wp\/v2\/media\/148994"}],"wp:attachment":[{"href":"https:\/\/corrientesdetarde.com\/index.php\/wp-json\/wp\/v2\/media?parent=148993"}],"wp:term":[{"taxonomy":"category","embeddable":true,"href":"https:\/\/corrientesdetarde.com\/index.php\/wp-json\/wp\/v2\/categories?post=148993"},{"taxonomy":"post_tag","embeddable":true,"href":"https:\/\/corrientesdetarde.com\/index.php\/wp-json\/wp\/v2\/tags?post=148993"}],"curies":[{"name":"wp","href":"https:\/\/api.w.org\/{rel}","templated":true}]}}