{"id":148997,"date":"2024-05-20T22:31:46","date_gmt":"2024-05-21T01:31:46","guid":{"rendered":"https:\/\/corrientesdetarde.com\/?p=148997"},"modified":"2024-05-20T22:31:57","modified_gmt":"2024-05-21T01:31:57","slug":"corrientes-del-15-al-26-de-julio-seran-las-vacaciones-de-invierno","status":"publish","type":"post","link":"https:\/\/corrientesdetarde.com\/index.php\/destacados\/corrientes-del-15-al-26-de-julio-seran-las-vacaciones-de-invierno\/","title":{"rendered":"Corrientes: del 15 al 26 de julio ser\u00e1n las vacaciones de invierno"},"content":{"rendered":"\n<p>El organismo dio a conocer las fechas del receso invernal en la provincia.<\/p>\n\n\n\n<p>El Ministerio de Educaci\u00f3n de la Provincia defini\u00f3 el receso de invierno para el mes de julio seg\u00fan el calendario escolar de 2024. El cronograma estableci\u00f3 que la tanto Ciudad de Corrientes como en el resto de la provincia gozaran de las vacaciones de invierno entre el lunes 15 al viernes 26 de julio.<\/p>\n\n\n\n<h2 class=\"wp-block-heading\">Vacaciones de invierno 2024: las fechas por provincia<\/h2>\n\n\n\n<p>Buenos Aires: del 15 al 26 de julio<br>CABA: del 15 al 26 de julio<br>Catamarca: del 8 al 19 de julio<br>Chaco: del 15 al 26 de julio<br>Chubut: del 15 al 26 de julio<br>C\u00f3rdoba: del 8 al 19 de julio<br>Corrientes: del 15 al 26 de julio<br>Entre R\u00edos: del 8 al 19 de julio<br>Formosa: del 15 al 26 de julio<br>Jujuy: del 15 al 26 de julio<\/p>\n\n\n\n<p>La Pampa: del 10 al 23 de julio<\/p>\n\n\n\n<p>La Rioja: del 8 al 19 de julio<br>Mendoza: del 8 al 19 de julio<br>Misiones: del 15 al 26 de julio<br>Neuqu\u00e9n: del 8 al 19 de julio<br>R\u00edo Negro: del 8 al 19 de julio<br>Salta: del 8 al 19 de julio<br>San Juan: del 8 al 19 de julio<br>San Luis: del 8 al 19 de julio<br>Santa Cruz: del 15 al 26 de julio<br>Santa Fe: del 8 al 19 de julio<br>Santiago del Estero: del 15 al 26 de julio<br>Tierra del Fuego: del 15 al 26 de julio<br>Tucum\u00e1n: del 8 al 19 de julio.<\/p>\n","protected":false},"excerpt":{"rendered":"<p>El organismo dio a conocer las fechas del receso invernal en la provincia. El Ministerio de Educaci\u00f3n de la Provincia defini\u00f3 el receso de invierno para el mes de julio&hellip; <\/p>\n","protected":false},"author":4,"featured_media":148998,"comment_status":"closed","ping_status":"open","sticky":false,"template":"","format":"standard","meta":{"footnotes":""},"categories":[26,32],"tags":[],"class_list":["post-148997","post","type-post","status-publish","format-standard","has-post-thumbnail","hentry","category-destacados","category-educacion"],"_links":{"self":[{"href":"https:\/\/corrientesdetarde.com\/index.php\/wp-json\/wp\/v2\/posts\/148997","targetHints":{"allow":["GET"]}}],"collection":[{"href":"https:\/\/corrientesdetarde.com\/index.php\/wp-json\/wp\/v2\/posts"}],"about":[{"href":"https:\/\/corrientesdetarde.com\/index.php\/wp-json\/wp\/v2\/types\/post"}],"author":[{"embeddable":true,"href":"https:\/\/corrientesdetarde.com\/index.php\/wp-json\/wp\/v2\/users\/4"}],"replies":[{"embeddable":true,"href":"https:\/\/corrientesdetarde.com\/index.php\/wp-json\/wp\/v2\/comments?post=148997"}],"version-history":[{"count":1,"href":"https:\/\/corrientesdetarde.com\/index.php\/wp-json\/wp\/v2\/posts\/148997\/revisions"}],"predecessor-version":[{"id":148999,"href":"https:\/\/corrientesdetarde.com\/index.php\/wp-json\/wp\/v2\/posts\/148997\/revisions\/148999"}],"wp:featuredmedia":[{"embeddable":true,"href":"https:\/\/corrientesdetarde.com\/index.php\/wp-json\/wp\/v2\/media\/148998"}],"wp:attachment":[{"href":"https:\/\/corrientesdetarde.com\/index.php\/wp-json\/wp\/v2\/media?parent=148997"}],"wp:term":[{"taxonomy":"category","embeddable":true,"href":"https:\/\/corrientesdetarde.com\/index.php\/wp-json\/wp\/v2\/categories?post=148997"},{"taxonomy":"post_tag","embeddable":true,"href":"https:\/\/corrientesdetarde.com\/index.php\/wp-json\/wp\/v2\/tags?post=148997"}],"curies":[{"name":"wp","href":"https:\/\/api.w.org\/{rel}","templated":true}]}}