{"id":149298,"date":"2024-05-22T08:27:38","date_gmt":"2024-05-22T11:27:38","guid":{"rendered":"https:\/\/corrientesdetarde.com\/?p=149298"},"modified":"2024-05-22T08:27:44","modified_gmt":"2024-05-22T11:27:44","slug":"un-nuevo-frente-frio-ingresa-a-corrientes-desde-cuando-arrancara-la-ola-polar","status":"publish","type":"post","link":"https:\/\/corrientesdetarde.com\/index.php\/locales\/un-nuevo-frente-frio-ingresa-a-corrientes-desde-cuando-arrancara-la-ola-polar\/","title":{"rendered":"Un nuevo frente fr\u00edo ingresa a Corrientes: desde cu\u00e1ndo arrancar\u00e1 la ola polar"},"content":{"rendered":"\n<p>La ingeniera agr\u00f3noma y meteor\u00f3loga Mar\u00eda Alejandra Ojeda precis\u00f3  que la entrada de un frente fr\u00edo al pa\u00eds traer\u00e1 un marcado descenso de temperaturas a\u00a0Corrientes.\u00a0<\/p>\n\n\n\n<p>La especialista explic\u00f3 que las temperaturas ir\u00e1n descendiendo durante los d\u00edas y que eso se debe a la entrada de un frente fr\u00edo en el \u00e1rea central del pa\u00eds. A su vez, remarc\u00f3 que este fen\u00f3meno traer\u00e1 algunas lluvias. &nbsp;<\/p>\n\n\n\n<p><strong>\u201cNosotros vamos a tener el oto\u00f1o e invierno que nos corresponde a la provincia de Corrientes, vamos a tener heladas que ser\u00e1n leves a moderadas\u201d,<\/strong>&nbsp; asegur\u00f3 Mar\u00eda Alejandra Ojeda.&nbsp;<\/p>\n\n\n\n<p>En este sentido y seg\u00fan el pron\u00f3stico del Servicio Meteorol\u00f3gico Nacional (SMN),&nbsp;&nbsp;<strong>las temperaturas ir\u00e1n bajando a partir del jueves con m\u00e1ximas que no superar\u00e1n&nbsp;los 18\u00b0C y m\u00ednimas que estar\u00e1n en los 6&nbsp;grados.&nbsp;<\/strong><\/p>\n\n\n\n<p>De acuerdo a los datos brindados por el organismo, el s\u00e1bado ser\u00e1 el d\u00eda donde el fr\u00edo variar\u00e1 entre los 7 grados por la ma\u00f1ana y los 16 \u00b0C durante la tarde y la noche.&nbsp;<\/p>\n\n\n\n<figure class=\"wp-block-image\"><img decoding=\"async\" src=\"https:\/\/pxc.cdn.ellitoral.com.ar\/litoral\/052024\/1716375264181\/Captura%20de%20pantalla%20(6).webp?cw=551&amp;ch=273&amp;extw=png\" alt=\"Un nuevo frente fr\u00edo ingresa a Corrientes: desde cu\u00e1ndo arrancar\u00e1 la ola polar\"\/><\/figure>\n\n\n\n<p>Mientras que, el domingo la m\u00ednima subir\u00e1 a &nbsp;8\u00b0C, pero se mantendr\u00e1 el d\u00eda con una m\u00e1xima de 14&nbsp;grados.&nbsp;<\/p>\n\n\n\n<p>En este marco, la agr\u00f3noma detall\u00f3 que en Corrientes&nbsp;&nbsp;<strong>\u201cvamos a estar con cielo parcialmente cubierto, con algunas lloviznas intermitentes y vientos de rotaci\u00f3n del sector sur\u201d.&nbsp;<\/strong><\/p>\n\n\n\n<p>Por lo tanto, Corrientes tendr\u00e1 una de sus primeras heladas la pr\u00f3xima semana entrante, donde se espera para el lunes valores inferiores a los 6\u00ba C.&nbsp;<\/p>\n\n\n\n<p>Por \u00faltimo, Mar\u00eda Alejandra Ojeda adelant\u00f3 que&nbsp;<strong>\u201cno vamos a tener un invierno tan extremista<\/strong>,&nbsp; ser\u00e1 un invierno normal, el que nos corresponde\u201d.<\/p>\n","protected":false},"excerpt":{"rendered":"<p>La ingeniera agr\u00f3noma y meteor\u00f3loga Mar\u00eda Alejandra Ojeda precis\u00f3 que la entrada de un frente fr\u00edo al pa\u00eds traer\u00e1 un marcado descenso de temperaturas a\u00a0Corrientes.\u00a0 La especialista explic\u00f3 que las&hellip; <\/p>\n","protected":false},"author":12,"featured_media":149316,"comment_status":"closed","ping_status":"open","sticky":false,"template":"","format":"standard","meta":{"footnotes":""},"categories":[29,8],"tags":[],"class_list":["post-149298","post","type-post","status-publish","format-standard","has-post-thumbnail","hentry","category-clima","category-locales"],"_links":{"self":[{"href":"https:\/\/corrientesdetarde.com\/index.php\/wp-json\/wp\/v2\/posts\/149298","targetHints":{"allow":["GET"]}}],"collection":[{"href":"https:\/\/corrientesdetarde.com\/index.php\/wp-json\/wp\/v2\/posts"}],"about":[{"href":"https:\/\/corrientesdetarde.com\/index.php\/wp-json\/wp\/v2\/types\/post"}],"author":[{"embeddable":true,"href":"https:\/\/corrientesdetarde.com\/index.php\/wp-json\/wp\/v2\/users\/12"}],"replies":[{"embeddable":true,"href":"https:\/\/corrientesdetarde.com\/index.php\/wp-json\/wp\/v2\/comments?post=149298"}],"version-history":[{"count":1,"href":"https:\/\/corrientesdetarde.com\/index.php\/wp-json\/wp\/v2\/posts\/149298\/revisions"}],"predecessor-version":[{"id":149317,"href":"https:\/\/corrientesdetarde.com\/index.php\/wp-json\/wp\/v2\/posts\/149298\/revisions\/149317"}],"wp:featuredmedia":[{"embeddable":true,"href":"https:\/\/corrientesdetarde.com\/index.php\/wp-json\/wp\/v2\/media\/149316"}],"wp:attachment":[{"href":"https:\/\/corrientesdetarde.com\/index.php\/wp-json\/wp\/v2\/media?parent=149298"}],"wp:term":[{"taxonomy":"category","embeddable":true,"href":"https:\/\/corrientesdetarde.com\/index.php\/wp-json\/wp\/v2\/categories?post=149298"},{"taxonomy":"post_tag","embeddable":true,"href":"https:\/\/corrientesdetarde.com\/index.php\/wp-json\/wp\/v2\/tags?post=149298"}],"curies":[{"name":"wp","href":"https:\/\/api.w.org\/{rel}","templated":true}]}}