{"id":149320,"date":"2024-05-22T09:59:20","date_gmt":"2024-05-22T12:59:20","guid":{"rendered":"https:\/\/corrientesdetarde.com\/?p=149320"},"modified":"2024-05-22T09:59:32","modified_gmt":"2024-05-22T12:59:32","slug":"inter-de-milan-cambio-de-dueno-por-un-prestamo-impago-del-anterior-propietario","status":"publish","type":"post","link":"https:\/\/corrientesdetarde.com\/index.php\/deportes\/inter-de-milan-cambio-de-dueno-por-un-prestamo-impago-del-anterior-propietario\/","title":{"rendered":"Inter de Milan cambi\u00f3 de due\u00f1o por un pr\u00e9stamo impago del anterior propietario"},"content":{"rendered":"\n<p>El fondo norteamericano de capital de riesgo\u00a0<em>Oaktree Capital Management<\/em>\u00a0se convirti\u00f3 en el\u00a0<strong>nuevo propietario del Inter de Mil\u00e1n<\/strong>\u00a0a ra\u00edz de un\u00a0<strong>pr\u00e9stamo impago de 395 millones de euros<\/strong>\u00a0por parte del due\u00f1o anterior,\u00a0<em>Suning Holdings Group<\/em>. La cl\u00e1usula se ejecut\u00f3 durante las \u00faltimas horas, a tres a\u00f1os de celebrarse la cesi\u00f3n del dinero.<a href=\"https:\/\/www.infobae.com\/deportes\/2024\/05\/22\/los-mejores-memes-de-la-eliminacion-de-river-de-la-copa-argentina-ante-temperley-del-machete-de-armani-a-las-burlas-de-los-hinchas-de-boca\/\" target=\"_blank\" rel=\"noreferrer noopener\"><\/a><\/p>\n\n\n\n<p>\u201c<strong>Desde el 22 de mayo de 2024, los fondos gestionados por Oaktree Capital Management son propietarios del FC Internazionale Milano<\/strong>. Esto se produce tras el impago del pr\u00e9stamo a tres a\u00f1os concedido por Oaktree a las sociedades holding del Inter, que venc\u00eda el 21 de mayo de 2024 con un saldo total de aproximadamente 395 millones de euros\u201d, comunic\u00f3 el propio fondo.<\/p>\n\n\n\n<p>La direcci\u00f3n a cargo del empresario chino Steven Zhang hab\u00eda llegado a un acuerdo con el fondo Oaktree por un\u00a0<strong>pr\u00e9stamo de 270 millones de euros en el 2021<\/strong>. El compromiso indicaba que el dinero se\u00a0<strong>devolver\u00eda tres a\u00f1os m\u00e1s tarde a un 12% de inter\u00e9s por a\u00f1o<\/strong>, es decir, unos 395 millones.<a href=\"https:\/\/www.infobae.com\/teleshow\/2024\/05\/22\/participo-en-distintos-realitys-tiene-33-anos-y-salio-con-una-famosa-quien-es-el-novio-de-romina-uhrig\/\" target=\"_blank\" rel=\"noreferrer noopener\"><\/a><\/p>\n\n\n\n<p><\/p>\n\n\n\n<p>Hasta el momento, no hubo comunicaci\u00f3n oficial del lado de la entidad e incluso los medios locales ponen en duda la gira que el plantel ten\u00eda pautada por China para finales de julio como pretemporada, para enfrentarse al Atl\u00e9tico de Madrid y PSG.<\/p>\n\n\n\n<p>En el comunicado que emiti\u00f3 el nuevo fondo que tom\u00f3 el control de la hist\u00f3rica entidad italiana se replicaron tambi\u00e9n palabras del director general y codirector europeo de la estrategia\u00a0<em>Global Opportunities de Oaktree<\/em>, Alejandro Cano: \u201cComo nuevos propietarios, conocemos nuestra gran responsabilidad con la comunidad y el legado hist\u00f3rico del Inter. Estamos comprometidos con el \u00e9xito a largo plazo de los nerazzurri y creemos que nuestras ambiciones para el club se unen a las de sus apasionados aficionados en Italia y en todo el mundo.\u00a0<strong>Nuestro objetivo inicial es la estabilidad operativa y financiera del club<\/strong>. Tenemos un gran respeto por el equipo directivo del Inter y esperamos trabajar estrechamente con ellos para proporcionar un fuerte liderazgo al club\u201d.<a href=\"https:\/\/www.infobae.com\/deportes\/2024\/05\/22\/el-fallido-homenaje-al-flaco-traverso-en-el-tc-2000-escribieron-mal-su-nombre-pasearon-su-peugeot-campeon-en-una-grua-y-pidieron-perdon\/\" target=\"_blank\" rel=\"noreferrer noopener\"><\/a><\/p>\n\n\n\n<p><\/p>\n\n\n\n<p>Este es un nuevo giro para la historia de este club fundado en 1908. Hacia fines del 2014, el apellido&nbsp;<strong>Moratti dej\u00f3 de estar asociado a la entidad despu\u00e9s de 60 a\u00f1os<\/strong>&nbsp;involucrados en la gesti\u00f3n de la instituci\u00f3n de Milan. Seg\u00fan se inform\u00f3 por entonces, el&nbsp;<strong>empresario indonesio Erick Thohir desembols\u00f3 300 millones de euros<\/strong>&nbsp;para adue\u00f1arse del control del 70% del paquete accionarial del Inter.<\/p>\n\n\n\n<p>Steven Zhang dejar\u00e1 su cargo en el Inter (Foto: Reuters\/Daniele Mascolo)<\/p>\n\n\n\n<p>Aunque dos a\u00f1os m\u00e1s tarde, la figura<strong>&nbsp;de Steven Zhang comenz\u00f3 a vincularse a la entidad<\/strong>&nbsp;cuando el&nbsp;<em>Suning Holdings Group<\/em>&nbsp;compr\u00f3 el&nbsp;<strong>paquete mayoritario por unos 270 millones de euros<\/strong>. Y en 2019 la&nbsp;<strong>vinculaci\u00f3n de Thoir se termin\u00f3 por completo<\/strong>&nbsp;tras vender las acciones que le quedaban al grupo asi\u00e1tico&nbsp;<em>LionRock Capital<\/em>.<\/p>\n\n\n\n<p>Seg\u00fan reprodujo&nbsp;<em>La<\/em>&nbsp;<em>Gazzetta dello Sport<\/em>, el ex presidente&nbsp;<strong>Massimo Moratti<\/strong>&nbsp;habl\u00f3 sobre quien fuera el due\u00f1o y le marc\u00f3 la cancha a los nuevos propietarios: \u201cLamento mucho que haya terminado as\u00ed. Tengo mucho respeto por \u00e9l. En estos a\u00f1os gan\u00f3 dos campeonatos y muchos trofeos. Las deudas que no pudo pagar las gast\u00f3 en el Inter, no en sus propios negocios. Esperaba que pudiera permanecer al frente del club, hace poco supe de \u00e9l, pero no hablamos de esto. Esperamos que respeten las necesidades del equipo y del club para mantenerse en niveles altos. En el f\u00fatbol, un futuro brillante se construye d\u00eda a d\u00eda. El aumento de los fondos extranjeros en la Serie A se debe al costo del f\u00fatbol\u201d.<\/p>\n\n\n\n<p>Sin lograr un acuerdo para el pago o conseguir una pr\u00f3rroga, el presidente m\u00e1s joven en la historia del&nbsp;<em>Nerazzurro<\/em>&nbsp;deja su tarea: bajo los seis a\u00f1os de gesti\u00f3n de Zhang (32 a\u00f1os, nacido en 1991), el club alz\u00f3 7 trofeos y lleg\u00f3 a 2 finales europeas, una de Champions League y otra de Europa League.<\/p>\n\n\n\n<p>Sin embargo, el peri\u00f3dico italiano&nbsp;<em>Tuttosport<\/em>&nbsp;asegura que hay \u201cotra cara\u201d de esta gesti\u00f3n deportiva:&nbsp;<strong>\u201cUna deuda de unos 700 millones que cargar\u00e1n las arcas del club y de quienes tendr\u00e1n que gestionarlo\u201d<\/strong>. E incluso barajan la posibilidad de que los ahora ex propietarios presenten una demanda contra los norteamericanos.<\/p>\n\n\n\n<p>Mientras tanto, no ser\u00e1 la primera vez que el fondo estadounidense se ponga al frente de un proyecto deportivo, ya que posee el 80% del SM Caen de Francia. Adem\u00e1s, uno de los fundadores, Bruce Karsh, tiene participaciones en el Golden State Warriors de la NBA.<\/p>\n\n\n\n<p><img loading=\"lazy\" decoding=\"async\" alt=\"Inter acaba de consagrarse como campe\u00f3n de la Serie A (Foto: Reuters\/Alessandro Garofalo\/File Photo)\" height=\"2812\" width=\"3765\" class=\"\" src=\"https:\/\/www.infobae.com\/new-resizer\/9V-BDi3uqhdoQr18r0ehopEVpmo=\/420x315\/filters:format(webp):quality(85)\/cloudfront-us-east-1.images.arcpublishing.com\/infobae\/LKERO2SHZJWXZNLTLWOSPQU3SI.jpg%20420w\" srcset=\"https:\/\/www.infobae.com\/new-resizer\/9V-BDi3uqhdoQr18r0ehopEVpmo=\/420x315\/filters:format(webp):quality(85)\/cloudfront-us-east-1.images.arcpublishing.com\/infobae\/LKERO2SHZJWXZNLTLWOSPQU3SI.jpg 420w,https:\/\/www.infobae.com\/new-resizer\/BSIzvckV9nTFYUHcW_VQ2vhcPks=\/768x576\/filters:format(webp):quality(85)\/cloudfront-us-east-1.images.arcpublishing.com\/infobae\/LKERO2SHZJWXZNLTLWOSPQU3SI.jpg 768w,https:\/\/www.infobae.com\/new-resizer\/pfKeNbO8mxf9zuI9DKLz-O7TpP0=\/992x744\/filters:format(webp):quality(85)\/cloudfront-us-east-1.images.arcpublishing.com\/infobae\/LKERO2SHZJWXZNLTLWOSPQU3SI.jpg 992w,https:\/\/www.infobae.com\/new-resizer\/TFaC4ZPNX4z2kjK9--TZzqWa1b4=\/1200x900\/filters:format(webp):quality(85)\/cloudfront-us-east-1.images.arcpublishing.com\/infobae\/LKERO2SHZJWXZNLTLWOSPQU3SI.jpg 1200w,https:\/\/www.infobae.com\/new-resizer\/F8OgX8L4FeLo67qHlwdIK4BDhdQ=\/1440x1080\/filters:format(webp):quality(85)\/cloudfront-us-east-1.images.arcpublishing.com\/infobae\/LKERO2SHZJWXZNLTLWOSPQU3SI.jpg 1440w\">Inter acaba de consagrarse como campe\u00f3n de la Serie A (Foto: Reuters\/Alessandro Garofalo\/File Photo)<\/p>\n","protected":false},"excerpt":{"rendered":"<p>El fondo norteamericano de capital de riesgo\u00a0Oaktree Capital Management\u00a0se convirti\u00f3 en el\u00a0nuevo propietario del Inter de Mil\u00e1n\u00a0a ra\u00edz de un\u00a0pr\u00e9stamo impago de 395 millones de euros\u00a0por parte del due\u00f1o anterior,\u00a0Suning&hellip; <\/p>\n","protected":false},"author":12,"featured_media":149341,"comment_status":"closed","ping_status":"open","sticky":false,"template":"","format":"standard","meta":{"footnotes":""},"categories":[4,11],"tags":[],"class_list":["post-149320","post","type-post","status-publish","format-standard","has-post-thumbnail","hentry","category-deportes","category-internacionales"],"_links":{"self":[{"href":"https:\/\/corrientesdetarde.com\/index.php\/wp-json\/wp\/v2\/posts\/149320","targetHints":{"allow":["GET"]}}],"collection":[{"href":"https:\/\/corrientesdetarde.com\/index.php\/wp-json\/wp\/v2\/posts"}],"about":[{"href":"https:\/\/corrientesdetarde.com\/index.php\/wp-json\/wp\/v2\/types\/post"}],"author":[{"embeddable":true,"href":"https:\/\/corrientesdetarde.com\/index.php\/wp-json\/wp\/v2\/users\/12"}],"replies":[{"embeddable":true,"href":"https:\/\/corrientesdetarde.com\/index.php\/wp-json\/wp\/v2\/comments?post=149320"}],"version-history":[{"count":1,"href":"https:\/\/corrientesdetarde.com\/index.php\/wp-json\/wp\/v2\/posts\/149320\/revisions"}],"predecessor-version":[{"id":149342,"href":"https:\/\/corrientesdetarde.com\/index.php\/wp-json\/wp\/v2\/posts\/149320\/revisions\/149342"}],"wp:featuredmedia":[{"embeddable":true,"href":"https:\/\/corrientesdetarde.com\/index.php\/wp-json\/wp\/v2\/media\/149341"}],"wp:attachment":[{"href":"https:\/\/corrientesdetarde.com\/index.php\/wp-json\/wp\/v2\/media?parent=149320"}],"wp:term":[{"taxonomy":"category","embeddable":true,"href":"https:\/\/corrientesdetarde.com\/index.php\/wp-json\/wp\/v2\/categories?post=149320"},{"taxonomy":"post_tag","embeddable":true,"href":"https:\/\/corrientesdetarde.com\/index.php\/wp-json\/wp\/v2\/tags?post=149320"}],"curies":[{"name":"wp","href":"https:\/\/api.w.org\/{rel}","templated":true}]}}