{"id":149343,"date":"2024-05-22T10:01:49","date_gmt":"2024-05-22T13:01:49","guid":{"rendered":"https:\/\/corrientesdetarde.com\/?p=149343"},"modified":"2024-05-22T10:01:52","modified_gmt":"2024-05-22T13:01:52","slug":"calendario-2024-cuantos-fines-de-semana-largos-habra-en-junio","status":"publish","type":"post","link":"https:\/\/corrientesdetarde.com\/index.php\/informacion-general\/calendario-2024-cuantos-fines-de-semana-largos-habra-en-junio\/","title":{"rendered":"Calendario 2024: cu\u00e1ntos fines de semana largos habr\u00e1 en junio"},"content":{"rendered":"\n<p>El mes de<strong>\u00a0junio<\/strong>\u00a0promete ser uno de gran inter\u00e9s para los argentinos, especialmente en lo que respecta a los d\u00edas de\u00a0<strong>descanso<\/strong>\u00a0y\u00a0<strong>esparcimiento<\/strong>. Una de las principales preguntas que surgen al comenzar un nuevo mes es cu\u00e1ntos\u00a0<strong>fines de semana largos<\/strong>\u00a0estar\u00e1n disponibles para planificar\u00a0<strong>viajes<\/strong>\u00a0y\u00a0<strong>actividades<\/strong>\u00a0de ocio. En este sentido, junio juega un papel clave en el\u00a0<strong>calendario<\/strong>\u00a0de muchos.<a href=\"https:\/\/www.infobae.com\/sociedad\/2024\/05\/22\/un-colectivo-choco-contra-un-auto-y-termino-contra-un-poste-de-luz-al-menos-5-heridos\/\" target=\"_blank\" rel=\"noreferrer noopener\"><\/a><\/p>\n\n\n\n<p>Planificar\u00a0<strong>vacaciones<\/strong>\u00a0y\u00a0<strong>escapadas<\/strong>\u00a0es una tradici\u00f3n en Argentina, donde los fines de semana largos son esperados con expectativas. Junio, un mes que marca la mitad del a\u00f1o, ofrece una oportunidad perfecta para tomar un respiro antes de enfrentar la segunda parte del\u00a0<strong>calendario laboral<\/strong>. Los\u00a0<strong>fines de semana<\/strong>\u00a0<strong>extralargos<\/strong>\u00a0no solo permiten un descanso necesario, sino que tambi\u00e9n impulsan la\u00a0<strong>econom\u00eda local<\/strong>, en especial el sector\u00a0<strong>tur\u00edstico<\/strong>.<\/p>\n\n\n\n<p>La importancia de conocer los fines de semana largos radica en la posibilidad de organizarlos con antelaci\u00f3n. Para muchos, estos d\u00edas representan una ocasi\u00f3n invaluable para desconectarse de la rutina diaria y disfrutar de momentos de relajaci\u00f3n y recreo.<a href=\"https:\/\/www.infobae.com\/politica\/2024\/05\/22\/el-gobernador-de-salta-convoco-al-pacto-de-guemes-por-fondos-y-unidad-provincial\/\" target=\"_blank\" rel=\"noreferrer noopener\"><\/a><\/p>\n\n\n\n<p><\/p>\n\n\n\n<p>En este contexto, es fundamental estar al tanto de cu\u00e1les ser\u00e1n los d\u00edas no laborables y fines de semana largo en junio de 2024. Con esta informaci\u00f3n, se pueden planificar actividades de forma eficiente, alineando el tiempo libre con las mejores oportunidades para disfrutar de&nbsp;<strong>peque\u00f1os descansos<\/strong>&nbsp;a lo largo del a\u00f1o.<\/p>\n\n\n\n<h2 class=\"wp-block-heading\">Cu\u00e1ndo son los fines de semana largo de junio<\/h2>\n\n\n\n<p><img loading=\"lazy\" decoding=\"async\" alt=\"Los feriados de junio impulsan la econom\u00eda local y brindan oportunidades para el descanso y el turismo interno. (Imagen ilustrativa Infobae)\" height=\"816\" width=\"1456\" class=\"\" src=\"https:\/\/www.infobae.com\/new-resizer\/9FJ7ebOGQJQSiZoSqjdtZDybv6w=\/420x236\/filters:format(webp):quality(85)\/cloudfront-us-east-1.images.arcpublishing.com\/infobae\/WF5TXIL6FZB3RETELU7T2WAI64.jpg%20420w\" srcset=\"https:\/\/www.infobae.com\/new-resizer\/9FJ7ebOGQJQSiZoSqjdtZDybv6w=\/420x236\/filters:format(webp):quality(85)\/cloudfront-us-east-1.images.arcpublishing.com\/infobae\/WF5TXIL6FZB3RETELU7T2WAI64.jpg 420w,https:\/\/www.infobae.com\/new-resizer\/dLjxIpvkh8KCbEv4t1F1ejNs3PA=\/768x432\/filters:format(webp):quality(85)\/cloudfront-us-east-1.images.arcpublishing.com\/infobae\/WF5TXIL6FZB3RETELU7T2WAI64.jpg 768w,https:\/\/www.infobae.com\/new-resizer\/1jwU9v_SjzjBLnb2rmsBvFkmCnQ=\/992x558\/filters:format(webp):quality(85)\/cloudfront-us-east-1.images.arcpublishing.com\/infobae\/WF5TXIL6FZB3RETELU7T2WAI64.jpg 992w,https:\/\/www.infobae.com\/new-resizer\/8513-ogQajAt6FtcPiWsD6i2iqU=\/1200x675\/filters:format(webp):quality(85)\/cloudfront-us-east-1.images.arcpublishing.com\/infobae\/WF5TXIL6FZB3RETELU7T2WAI64.jpg 1200w,https:\/\/www.infobae.com\/new-resizer\/H7q39mGjvjYuc31MHSyGmngj0EM=\/1440x810\/filters:format(webp):quality(85)\/cloudfront-us-east-1.images.arcpublishing.com\/infobae\/WF5TXIL6FZB3RETELU7T2WAI64.jpg 1440w\">Los feriados de junio impulsan la econom\u00eda local y brindan oportunidades para el descanso y el turismo interno. (Imagen ilustrativa Infobae)<\/p>\n\n\n\n<ul class=\"wp-block-list\">\n<li><strong>S\u00e1bado 15, domingo 16 y lunes 17 de junio<\/strong><\/li>\n\n\n\n<li><strong>Jueves 20, viernes 21, s\u00e1bado 22 y domingo 23 de junio<\/strong><\/li>\n<\/ul>\n\n\n\n<h2 class=\"wp-block-heading\">\u00bfPor qu\u00e9 es feriado el 17 de junio?<\/h2>\n\n\n\n<p>El 17 de junio es feriado en Argentina en conmemoraci\u00f3n del\u00a0<strong>Paso a la Inmortalidad del General Don Mart\u00edn Miguel de G\u00fcemes.<\/strong>\u00a0G\u00fcemes fue una figura clave en la guerra de independencia sudamericana, destacando por su papel en la defensa del noroeste del territorio argentino contra las invasiones realistas.<a href=\"https:\/\/www.infobae.com\/sociedad\/2024\/05\/22\/la-sorprendente-historia-con-430-mil-en-disputa-y-final-inesperado-que-unio-a-dos-chicas-que-tienen-el-mismo-nombre\/\" target=\"_blank\" rel=\"noreferrer noopener\"><\/a><\/p>\n\n\n\n<p><\/p>\n\n\n\n<p><img loading=\"lazy\" decoding=\"async\" alt=\"El 17 de junio es feriado en Argentina en honor al Paso a la Inmortalidad del General Don Mart\u00edn Miguel de G\u00fcemes.\" height=\"1080\" width=\"1920\" class=\"\" src=\"https:\/\/www.infobae.com\/new-resizer\/5qep_G1pzbbomThFPtzlBkml2Mg=\/420x236\/filters:format(webp):quality(85)\/cloudfront-us-east-1.images.arcpublishing.com\/infobae\/XGJBL4WD7JEFBO4RGY352NGCDU.jpg%20420w\" srcset=\"https:\/\/www.infobae.com\/new-resizer\/5qep_G1pzbbomThFPtzlBkml2Mg=\/420x236\/filters:format(webp):quality(85)\/cloudfront-us-east-1.images.arcpublishing.com\/infobae\/XGJBL4WD7JEFBO4RGY352NGCDU.jpg 420w,https:\/\/www.infobae.com\/new-resizer\/BrypM2mCKc0bwiZp8w-udKh4fCY=\/768x432\/filters:format(webp):quality(85)\/cloudfront-us-east-1.images.arcpublishing.com\/infobae\/XGJBL4WD7JEFBO4RGY352NGCDU.jpg 768w,https:\/\/www.infobae.com\/new-resizer\/o31mWK_L41n5cM3EmMTL3lW_1zg=\/992x558\/filters:format(webp):quality(85)\/cloudfront-us-east-1.images.arcpublishing.com\/infobae\/XGJBL4WD7JEFBO4RGY352NGCDU.jpg 992w,https:\/\/www.infobae.com\/new-resizer\/9NXrvGESssdGNx1Nicxp3Uf3rXg=\/1200x675\/filters:format(webp):quality(85)\/cloudfront-us-east-1.images.arcpublishing.com\/infobae\/XGJBL4WD7JEFBO4RGY352NGCDU.jpg 1200w,https:\/\/www.infobae.com\/new-resizer\/xG9Nv_JAXzczCFZXRmpFV2alHD0=\/1440x810\/filters:format(webp):quality(85)\/cloudfront-us-east-1.images.arcpublishing.com\/infobae\/XGJBL4WD7JEFBO4RGY352NGCDU.jpg 1440w\">El 17 de junio es feriado en Argentina en honor al Paso a la Inmortalidad del General Don Mart\u00edn Miguel de G\u00fcemes.<\/p>\n\n\n\n<p>Su estrategia de guerrilla y su liderazgo en las llamadas \u201cguerras gauchas\u201d fueron fundamentales para&nbsp;<strong>mantener la regi\u00f3n libre de control espa\u00f1ol, contribuyendo as\u00ed al \u00e9xito de la causa independentista.&nbsp;<\/strong>G\u00fcemes es recordado no solo por sus habilidades militares, sino tambi\u00e9n por su compromiso con los sectores m\u00e1s humildes y el bienestar de su regi\u00f3n.<\/p>\n\n\n\n<p>Este feriado es trasladable, lo que&nbsp;<strong>permite mayor flexibilidad&nbsp;<\/strong>para la organizaci\u00f3n de fines de semana largos, aspecto que beneficia tanto a los trabajadores como al&nbsp;<strong>sector tur\u00edstico.<\/strong>&nbsp;La conmemoraci\u00f3n de esta fecha busca honrar la memoria y legado de uno de los h\u00e9roes de la independencia argentina.<\/p>\n\n\n\n<h2 class=\"wp-block-heading\">\u00bfPor qu\u00e9 es feriado el 20 de junio?<\/h2>\n\n\n\n<p>El 20 de junio es feriado en Argentina en conmemoraci\u00f3n del&nbsp;<strong>Paso a la Inmortalidad del General Don Manuel Belgrano.<\/strong><\/p>\n\n\n\n<p>Belgrano es una figura emblem\u00e1tica en la historia argentina, conocido principalmente por ser el&nbsp;<strong>creador de la bandera nacional&nbsp;<\/strong>y por su rol destacado en las luchas por la&nbsp;<strong>independencia<\/strong>.<\/p>\n\n\n\n<p><img loading=\"lazy\" decoding=\"async\" alt=\"El 20 de junio se celebra en Argentina el Paso a la Inmortalidad del General Don Manuel Belgrano, creador de la bandera nacional. (Archivo DEF)\" height=\"1080\" width=\"1920\" class=\"\" src=\"https:\/\/www.infobae.com\/new-resizer\/ptS99cn8dlss-GB1CdriZjAOTYE=\/420x236\/filters:format(webp):quality(85)\/cloudfront-us-east-1.images.arcpublishing.com\/infobae\/P2NUPDNRTZD6HDN2M3GUCECEDY.jpg%20420w\" srcset=\"https:\/\/www.infobae.com\/new-resizer\/ptS99cn8dlss-GB1CdriZjAOTYE=\/420x236\/filters:format(webp):quality(85)\/cloudfront-us-east-1.images.arcpublishing.com\/infobae\/P2NUPDNRTZD6HDN2M3GUCECEDY.jpg 420w,https:\/\/www.infobae.com\/new-resizer\/Ffkk7qROHmsJenz3h6_d7eAtFyw=\/768x432\/filters:format(webp):quality(85)\/cloudfront-us-east-1.images.arcpublishing.com\/infobae\/P2NUPDNRTZD6HDN2M3GUCECEDY.jpg 768w,https:\/\/www.infobae.com\/new-resizer\/PJWuk9aK_aJ2GlAieplpzdM6g8c=\/992x558\/filters:format(webp):quality(85)\/cloudfront-us-east-1.images.arcpublishing.com\/infobae\/P2NUPDNRTZD6HDN2M3GUCECEDY.jpg 992w,https:\/\/www.infobae.com\/new-resizer\/j8vxBxKSRsiNhsROR3k_GXjOhQo=\/1200x675\/filters:format(webp):quality(85)\/cloudfront-us-east-1.images.arcpublishing.com\/infobae\/P2NUPDNRTZD6HDN2M3GUCECEDY.jpg 1200w,https:\/\/www.infobae.com\/new-resizer\/4jIIGRmyCAlBp1Jhr7q41jQ4q0s=\/1440x810\/filters:format(webp):quality(85)\/cloudfront-us-east-1.images.arcpublishing.com\/infobae\/P2NUPDNRTZD6HDN2M3GUCECEDY.jpg 1440w\">El 20 de junio se celebra en Argentina el Paso a la Inmortalidad del General Don Manuel Belgrano, creador de la bandera nacional. (Archivo DEF)<\/p>\n\n\n\n<p>Este feriado, a diferencia de otros,&nbsp;<strong>es inamovible<\/strong>, lo que significa que se celebra el mismo d\u00eda sin posibilidad de traslado. Esta decisi\u00f3n busca mantener el respeto y la relevancia hist\u00f3rica de la jornada, permitiendo que todos los argentinos puedan recordar y rendir homenaje a su legado.<\/p>\n\n\n\n<p>Manuel Belgrano no solo fue un destacado&nbsp;<strong>militar<\/strong>, sino tambi\u00e9n un ferviente defensor de la&nbsp;<strong>educaci\u00f3n&nbsp;<\/strong>y el&nbsp;<strong>progreso econ\u00f3mico<\/strong>&nbsp;para su pa\u00eds. Su visi\u00f3n y compromiso con la causa independentista lo convierten en uno de los pr\u00f3ceres m\u00e1s venerados de la naci\u00f3n, y su legado perdura a trav\u00e9s de los valores y principios que promovi\u00f3 durante su vida.<\/p>\n\n\n\n<h2 class=\"wp-block-heading\">\u00bfPor qu\u00e9 es feriado el 21 de junio?<\/h2>\n\n\n\n<p><img loading=\"lazy\" decoding=\"async\" alt=\"El feriado del 21 de junio busca extender el descanso y promover el turismo interno en Argentina. (Imagen ilustrativa Infobae)\" height=\"816\" width=\"1456\" class=\"\" src=\"https:\/\/www.infobae.com\/new-resizer\/4o1N0y_IRJqKlLWeR2to5hBKc8A=\/420x236\/filters:format(webp):quality(85)\/cloudfront-us-east-1.images.arcpublishing.com\/infobae\/YCOUBE6DFFALXINSIIXQVE6L3M.jpg%20420w\" srcset=\"https:\/\/www.infobae.com\/new-resizer\/4o1N0y_IRJqKlLWeR2to5hBKc8A=\/420x236\/filters:format(webp):quality(85)\/cloudfront-us-east-1.images.arcpublishing.com\/infobae\/YCOUBE6DFFALXINSIIXQVE6L3M.jpg 420w,https:\/\/www.infobae.com\/new-resizer\/mWL-0diJQT7BPq2L02r8IFBm3fE=\/768x432\/filters:format(webp):quality(85)\/cloudfront-us-east-1.images.arcpublishing.com\/infobae\/YCOUBE6DFFALXINSIIXQVE6L3M.jpg 768w,https:\/\/www.infobae.com\/new-resizer\/EQU6zeVgl8RdLIOHoLccXwGpOw8=\/992x558\/filters:format(webp):quality(85)\/cloudfront-us-east-1.images.arcpublishing.com\/infobae\/YCOUBE6DFFALXINSIIXQVE6L3M.jpg 992w,https:\/\/www.infobae.com\/new-resizer\/lPip9Dik4R0-KNEYIFB2agD8-3E=\/1200x675\/filters:format(webp):quality(85)\/cloudfront-us-east-1.images.arcpublishing.com\/infobae\/YCOUBE6DFFALXINSIIXQVE6L3M.jpg 1200w,https:\/\/www.infobae.com\/new-resizer\/GQ2F7gQF7TciXJ6d4p1KxbYuzZE=\/1440x810\/filters:format(webp):quality(85)\/cloudfront-us-east-1.images.arcpublishing.com\/infobae\/YCOUBE6DFFALXINSIIXQVE6L3M.jpg 1440w\">El feriado del 21 de junio busca extender el descanso y promover el turismo interno en Argentina. (Imagen ilustrativa Infobae)<\/p>\n\n\n\n<p>El 21 de junio es&nbsp;<strong>feriado en Argentina con fines tur\u00edsticos<\/strong>, establecido estrat\u00e9gicamente despu\u00e9s del feriado inamovible del 20 de junio, que conmemora el Paso a la Inmortalidad del General Don Manuel Belgrano. Este feriado adicional se implementa para extender el tiempo de descanso,&nbsp;<strong>promoviendo la posibilidad de un fin de semana largo que impulse el turismo interno.<\/strong><\/p>\n\n\n\n<p>La creaci\u00f3n de feriados con fines tur\u00edsticos busca&nbsp;<strong>dinamizar la econom\u00eda<\/strong>, especialmente en el sector&nbsp;<strong>tur\u00edstico<\/strong>, permitiendo a los argentinos realizar viajes y actividades recreativas dentro del pa\u00eds. Esta medida beneficia tanto a los trabajadores, que obtienen un periodo prolongado de descanso, como a las localidades tur\u00edsticas, que ven incrementada su actividad econ\u00f3mica durante estos d\u00edas.<\/p>\n\n\n\n<h2 class=\"wp-block-heading\">C\u00f3mo seguir\u00e1 el calendario de feriados 2024<\/h2>\n\n\n\n<p><img loading=\"lazy\" decoding=\"async\" alt=\"Durante 2024, varios feriados en Argentina permitir\u00e1n a los ciudadanos disfrutar de fines de semana largos en diferentes meses. (Infobae)\" height=\"2683\" width=\"1920\" class=\"\" src=\"https:\/\/www.infobae.com\/new-resizer\/A2dobQI2w1oTNtK5fdZxycES318=\/420x560\/filters:format(webp):quality(85)\/cloudfront-us-east-1.images.arcpublishing.com\/infobae\/7FYOV3KDGFGBJFAXUJJLILNOZE.jpg%20420w\" srcset=\"https:\/\/www.infobae.com\/new-resizer\/A2dobQI2w1oTNtK5fdZxycES318=\/420x560\/filters:format(webp):quality(85)\/cloudfront-us-east-1.images.arcpublishing.com\/infobae\/7FYOV3KDGFGBJFAXUJJLILNOZE.jpg 420w,https:\/\/www.infobae.com\/new-resizer\/Y7Ayk8MS7lJ_tBVkMNp2b3CFduU=\/768x1024\/filters:format(webp):quality(85)\/cloudfront-us-east-1.images.arcpublishing.com\/infobae\/7FYOV3KDGFGBJFAXUJJLILNOZE.jpg 768w,https:\/\/www.infobae.com\/new-resizer\/TNVV1YjVlupOh6ojG2RQABZ-s3o=\/992x1323\/filters:format(webp):quality(85)\/cloudfront-us-east-1.images.arcpublishing.com\/infobae\/7FYOV3KDGFGBJFAXUJJLILNOZE.jpg 992w,https:\/\/www.infobae.com\/new-resizer\/EuRO7OVYF61qe9OLo7lvTsCHTxM=\/1200x1600\/filters:format(webp):quality(85)\/cloudfront-us-east-1.images.arcpublishing.com\/infobae\/7FYOV3KDGFGBJFAXUJJLILNOZE.jpg 1200w\">Durante 2024, varios feriados en Argentina permitir\u00e1n a los ciudadanos disfrutar de fines de semana largos en diferentes meses. (Infobae)<\/p>\n\n\n\n<h3 class=\"wp-block-heading\">Julio<\/h3>\n\n\n\n<ul class=\"wp-block-list\">\n<li><strong>Martes 9 de julio:<\/strong>\u00a0D\u00eda de la Independencia. Feriado inamovible.<\/li>\n<\/ul>\n\n\n\n<h3 class=\"wp-block-heading\">Agosto<\/h3>\n\n\n\n<ul class=\"wp-block-list\">\n<li><strong>S\u00e1bado 17 de agosto:<\/strong>\u00a0Paso a la Inmortalidad del General Don Jos\u00e9 de San Mart\u00edn. Feriado trasladable.<\/li>\n<\/ul>\n\n\n\n<h3 class=\"wp-block-heading\">Septiembre<\/h3>\n\n\n\n<p>Es el \u00fanico mes en el que&nbsp;<strong>no habr\u00e1 feriados.<\/strong><\/p>\n\n\n\n<h3 class=\"wp-block-heading\">Octubre<\/h3>\n\n\n\n<ul class=\"wp-block-list\">\n<li><strong>Jueves 3 y viernes 4:<\/strong>\u00a0A\u00f1o Nuevo Jud\u00edo.<\/li>\n\n\n\n<li><strong>Viernes 11 de octubre:\u00a0<\/strong>Feriado con fines tur\u00edsticos.<\/li>\n\n\n\n<li><strong>S\u00e1bado 12 de octubre:<\/strong>\u00a0D\u00eda del Perd\u00f3n.<\/li>\n\n\n\n<li><strong>S\u00e1bado 12 de octubre:\u00a0<\/strong>D\u00eda del Respeto a la Diversidad Cultural. Feriado trasladable.<\/li>\n<\/ul>\n\n\n\n<h3 class=\"wp-block-heading\">Noviembre<\/h3>\n\n\n\n<ul class=\"wp-block-list\">\n<li><strong>Mi\u00e9rcoles 20 de noviembre:<\/strong>\u00a0D\u00eda de la Soberan\u00eda Nacional. Feriado trasladable al<strong>\u00a0lunes 18.<\/strong><\/li>\n<\/ul>\n\n\n\n<h3 class=\"wp-block-heading\">Diciembre<\/h3>\n\n\n\n<ul class=\"wp-block-list\">\n<li><strong>Domingo 8 de diciembre<\/strong>: D\u00eda de la Inmaculada Concepci\u00f3n de Mar\u00eda. Feriado inamovible.<\/li>\n\n\n\n<li><strong>Mi\u00e9rcoles 25 de diciembre<\/strong>: Navidad. Feriado inamovible.<\/li>\n<\/ul>\n\n\n\n<h2 class=\"wp-block-heading\">\u00bfCu\u00e1ntos fines de semana largos quedan en 2024?<\/h2>\n\n\n\n<p>En 2024, quedan cuatro fines de semana largos por delante en Argentina. El primero ser\u00e1 del&nbsp;<strong>15 al 17 de junio<\/strong>, el segundo, extra largo del&nbsp;<strong>20, 21, 22 y 23 de junio.<\/strong><\/p>\n\n\n\n<p>El tercero ser\u00e1 el<strong>&nbsp;viernes 11 de octubre<\/strong>, que es un feriado trasladable con fines tur\u00edsticos relacionado con el&nbsp;<strong>D\u00eda del Respeto a la Diversidad Cultural<\/strong>, que se celebra originalmente el&nbsp;<strong>12 de octubre.<\/strong><\/p>\n\n\n\n<p><img loading=\"lazy\" decoding=\"async\" alt=\"Los d\u00edas no laborables permiten a los argentinos descansar durante m\u00e1s tiempo. (Imagen ilustrativa Infobae)\" height=\"816\" width=\"1456\" class=\"\" src=\"https:\/\/www.infobae.com\/new-resizer\/bxaLStsqJbQW8jNzNj52vkwBlQQ=\/420x236\/filters:format(webp):quality(85)\/cloudfront-us-east-1.images.arcpublishing.com\/infobae\/R7XYWFUWRNAKTGNGSGV4I4NOL4.png%20420w\" srcset=\"https:\/\/www.infobae.com\/new-resizer\/bxaLStsqJbQW8jNzNj52vkwBlQQ=\/420x236\/filters:format(webp):quality(85)\/cloudfront-us-east-1.images.arcpublishing.com\/infobae\/R7XYWFUWRNAKTGNGSGV4I4NOL4.png 420w,https:\/\/www.infobae.com\/new-resizer\/oFFOUQIvacDuAA5dcMJ_eFJhBDg=\/768x432\/filters:format(webp):quality(85)\/cloudfront-us-east-1.images.arcpublishing.com\/infobae\/R7XYWFUWRNAKTGNGSGV4I4NOL4.png 768w,https:\/\/www.infobae.com\/new-resizer\/O6flftmjvadQ7wrBLrmtZCEHEAs=\/992x558\/filters:format(webp):quality(85)\/cloudfront-us-east-1.images.arcpublishing.com\/infobae\/R7XYWFUWRNAKTGNGSGV4I4NOL4.png 992w,https:\/\/www.infobae.com\/new-resizer\/5fhYc_TZ1vJo_1pHd0JhvKRkVnk=\/1200x675\/filters:format(webp):quality(85)\/cloudfront-us-east-1.images.arcpublishing.com\/infobae\/R7XYWFUWRNAKTGNGSGV4I4NOL4.png 1200w,https:\/\/www.infobae.com\/new-resizer\/0wQIONILZZHTDe7tWB4p-8W4X54=\/1440x810\/filters:format(webp):quality(85)\/cloudfront-us-east-1.images.arcpublishing.com\/infobae\/R7XYWFUWRNAKTGNGSGV4I4NOL4.png 1440w\">Los d\u00edas no laborables permiten a los argentinos descansar durante m\u00e1s tiempo. (Imagen ilustrativa Infobae)<\/p>\n\n\n\n<p>El cuarto fin de semana largo ser\u00e1 el&nbsp;<strong>lunes 18 de noviembre<\/strong>, con motivo del&nbsp;<strong>D\u00eda de la Soberan\u00eda Nacional<\/strong>, que se conmemora el 20 de noviembre y que&nbsp;<strong>se ha trasladado<\/strong>&nbsp;para facilitar el descanso y la realizaci\u00f3n de actividades tur\u00edsticas y recreativas.<\/p>\n","protected":false},"excerpt":{"rendered":"<p>El mes de\u00a0junio\u00a0promete ser uno de gran inter\u00e9s para los argentinos, especialmente en lo que respecta a los d\u00edas de\u00a0descanso\u00a0y\u00a0esparcimiento. Una de las principales preguntas que surgen al comenzar un&hellip; <\/p>\n","protected":false},"author":12,"featured_media":149344,"comment_status":"closed","ping_status":"open","sticky":false,"template":"","format":"standard","meta":{"footnotes":""},"categories":[1],"tags":[],"class_list":["post-149343","post","type-post","status-publish","format-standard","has-post-thumbnail","hentry","category-informacion-general"],"_links":{"self":[{"href":"https:\/\/corrientesdetarde.com\/index.php\/wp-json\/wp\/v2\/posts\/149343","targetHints":{"allow":["GET"]}}],"collection":[{"href":"https:\/\/corrientesdetarde.com\/index.php\/wp-json\/wp\/v2\/posts"}],"about":[{"href":"https:\/\/corrientesdetarde.com\/index.php\/wp-json\/wp\/v2\/types\/post"}],"author":[{"embeddable":true,"href":"https:\/\/corrientesdetarde.com\/index.php\/wp-json\/wp\/v2\/users\/12"}],"replies":[{"embeddable":true,"href":"https:\/\/corrientesdetarde.com\/index.php\/wp-json\/wp\/v2\/comments?post=149343"}],"version-history":[{"count":1,"href":"https:\/\/corrientesdetarde.com\/index.php\/wp-json\/wp\/v2\/posts\/149343\/revisions"}],"predecessor-version":[{"id":149345,"href":"https:\/\/corrientesdetarde.com\/index.php\/wp-json\/wp\/v2\/posts\/149343\/revisions\/149345"}],"wp:featuredmedia":[{"embeddable":true,"href":"https:\/\/corrientesdetarde.com\/index.php\/wp-json\/wp\/v2\/media\/149344"}],"wp:attachment":[{"href":"https:\/\/corrientesdetarde.com\/index.php\/wp-json\/wp\/v2\/media?parent=149343"}],"wp:term":[{"taxonomy":"category","embeddable":true,"href":"https:\/\/corrientesdetarde.com\/index.php\/wp-json\/wp\/v2\/categories?post=149343"},{"taxonomy":"post_tag","embeddable":true,"href":"https:\/\/corrientesdetarde.com\/index.php\/wp-json\/wp\/v2\/tags?post=149343"}],"curies":[{"name":"wp","href":"https:\/\/api.w.org\/{rel}","templated":true}]}}