{"id":149353,"date":"2024-05-22T10:50:58","date_gmt":"2024-05-22T13:50:58","guid":{"rendered":"https:\/\/corrientesdetarde.com\/?p=149353"},"modified":"2024-05-22T10:51:03","modified_gmt":"2024-05-22T13:51:03","slug":"proponen-un-ambicioso-plan-integral-para-itati","status":"publish","type":"post","link":"https:\/\/corrientesdetarde.com\/index.php\/interior\/proponen-un-ambicioso-plan-integral-para-itati\/","title":{"rendered":"PROPONEN UN AMBICIOSO PLAN INTEGRAL PARA ITAT\u00cd"},"content":{"rendered":"\n<p>La arquitecta Griselda Aquino se refiri\u00f3 a la importancia del pueblo de Itat\u00ed que desde su fundaci\u00f3n por Bola\u00f1os necesita de obras de infraestructura\u00a0que son inversiones de gran valor. \u201cEn realidad hay dos Itat\u00ed, uno de lunes a viernes para los itate\u00f1os y el otro que es de peregrinos y turistas que mueven al a\u00f1o 3 millones de personas. Son 4 o 5 peregrinaciones de mucha gente que visita el lugar la del mes\u00a0de Julio, que es\u00a0mayor convocatoria .Se habla de 3 millones de personas en una semana y eso colapsa todo\u201d, defini\u00f3.<\/p>\n\n\n\n<p>&#8220;Lo que estamos trabajando con el Ministerio de Coordinaci\u00f3n es poner una mirada en primer lugar en como accedemos que tiene que ser de manera segura. Por eso se habla de ensanchar la ruta 20, poner en valor las estaciones de V\u00eda Crucis para sumar una senda para el peregrino para que llegue de manera segura. Hacia el sector Este otro ensanchamiento como bicisenda\u201d, detall\u00f3.<\/p>\n\n\n\n<p>&#8220;Este plan tiene la mirada y la visi\u00f3n de lo amplio y complejo que es el tema porque estamos a 1 hora del aeropuerto y conectados a solo 5 o 6 horas de Cataratas, pero se transforma en peligro en esas fechas de peregrinaciones para el que no viene a Itat\u00ed\u201d, agreg\u00f3.<\/p>\n\n\n\n<p>&#8220;Siempre digo que cuando contamos con un Gobernador como el que tenemos que nos da la posibilidad de so\u00f1ar, planificar, ahora las opciones para pueblos hist\u00f3ricos como el nuestro que fue declarado en 1999 tienen una herramienta importante que es la capacidad de acceder a fondos internacionales. Ac\u00e1 se necesita pensar en que debemos traspasar la gesti\u00f3n municipal para que sea Provincia quien se encargue\u201d, opina.<\/p>\n\n\n\n<p>&#8220;Estamos trabajando m\u00e1s de 20 personas y amerita que lo podamos presentar ante el Gobernador. Nosotros tenemos la fe que se nos va a escuchar y algunas puertas la misma Virgen ,protectora tendr\u00e1 que abrirnos posibilidades\u201d, expres\u00f3.<\/p>\n","protected":false},"excerpt":{"rendered":"<p>La arquitecta Griselda Aquino se refiri\u00f3 a la importancia del pueblo de Itat\u00ed que desde su fundaci\u00f3n por Bola\u00f1os necesita de obras de infraestructura\u00a0que son inversiones de gran valor. \u201cEn&hellip; <\/p>\n","protected":false},"author":12,"featured_media":149371,"comment_status":"closed","ping_status":"open","sticky":false,"template":"","format":"standard","meta":{"footnotes":""},"categories":[1658],"tags":[],"class_list":["post-149353","post","type-post","status-publish","format-standard","has-post-thumbnail","hentry","category-interior"],"_links":{"self":[{"href":"https:\/\/corrientesdetarde.com\/index.php\/wp-json\/wp\/v2\/posts\/149353","targetHints":{"allow":["GET"]}}],"collection":[{"href":"https:\/\/corrientesdetarde.com\/index.php\/wp-json\/wp\/v2\/posts"}],"about":[{"href":"https:\/\/corrientesdetarde.com\/index.php\/wp-json\/wp\/v2\/types\/post"}],"author":[{"embeddable":true,"href":"https:\/\/corrientesdetarde.com\/index.php\/wp-json\/wp\/v2\/users\/12"}],"replies":[{"embeddable":true,"href":"https:\/\/corrientesdetarde.com\/index.php\/wp-json\/wp\/v2\/comments?post=149353"}],"version-history":[{"count":1,"href":"https:\/\/corrientesdetarde.com\/index.php\/wp-json\/wp\/v2\/posts\/149353\/revisions"}],"predecessor-version":[{"id":149372,"href":"https:\/\/corrientesdetarde.com\/index.php\/wp-json\/wp\/v2\/posts\/149353\/revisions\/149372"}],"wp:featuredmedia":[{"embeddable":true,"href":"https:\/\/corrientesdetarde.com\/index.php\/wp-json\/wp\/v2\/media\/149371"}],"wp:attachment":[{"href":"https:\/\/corrientesdetarde.com\/index.php\/wp-json\/wp\/v2\/media?parent=149353"}],"wp:term":[{"taxonomy":"category","embeddable":true,"href":"https:\/\/corrientesdetarde.com\/index.php\/wp-json\/wp\/v2\/categories?post=149353"},{"taxonomy":"post_tag","embeddable":true,"href":"https:\/\/corrientesdetarde.com\/index.php\/wp-json\/wp\/v2\/tags?post=149353"}],"curies":[{"name":"wp","href":"https:\/\/api.w.org\/{rel}","templated":true}]}}