{"id":149354,"date":"2024-05-22T10:48:33","date_gmt":"2024-05-22T13:48:33","guid":{"rendered":"https:\/\/corrientesdetarde.com\/?p=149354"},"modified":"2024-05-22T10:48:45","modified_gmt":"2024-05-22T13:48:45","slug":"valdes-hoy-visita-esquina","status":"publish","type":"post","link":"https:\/\/corrientesdetarde.com\/index.php\/interior\/valdes-hoy-visita-esquina\/","title":{"rendered":"VALD\u00c9S HOY VISITA ESQUINA"},"content":{"rendered":"\n<p><strong>Fabio Godoy inform\u00f3 que el gobernador Dr. Gustavo Vald\u00e9s estar\u00e1 visitando la localidad de Esquina en el d\u00eda de sus Patronales en honor a Santa Rita de Casia. &#8220;Se espera que Vald\u00e9s llegue alrededor de las 10 y recorra obras junto al intendente profesor Hugo Ben\u00edtez&#8221;.<\/strong><\/p>\n\n\n\n<figure class=\"wp-block-image size-large\"><img loading=\"lazy\" decoding=\"async\" width=\"578\" height=\"1024\" src=\"https:\/\/corrientesdetarde.com\/wp-content\/uploads\/2024\/05\/135830_grande-578x1024.jpg\" alt=\"\" class=\"wp-image-149368\" srcset=\"https:\/\/corrientesdetarde.com\/wp-content\/uploads\/2024\/05\/135830_grande-578x1024.jpg 578w, https:\/\/corrientesdetarde.com\/wp-content\/uploads\/2024\/05\/135830_grande-169x300.jpg 169w, https:\/\/corrientesdetarde.com\/wp-content\/uploads\/2024\/05\/135830_grande-768x1362.jpg 768w, https:\/\/corrientesdetarde.com\/wp-content\/uploads\/2024\/05\/135830_grande-866x1536.jpg 866w, https:\/\/corrientesdetarde.com\/wp-content\/uploads\/2024\/05\/135830_grande.jpg 1000w\" sizes=\"auto, (max-width: 578px) 100vw, 578px\" \/><\/figure>\n","protected":false},"excerpt":{"rendered":"<p>Fabio Godoy inform\u00f3 que el gobernador Dr. Gustavo Vald\u00e9s estar\u00e1 visitando la localidad de Esquina en el d\u00eda de sus Patronales en honor a Santa Rita de Casia. &#8220;Se espera&hellip; <\/p>\n","protected":false},"author":12,"featured_media":149369,"comment_status":"closed","ping_status":"open","sticky":false,"template":"","format":"standard","meta":{"footnotes":""},"categories":[1658],"tags":[],"class_list":["post-149354","post","type-post","status-publish","format-standard","has-post-thumbnail","hentry","category-interior"],"_links":{"self":[{"href":"https:\/\/corrientesdetarde.com\/index.php\/wp-json\/wp\/v2\/posts\/149354","targetHints":{"allow":["GET"]}}],"collection":[{"href":"https:\/\/corrientesdetarde.com\/index.php\/wp-json\/wp\/v2\/posts"}],"about":[{"href":"https:\/\/corrientesdetarde.com\/index.php\/wp-json\/wp\/v2\/types\/post"}],"author":[{"embeddable":true,"href":"https:\/\/corrientesdetarde.com\/index.php\/wp-json\/wp\/v2\/users\/12"}],"replies":[{"embeddable":true,"href":"https:\/\/corrientesdetarde.com\/index.php\/wp-json\/wp\/v2\/comments?post=149354"}],"version-history":[{"count":1,"href":"https:\/\/corrientesdetarde.com\/index.php\/wp-json\/wp\/v2\/posts\/149354\/revisions"}],"predecessor-version":[{"id":149370,"href":"https:\/\/corrientesdetarde.com\/index.php\/wp-json\/wp\/v2\/posts\/149354\/revisions\/149370"}],"wp:featuredmedia":[{"embeddable":true,"href":"https:\/\/corrientesdetarde.com\/index.php\/wp-json\/wp\/v2\/media\/149369"}],"wp:attachment":[{"href":"https:\/\/corrientesdetarde.com\/index.php\/wp-json\/wp\/v2\/media?parent=149354"}],"wp:term":[{"taxonomy":"category","embeddable":true,"href":"https:\/\/corrientesdetarde.com\/index.php\/wp-json\/wp\/v2\/categories?post=149354"},{"taxonomy":"post_tag","embeddable":true,"href":"https:\/\/corrientesdetarde.com\/index.php\/wp-json\/wp\/v2\/tags?post=149354"}],"curies":[{"name":"wp","href":"https:\/\/api.w.org\/{rel}","templated":true}]}}