{"id":149355,"date":"2024-05-22T10:44:30","date_gmt":"2024-05-22T13:44:30","guid":{"rendered":"https:\/\/corrientesdetarde.com\/?p=149355"},"modified":"2024-05-22T10:44:42","modified_gmt":"2024-05-22T13:44:42","slug":"cardozo-se-reunio-con-representantes-de-asociacion-correntina-de-anestesiologia","status":"publish","type":"post","link":"https:\/\/corrientesdetarde.com\/index.php\/informacion-general\/cardozo-se-reunio-con-representantes-de-asociacion-correntina-de-anestesiologia\/","title":{"rendered":"Cardozo se reuni\u00f3 con representantes de Asociaci\u00f3n Correntina de Anestesiolog\u00eda"},"content":{"rendered":"\n<p><\/p>\n\n\n\n<p>El titular de Salud P\u00fablica recibi\u00f3 a la comisi\u00f3n directiva de esa instituci\u00f3n con quienes abord\u00f3 la situaci\u00f3n y diversas cuestiones laborales del sector.<\/p>\n\n\n\n<p>El ministro de Salud P\u00fablica de la Provincia, Ricardo Cardozo, recibi\u00f3 a los representantes de la Asociaci\u00f3n Correntina de Anestesiolog\u00eda (ASCAAR), con quienes analiz\u00f3 la situaci\u00f3n del sector. Tras el c\u00f3nclave, el titular de la cartera sanitaria remarc\u00f3 la importancia del di\u00e1logo interinstitucional y de la articulaci\u00f3n permanente.<\/p>\n\n\n\n<p>La reuni\u00f3n fue desarrollada en el despacho del ministro de Salud P\u00fablica. Por parte de ASCAAR, estuvieron presentes los doctores Diego Oliveira, Hern\u00e1n Pintos, Alicia Alderete y Nora Oviedo. En tanto, acompa\u00f1aron al ministro Cardozo Ariel V\u00e1zquez, de la Unidad Ejecutora Provincial (UEP); y el director general de Gesti\u00f3n Hospitalaria, Mario Rodr\u00edguez.<\/p>\n\n\n\n<p>\u201cFue una reuni\u00f3n sumamente productiva. La idea era juntarnos para evaluar, en primer lugar, el estado general de la salud del pa\u00eds, de la provincia y, despu\u00e9s algunos peque\u00f1os detalles a solucionar desde el aspecto puntual y focalizado del sector, de los anestesistas\u201d, dijo el ministro Ricardo Cardozo.<\/p>\n\n\n\n<p>\u201cA partir de intercambiar ideas y opiniones, quedamos en conformar una agenda com\u00fan para seguir conversando y trabajando en lo que podemos ir solucionando en cuanto a los temas locales\u201d, ampli\u00f3.<\/p>\n\n\n\n<p>\u201cEvidentemente, hay todo un panorama general que afecta al sector de salud porque como lo he manifestado a nivel nacional, hay situaciones, referente al manejo de las obras sociales nacionales que debieran modificarse porque afectan el financiamiento de la salud tanto p\u00fablica como privada\u201d, explic\u00f3 pero remarc\u00f3: \u201cSiempre en el marco de conversaci\u00f3n y de di\u00e1logo, est\u00e1 la posibilidad de solucionar los problemas\u201d.<\/p>\n\n\n\n<figure class=\"wp-block-gallery has-nested-images columns-default is-cropped wp-block-gallery-1 is-layout-flex wp-block-gallery-is-layout-flex\">\n<figure class=\"wp-block-image size-large\"><img loading=\"lazy\" decoding=\"async\" width=\"1024\" height=\"598\" data-id=\"149363\" src=\"https:\/\/corrientesdetarde.com\/wp-content\/uploads\/2024\/05\/imagen-86977-1024x598.jpg\" alt=\"\" class=\"wp-image-149363\" srcset=\"https:\/\/corrientesdetarde.com\/wp-content\/uploads\/2024\/05\/imagen-86977-1024x598.jpg 1024w, https:\/\/corrientesdetarde.com\/wp-content\/uploads\/2024\/05\/imagen-86977-300x175.jpg 300w, https:\/\/corrientesdetarde.com\/wp-content\/uploads\/2024\/05\/imagen-86977-768x448.jpg 768w, https:\/\/corrientesdetarde.com\/wp-content\/uploads\/2024\/05\/imagen-86977.jpg 1280w\" sizes=\"auto, (max-width: 1024px) 100vw, 1024px\" \/><\/figure>\n\n\n\n<figure class=\"wp-block-image size-large\"><img loading=\"lazy\" decoding=\"async\" width=\"1024\" height=\"585\" data-id=\"149365\" src=\"https:\/\/corrientesdetarde.com\/wp-content\/uploads\/2024\/05\/imagen-86975-1024x585.jpg\" alt=\"\" class=\"wp-image-149365\" srcset=\"https:\/\/corrientesdetarde.com\/wp-content\/uploads\/2024\/05\/imagen-86975-1024x585.jpg 1024w, https:\/\/corrientesdetarde.com\/wp-content\/uploads\/2024\/05\/imagen-86975-300x171.jpg 300w, https:\/\/corrientesdetarde.com\/wp-content\/uploads\/2024\/05\/imagen-86975-768x439.jpg 768w, https:\/\/corrientesdetarde.com\/wp-content\/uploads\/2024\/05\/imagen-86975.jpg 1280w\" sizes=\"auto, (max-width: 1024px) 100vw, 1024px\" \/><\/figure>\n<\/figure>\n","protected":false},"excerpt":{"rendered":"<p>El titular de Salud P\u00fablica recibi\u00f3 a la comisi\u00f3n directiva de esa instituci\u00f3n con quienes abord\u00f3 la situaci\u00f3n y diversas cuestiones laborales del sector. El ministro de Salud P\u00fablica de&hellip; <\/p>\n","protected":false},"author":12,"featured_media":149364,"comment_status":"closed","ping_status":"open","sticky":false,"template":"","format":"standard","meta":{"footnotes":""},"categories":[1],"tags":[],"class_list":["post-149355","post","type-post","status-publish","format-standard","has-post-thumbnail","hentry","category-informacion-general"],"_links":{"self":[{"href":"https:\/\/corrientesdetarde.com\/index.php\/wp-json\/wp\/v2\/posts\/149355","targetHints":{"allow":["GET"]}}],"collection":[{"href":"https:\/\/corrientesdetarde.com\/index.php\/wp-json\/wp\/v2\/posts"}],"about":[{"href":"https:\/\/corrientesdetarde.com\/index.php\/wp-json\/wp\/v2\/types\/post"}],"author":[{"embeddable":true,"href":"https:\/\/corrientesdetarde.com\/index.php\/wp-json\/wp\/v2\/users\/12"}],"replies":[{"embeddable":true,"href":"https:\/\/corrientesdetarde.com\/index.php\/wp-json\/wp\/v2\/comments?post=149355"}],"version-history":[{"count":1,"href":"https:\/\/corrientesdetarde.com\/index.php\/wp-json\/wp\/v2\/posts\/149355\/revisions"}],"predecessor-version":[{"id":149367,"href":"https:\/\/corrientesdetarde.com\/index.php\/wp-json\/wp\/v2\/posts\/149355\/revisions\/149367"}],"wp:featuredmedia":[{"embeddable":true,"href":"https:\/\/corrientesdetarde.com\/index.php\/wp-json\/wp\/v2\/media\/149364"}],"wp:attachment":[{"href":"https:\/\/corrientesdetarde.com\/index.php\/wp-json\/wp\/v2\/media?parent=149355"}],"wp:term":[{"taxonomy":"category","embeddable":true,"href":"https:\/\/corrientesdetarde.com\/index.php\/wp-json\/wp\/v2\/categories?post=149355"},{"taxonomy":"post_tag","embeddable":true,"href":"https:\/\/corrientesdetarde.com\/index.php\/wp-json\/wp\/v2\/tags?post=149355"}],"curies":[{"name":"wp","href":"https:\/\/api.w.org\/{rel}","templated":true}]}}