{"id":149356,"date":"2024-05-22T10:41:47","date_gmt":"2024-05-22T13:41:47","guid":{"rendered":"https:\/\/corrientesdetarde.com\/?p=149356"},"modified":"2024-05-22T10:41:51","modified_gmt":"2024-05-22T13:41:51","slug":"homenaje-en-el-dia-mundial-de-la-donacion-de-leche-humana","status":"publish","type":"post","link":"https:\/\/corrientesdetarde.com\/index.php\/eventossociedad\/homenaje-en-el-dia-mundial-de-la-donacion-de-leche-humana\/","title":{"rendered":"Homenaje en el d\u00eda mundial de la donaci\u00f3n de leche humana"},"content":{"rendered":"\n<p><\/p>\n\n\n\n<p>El vicegobernador de la provincia Pedro Braillard Poccard presidi\u00f3 los actos de homenaje en el en el D\u00eda Mundial de la Donaci\u00f3n de Leche Humana. Este a\u00f1o, el lema seleccionado es \u201cAmor en cada gota donada, vida en cada gota recibida\u201d.<\/p>\n\n\n\n<p>Por iniciativa del doctor Luis Azula, m\u00e9dico coordinador del Banco de Lecha Humana del Hospital Materno Neonatal \u201cEloisa Torrent de Vidal\u201d, fueron homenajeadas las madres donantes Noraly Billordo y Guadalupe Marturet, como madres de beb\u00e9s receptores Cintia Elizabeth Barrios y Ninfa Fidelina Meza Riquelme, y los colaboradores cercanos: la doctora Clara Aquino de Costa, la profesora Rosal\u00eda Itat\u00ed Cardozo y la Rueda interna del Rotary Corrientes Sur.<\/p>\n\n\n\n<p>Es de destacar que Corrientes es una de las ocho provincias argentinas que cuenta con el Banco de Leche Humana, que desde hace cinco a\u00f1os recolecta leche humana de madres donantes, las prepara y acondiciona para posteriormente ser utilizado en beb\u00e9s prematuros internados en las unidades de cuidados intensivos nonatales de la provincia.<\/p>\n\n\n\n<p>Al hacer uso de la palabra, el Vicegobernador manifest\u00f3 que \u201cen 1990, hace solo 34 a\u00f1os, la mortalidad infantil en la Argentina estaba en 29\/1000 (29 beb\u00e9s fallecidos cada mil nacimientos). La provincia de Corrientes, que era una de las mejores del norte, estaba levemente por encima de las medias nacionales, est\u00e1bamos en el 30\/1000. Hoy, despu\u00e9s de muchos logros, de mucho esfuerzo y de trabajo que hace el equipo que encabeza el doctor Azula en las distintas actividades, estamos llegando a un d\u00edgito (menos de 10\/1000) eso posiciona a la Argentina y a la provincia de Corrientes entre las mejores estad\u00edsticas del mundo\u201d.<\/p>\n\n\n\n<p>\u201cSin duda, el accionar que realizan verdaderamente cumple un papel fundamental. Se mencion\u00f3 el tema de incorporar a la agenda pol\u00edtica el tema de la donaci\u00f3n de la leche humana, yo creo que lo que est\u00e1 incorporado a la agenda pol\u00edtica es todo lo que tiene que ver con disminuir la cifra de mortalidad infantil y neonatal. Como tambi\u00e9n la mortalidad materna, que es otra cifra que ha disminuido sensiblemente. Y ah\u00ed viene el accionar y el trabajo de toda la sociedad. En ese contexto, el accionar que ustedes, querido doctor, realizan es verdaderamente encomiable. Por eso es un honor para nosotros que le mereci\u00f3 la Legislatura para conmemorar este d\u00eda\u201d.<\/p>\n\n\n\n<p>El doctor Luis Azula se\u00f1al\u00f3 a su turno: \u201cEs el cuarto a\u00f1o consecutivo que hacemos estos reconocimientos y queremos agradecer a la Vicegobernaci\u00f3n que nos abre las puertas del recinto legislativo, para poder reconocer a mujeres que toman la decisi\u00f3n cargada de mucho amor y altruismo de donar leche humana para beb\u00e9s internados en las terapias neonatales, y tambi\u00e9n a algunas mam\u00e1s en representaci\u00f3n de las mam\u00e1s de beb\u00e9s receptores que recibieron esa leche donada, con historias muy particulares y con mucho compromiso en la difusi\u00f3n de esto, que tambi\u00e9n es merecedora de un reconocimiento por el trabajo que hacen, porque nos ayudan, porque ellas vivieron la necesidad, con sus hijos de recibir leche humana mientras estaban internadas en la terapia; pueden contarlo porque vivieron en carne propia esta situaci\u00f3n y pueden explicar mejor que cualquiera de nosotros la importancia de este hecho que es donar leche humana\u201d.<\/p>\n\n\n\n<p>Azula record\u00f3 adem\u00e1s cuando el doctor Braillard Poccard fue senador nacional que \u201cnos visit\u00f3 para conocer el Banco de Leche Humana, me dijo: <code>\u00bfC\u00f3mo podemos ayudar? \u00b4 Mi respuesta en aquel entonces fue:<\/code>se\u00f1or senador, necesitamos una ley nacional para que todas las provincias tengan lo mismo que tiene Corrientes y lo mismo que tienen las otras siete provincias hermanas\u00b4. Recuerdo que muy poco tiempo despu\u00e9s present\u00f3 un proyecto de ley en el Senado de la Naci\u00f3n que fue votado por unanimidad en la C\u00e1mara de Senadores, pas\u00f3 a la C\u00e1mara de Diputados en el Congreso nacional y todav\u00eda estamos ah\u00ed peleando a que salga la ley\u201d.<\/p>\n\n\n\n<p>La provincia de Corrientes tiene leyes que protegen a la infancia materna: la ley de Protecci\u00f3n a la Infancia Materna de 2010, la Ley de Licencia por Maternidad de 180 d\u00edas; otra ley que es muy importante es la creaci\u00f3n de la Red Provincial de Centros de Recolecci\u00f3n de Leche Materna; y la m\u00e1s reciente, sancionada en septiembre de 2023 de Espacios Amigos de la Lactancia Materna, que genera un \u00e1mbito en el que las madres durante su jornada laboral o de estudio puedan extraerse leche y poder, al regresar a su hogar, llevar esa leche que se extrajo para seguir amantando a su beb\u00e9 y no discontinuar la lactancia materna<\/p>\n\n\n\n<figure class=\"wp-block-gallery has-nested-images columns-default is-cropped wp-block-gallery-1 is-layout-flex wp-block-gallery-is-layout-flex\">\n<figure class=\"wp-block-image size-large\"><img loading=\"lazy\" decoding=\"async\" width=\"1024\" height=\"683\" data-id=\"149358\" src=\"https:\/\/corrientesdetarde.com\/wp-content\/uploads\/2024\/05\/e9a9081b-5965-4c8b-ace2-121d3a7d4666-1024x683.jpg\" alt=\"\" class=\"wp-image-149358\" srcset=\"https:\/\/corrientesdetarde.com\/wp-content\/uploads\/2024\/05\/e9a9081b-5965-4c8b-ace2-121d3a7d4666-1024x683.jpg 1024w, https:\/\/corrientesdetarde.com\/wp-content\/uploads\/2024\/05\/e9a9081b-5965-4c8b-ace2-121d3a7d4666-300x200.jpg 300w, https:\/\/corrientesdetarde.com\/wp-content\/uploads\/2024\/05\/e9a9081b-5965-4c8b-ace2-121d3a7d4666-768x512.jpg 768w, https:\/\/corrientesdetarde.com\/wp-content\/uploads\/2024\/05\/e9a9081b-5965-4c8b-ace2-121d3a7d4666-1536x1024.jpg 1536w, https:\/\/corrientesdetarde.com\/wp-content\/uploads\/2024\/05\/e9a9081b-5965-4c8b-ace2-121d3a7d4666.jpg 1599w\" sizes=\"auto, (max-width: 1024px) 100vw, 1024px\" \/><\/figure>\n\n\n\n<figure class=\"wp-block-image size-large\"><img loading=\"lazy\" decoding=\"async\" width=\"1024\" height=\"683\" data-id=\"149360\" src=\"https:\/\/corrientesdetarde.com\/wp-content\/uploads\/2024\/05\/ec0d9e37-620f-400d-b916-27d403a39d50-1024x683.jpg\" alt=\"\" class=\"wp-image-149360\" srcset=\"https:\/\/corrientesdetarde.com\/wp-content\/uploads\/2024\/05\/ec0d9e37-620f-400d-b916-27d403a39d50-1024x683.jpg 1024w, https:\/\/corrientesdetarde.com\/wp-content\/uploads\/2024\/05\/ec0d9e37-620f-400d-b916-27d403a39d50-300x200.jpg 300w, https:\/\/corrientesdetarde.com\/wp-content\/uploads\/2024\/05\/ec0d9e37-620f-400d-b916-27d403a39d50-768x512.jpg 768w, https:\/\/corrientesdetarde.com\/wp-content\/uploads\/2024\/05\/ec0d9e37-620f-400d-b916-27d403a39d50-1536x1024.jpg 1536w, https:\/\/corrientesdetarde.com\/wp-content\/uploads\/2024\/05\/ec0d9e37-620f-400d-b916-27d403a39d50.jpg 1599w\" sizes=\"auto, (max-width: 1024px) 100vw, 1024px\" \/><\/figure>\n\n\n\n<figure class=\"wp-block-image size-large\"><img loading=\"lazy\" decoding=\"async\" width=\"1024\" height=\"683\" data-id=\"149361\" src=\"https:\/\/corrientesdetarde.com\/wp-content\/uploads\/2024\/05\/f258a8f6-73b6-4ea4-88c8-0af8e33369b1-1024x683.jpg\" alt=\"\" class=\"wp-image-149361\" srcset=\"https:\/\/corrientesdetarde.com\/wp-content\/uploads\/2024\/05\/f258a8f6-73b6-4ea4-88c8-0af8e33369b1-1024x683.jpg 1024w, https:\/\/corrientesdetarde.com\/wp-content\/uploads\/2024\/05\/f258a8f6-73b6-4ea4-88c8-0af8e33369b1-300x200.jpg 300w, https:\/\/corrientesdetarde.com\/wp-content\/uploads\/2024\/05\/f258a8f6-73b6-4ea4-88c8-0af8e33369b1-768x512.jpg 768w, https:\/\/corrientesdetarde.com\/wp-content\/uploads\/2024\/05\/f258a8f6-73b6-4ea4-88c8-0af8e33369b1-1536x1024.jpg 1536w, https:\/\/corrientesdetarde.com\/wp-content\/uploads\/2024\/05\/f258a8f6-73b6-4ea4-88c8-0af8e33369b1.jpg 1599w\" sizes=\"auto, (max-width: 1024px) 100vw, 1024px\" \/><\/figure>\n<\/figure>\n","protected":false},"excerpt":{"rendered":"<p>El vicegobernador de la provincia Pedro Braillard Poccard presidi\u00f3 los actos de homenaje en el en el D\u00eda Mundial de la Donaci\u00f3n de Leche Humana. Este a\u00f1o, el lema seleccionado&hellip; <\/p>\n","protected":false},"author":12,"featured_media":149359,"comment_status":"closed","ping_status":"open","sticky":false,"template":"","format":"standard","meta":{"footnotes":""},"categories":[1208],"tags":[],"class_list":["post-149356","post","type-post","status-publish","format-standard","has-post-thumbnail","hentry","category-eventossociedad"],"_links":{"self":[{"href":"https:\/\/corrientesdetarde.com\/index.php\/wp-json\/wp\/v2\/posts\/149356","targetHints":{"allow":["GET"]}}],"collection":[{"href":"https:\/\/corrientesdetarde.com\/index.php\/wp-json\/wp\/v2\/posts"}],"about":[{"href":"https:\/\/corrientesdetarde.com\/index.php\/wp-json\/wp\/v2\/types\/post"}],"author":[{"embeddable":true,"href":"https:\/\/corrientesdetarde.com\/index.php\/wp-json\/wp\/v2\/users\/12"}],"replies":[{"embeddable":true,"href":"https:\/\/corrientesdetarde.com\/index.php\/wp-json\/wp\/v2\/comments?post=149356"}],"version-history":[{"count":1,"href":"https:\/\/corrientesdetarde.com\/index.php\/wp-json\/wp\/v2\/posts\/149356\/revisions"}],"predecessor-version":[{"id":149362,"href":"https:\/\/corrientesdetarde.com\/index.php\/wp-json\/wp\/v2\/posts\/149356\/revisions\/149362"}],"wp:featuredmedia":[{"embeddable":true,"href":"https:\/\/corrientesdetarde.com\/index.php\/wp-json\/wp\/v2\/media\/149359"}],"wp:attachment":[{"href":"https:\/\/corrientesdetarde.com\/index.php\/wp-json\/wp\/v2\/media?parent=149356"}],"wp:term":[{"taxonomy":"category","embeddable":true,"href":"https:\/\/corrientesdetarde.com\/index.php\/wp-json\/wp\/v2\/categories?post=149356"},{"taxonomy":"post_tag","embeddable":true,"href":"https:\/\/corrientesdetarde.com\/index.php\/wp-json\/wp\/v2\/tags?post=149356"}],"curies":[{"name":"wp","href":"https:\/\/api.w.org\/{rel}","templated":true}]}}