{"id":149375,"date":"2024-05-22T11:22:55","date_gmt":"2024-05-22T14:22:55","guid":{"rendered":"https:\/\/corrientesdetarde.com\/?p=149375"},"modified":"2024-05-22T11:23:07","modified_gmt":"2024-05-22T14:23:07","slug":"sin-ben-affleck-jennifer-lopez-se-mostro-casi-al-desnudo-con-alianza-de-casamiento-y-sonrisas-fingidas","status":"publish","type":"post","link":"https:\/\/corrientesdetarde.com\/index.php\/espectaculos\/sin-ben-affleck-jennifer-lopez-se-mostro-casi-al-desnudo-con-alianza-de-casamiento-y-sonrisas-fingidas\/","title":{"rendered":"Sin Ben Affleck, Jennifer Lopez se mostr\u00f3 casi al desnudo, con alianza de casamiento y sonrisas&#8230; \u00bffingidas?"},"content":{"rendered":"\n<p>Despu\u00e9s de deslumbrar como anfitriona en la<strong>\u00a0Met Gala<\/strong>con un vestido transl\u00facido lleno de brillos de\u00a0<strong>Schiaperelli<\/strong>,\u00a0<strong>Jennifer Lopez<\/strong>\u00a0acapar\u00f3 titulares, pero no solo por su impecable estilo. La ausencia de\u00a0<strong>Ben Affleck\u00a0<\/strong>en el evento, hecho que se repiti\u00f3 en la\u00a0<em>avant premiere\u00a0<\/em>de\u00a0<em>Atlas\u00a0<\/em>en Los \u00c1ngeles, despert\u00f3 rumores de divorcio. En las \u00faltimas horas, la diva volvi\u00f3 a aparecer<strong>\u00a0sola en la alfombra roja<\/strong>, pero un\u00a0<strong>detalle\u00a0<\/strong>del look llam\u00f3 la atenci\u00f3n.<\/p>\n\n\n\n<p>Mientras promociona la nueva pel\u00edcula que protagoniza, la cantante acapar\u00f3 las miradas en el estreno del filme en M\u00e9xico con un osado&nbsp;<strong>dise\u00f1o blanco de Chemena Kamali,&nbsp;<\/strong>directora creativa de la&nbsp;<strong>casa francesa Chlo\u00e9<\/strong>. El modelo, estilo&nbsp;<strong>t\u00fanica<\/strong>, se destaca por un sugerente<strong>&nbsp;escote en V que termina en la parte baja del vientre&nbsp;<\/strong>y m\u00faltiples&nbsp;<strong>apliques de volados en todo el talle.<\/strong><\/p>\n\n\n\n<figure class=\"wp-block-image\"><img decoding=\"async\" src=\"https:\/\/tn.com.ar\/resizer\/wdHq5FjE8b5jbtpyKV-KAxgToPU=\/767x0\/smart\/filters:format(webp)\/cloudfront-us-east-1.images.arcpublishing.com\/artear\/XE2DDBXXOVCKVOSWBQMFGHTEYA.jfif\" alt=\"Jennifer Lopez acapar\u00f3 los flashes con su look de red carpet. (Foto: EFE\/ Jos\u00e9 M\u00e9ndez)\"\/><figcaption class=\"wp-element-caption\">Jennifer Lopez acapar\u00f3 los flashes con su look de red carpet. (Foto: EFE\/ Jos\u00e9 M\u00e9ndez)<\/figcaption><\/figure>\n\n\n\n<p>zapatos&nbsp;<em>peep toe<\/em>&nbsp;<strong>color&nbsp;<\/strong><em><strong>nude&nbsp;<\/strong><\/em><strong>con plataformas y taco cuadrado alt\u00edsimo<\/strong><\/p>\n\n\n\n<figure class=\"wp-block-image\"><img decoding=\"async\" src=\"https:\/\/tn.com.ar\/resizer\/oYUL8jQH8HnGBdPUJ484JJreb0o=\/767x0\/smart\/filters:format(webp)\/cloudfront-us-east-1.images.arcpublishing.com\/artear\/JODFB4LZ7JHJXCSYLUT67ND7H4.jpg\" alt=\"Jennifer Lopez eligi\u00f3 sandalias con plataforma con tacos XXL (Foto: EFE\/ Jos\u00e9 M\u00e9ndez)\"\/><figcaption class=\"wp-element-caption\">Jennifer Lopez eligi\u00f3 sandalias con plataforma con tacos XXL (Foto: EFE\/ Jos\u00e9 M\u00e9ndez)<\/figcaption><\/figure>\n\n\n\n<p>Aunque los complementos y el<em>&nbsp;beauty look&nbsp;<\/em>-que consisti\u00f3 en un peinado recogido descontracturado y maquillaje en tonos neutros- fueron impecables, otro aspecto del estilismo se rob\u00f3 las miradas.<\/p>\n\n\n\n<figure class=\"wp-block-image\"><img decoding=\"async\" src=\"https:\/\/tn.com.ar\/resizer\/nPk7MwcKT91RXdBvjeX_BK2ZI8Q=\/767x0\/smart\/filters:format(webp)\/cloudfront-us-east-1.images.arcpublishing.com\/artear\/R2MTT2U5LFGC5HVAJ7PWMJENQ4.jfif\" alt=\"Jennifer Lopez impact\u00f3 con un vestido escotad\u00edsimo de Chlo\u00e9. (Foto: EFE\/ Jos\u00e9 M\u00e9ndez)\"\/><figcaption class=\"wp-element-caption\">Jennifer Lopez impact\u00f3 con un vestido escotad\u00edsimo de Chlo\u00e9. (Foto: EFE\/ Jos\u00e9 M\u00e9ndez)<\/figcaption><\/figure>\n\n\n\n<p>Para m\u00e1s incertidumbre en medio de la especulaci\u00f3n sobre la supuesta crisis con el actor, la estrella se mostr\u00f3 con su&nbsp;<em>anillo de bodas,<\/em>&nbsp;una joya que combin\u00f3&nbsp;<strong>con aros colgantes a juego de pedrer\u00eda de Anabela Chan<\/strong>. Seg\u00fan reportes,&nbsp;<strong>Ben Affleck tambi\u00e9n fue visto usando su alianza en estos d\u00edas.<\/strong><\/p>\n\n\n\n<figure class=\"wp-block-image\"><img decoding=\"async\" src=\"https:\/\/tn.com.ar\/resizer\/r9eUx_ByoFj0pPTihRbvDFTGcVU=\/767x0\/smart\/filters:format(webp)\/cloudfront-us-east-1.images.arcpublishing.com\/artear\/JB2L2M5Q4ZFYZGMTZC2WS2NFOU.jfif\" alt=\"Jennifer Lopez, sola pero con anillo de boda en la red carpet. (Foto: EFE\/ Jos\u00e9 M\u00e9ndez)\"\/><figcaption class=\"wp-element-caption\">Jennifer Lopez, sola pero con anillo de boda en la red carpet. (Foto: EFE\/ Jos\u00e9 M\u00e9ndez)<\/figcaption><\/figure>\n\n\n\n<p>As\u00ed y todo, los rumores no cesan y las expresiones de J.Lo ante los&nbsp;<em>flashes&nbsp;<\/em>tambi\u00e9n llamaron la atenci\u00f3n. Aunque se mostr\u00f3 con la actitud avasallante que la caracteriza, en muchas de las tomas<strong>&nbsp;su sonrisa parece exagerada, casi fingida.&nbsp;<\/strong>M\u00e1s all\u00e1 de todo, todav\u00eda no hay declaraciones oficiales de los protagonistas.<\/p>\n\n\n\n<figure class=\"wp-block-image\"><img decoding=\"async\" src=\"https:\/\/tn.com.ar\/resizer\/K2B127oRmYpyhVc40PgcdAYcg_w=\/767x0\/smart\/filters:format(webp)\/cloudfront-us-east-1.images.arcpublishing.com\/artear\/CHBJHHQLZZEAFEQI2EH7LCDHGE.jfif\" alt=\"Jennifer Lopez fue vista con su alianza de bodas en la avant premiere mexicana de su nueva pel\u00edcula. (Foto: EFE\/ Jos\u00e9 M\u00e9ndez)\"\/><figcaption class=\"wp-element-caption\">Jennifer Lopez fue vista con su alianza de bodas en la avant premiere mexicana de su nueva pel\u00edcula. (Foto: EFE\/ Jos\u00e9 M\u00e9ndez)<\/figcaption><\/figure>\n","protected":false},"excerpt":{"rendered":"<p>Despu\u00e9s de deslumbrar como anfitriona en la\u00a0Met Galacon un vestido transl\u00facido lleno de brillos de\u00a0Schiaperelli,\u00a0Jennifer Lopez\u00a0acapar\u00f3 titulares, pero no solo por su impecable estilo. La ausencia de\u00a0Ben Affleck\u00a0en el evento,&hellip; <\/p>\n","protected":false},"author":12,"featured_media":149377,"comment_status":"closed","ping_status":"open","sticky":false,"template":"","format":"standard","meta":{"footnotes":""},"categories":[19],"tags":[],"class_list":["post-149375","post","type-post","status-publish","format-standard","has-post-thumbnail","hentry","category-espectaculos"],"_links":{"self":[{"href":"https:\/\/corrientesdetarde.com\/index.php\/wp-json\/wp\/v2\/posts\/149375","targetHints":{"allow":["GET"]}}],"collection":[{"href":"https:\/\/corrientesdetarde.com\/index.php\/wp-json\/wp\/v2\/posts"}],"about":[{"href":"https:\/\/corrientesdetarde.com\/index.php\/wp-json\/wp\/v2\/types\/post"}],"author":[{"embeddable":true,"href":"https:\/\/corrientesdetarde.com\/index.php\/wp-json\/wp\/v2\/users\/12"}],"replies":[{"embeddable":true,"href":"https:\/\/corrientesdetarde.com\/index.php\/wp-json\/wp\/v2\/comments?post=149375"}],"version-history":[{"count":1,"href":"https:\/\/corrientesdetarde.com\/index.php\/wp-json\/wp\/v2\/posts\/149375\/revisions"}],"predecessor-version":[{"id":149378,"href":"https:\/\/corrientesdetarde.com\/index.php\/wp-json\/wp\/v2\/posts\/149375\/revisions\/149378"}],"wp:featuredmedia":[{"embeddable":true,"href":"https:\/\/corrientesdetarde.com\/index.php\/wp-json\/wp\/v2\/media\/149377"}],"wp:attachment":[{"href":"https:\/\/corrientesdetarde.com\/index.php\/wp-json\/wp\/v2\/media?parent=149375"}],"wp:term":[{"taxonomy":"category","embeddable":true,"href":"https:\/\/corrientesdetarde.com\/index.php\/wp-json\/wp\/v2\/categories?post=149375"},{"taxonomy":"post_tag","embeddable":true,"href":"https:\/\/corrientesdetarde.com\/index.php\/wp-json\/wp\/v2\/tags?post=149375"}],"curies":[{"name":"wp","href":"https:\/\/api.w.org\/{rel}","templated":true}]}}