{"id":149495,"date":"2024-05-22T20:11:59","date_gmt":"2024-05-22T23:11:59","guid":{"rendered":"https:\/\/corrientesdetarde.com\/?p=149495"},"modified":"2024-05-22T20:12:03","modified_gmt":"2024-05-22T23:12:03","slug":"ley-de-bases-en-el-senado-la-extensa-lista-de-modificaciones-opositoras-obligo-al-oficialismo-a-patear-el-dictamen-una-semana-mas","status":"publish","type":"post","link":"https:\/\/corrientesdetarde.com\/index.php\/politica\/ley-de-bases-en-el-senado-la-extensa-lista-de-modificaciones-opositoras-obligo-al-oficialismo-a-patear-el-dictamen-una-semana-mas\/","title":{"rendered":"Ley de Bases en el Senado: la extensa lista de modificaciones opositoras oblig\u00f3 al oficialismo a patear el dictamen una semana m\u00e1s"},"content":{"rendered":"\n<p>La Libertad Avanza quer\u00eda apurarlo, pero la Uni\u00f3n C\u00edvica Radical (UCR) y bloques federales le frenaron el impulso. Cuarto intermedio hasta el martes o mi\u00e9rcoles de la pr\u00f3xima semana.<\/p>\n\n\n\n<p>El plenario de comisiones que trata de la&nbsp;<strong>ley de Bases<\/strong>&nbsp;y la comisi\u00f3n de Presupuesto y Hacienda, que estudia el&nbsp;<strong>paquete fiscal<\/strong>, entraron en cuarto intermedio hasta el<strong>&nbsp;martes o mi\u00e9rcoles<\/strong>&nbsp;de la pr\u00f3xima semana, seg\u00fan especific\u00f3 el senador y presidente Provisional del Senado,<strong>&nbsp;<\/strong>Bartolom\u00e9 Abdala (San Luis), quien tambi\u00e9n confirm\u00f3 que dar\u00e1n respuestas en las pr\u00f3ximas horas a los senadores que presentaron modificaciones.<\/p>\n\n\n\n<p>&#8220;Algunos cambios son similares y otros no tienen nada que ver con al ley.&nbsp;<strong>Es necesario que se analicen todos las propuestas<\/strong>&#8220;, lanz\u00f3 Abdala. Adem\u00e1s, asegur\u00f3 que en las pr\u00f3ximas horas circular\u00e1 un dictamen que les permita que ambos mega proyectos vayan tomando forma, a&nbsp;<br>partir de las modificaciones realizadas.&nbsp;<\/p>\n\n\n\n<p>La intervenci\u00f3n de Abdala se dio sobre el final del plenario de comisiones que trata la\u00a0<strong>ley de Bases<\/strong>, bajo un mar de dudas con respecto a la firma del dictamen que La Libertad Avanza intent\u00f3 apurar hoy, apalancado en un grupo de senadores aliados, entre ellos, el senador y l\u00edder del bloque Cambio Federal,<strong>\u00a0Juan\u00a0Carlos Romero\u00a0<\/strong>(Salta).<\/p>\n\n\n\n<p>El oficialismo lleg\u00f3 esta ma\u00f1ana a la C\u00e1mara alta con el objetivo se llevarse las firmas, al menos en disidencia, de aquellos senadores que plantearon a lo largo de estas tres semanas profundas divergencias en algunos cap\u00edtulos y art\u00edculos. Sin embargo,&nbsp;<strong>LLA volvi\u00f3 a dar un paso en falso y su planificaci\u00f3n qued\u00f3 enterrada<\/strong>.&nbsp;<\/p>\n\n\n\n<p>Ayer, el paquete fiscal fue fuertemente cuestionado por el senador kirchnerista&nbsp;<strong>Fernando Salino<\/strong>&nbsp;(San Luis) y el radical<strong>&nbsp;Mart\u00edn Lousteau<\/strong>&nbsp;(CABA). En este contexto, para responder las dudas del kirchnerismo y parte del radicalismo, el Gobierno ten\u00eda en carpeta enviar a funcionarios a la comisi\u00f3n de Presupuesto y Hacienda. Sin embargo,&nbsp;<mark><strong>nadie del Ejecutivo se present\u00f3<\/strong><\/mark>.&nbsp;<\/p>\n\n\n\n<p>Al reanudarse el cuarto intermedio del plenario de Bases, el senador de Unidad Federal,<strong>&nbsp;Edgardo Kueider&nbsp;<\/strong>(Entre R\u00edos), arremeti\u00f3 contra varios puntos. Entre ellos, Kueider apunt\u00f3 contra las&nbsp;<mark><strong>facultades delegadas<\/strong><\/mark>&nbsp;que el Legislativo le otorgar\u00eda al presidente Javier Milei y pidi\u00f3 eliminar la palabra &#8220;disoluci\u00f3n total o parcial&#8221;.&nbsp;<\/p>\n\n\n\n<p>De no prosperar esta propuesta, el entrerriano pidi\u00f3 la exclusi\u00f3n de una serie de empresas y organismo p\u00fablicos para que, eventualmente, no puedan ser eliminadas: Instituto Nacional de Tecnolog\u00eda Industrial (INTI); Banco nacional de Datos Gen\u00e9ticos; CONADI; Senasa. En esa l\u00ednea, Kueider solicit\u00f3 la quita de&nbsp;<mark><strong>Aerol\u00edneas Argentinas<\/strong><\/mark>&nbsp;de las empresas sujetas a privatizaci\u00f3n. &nbsp;&nbsp;<\/p>\n\n\n\n<p>Para defender su postura, asegur\u00f3 que &#8220;no todos los organismos del Estado pueden dar super\u00e1vit&#8221;. Solicit\u00f3 que se aparte el texto administrativo de ley de Bases y lo mismo con el&nbsp;<mark><strong>R\u00e9gimen de Incentivos para Grandes Inversiones<\/strong><\/mark>&nbsp;(RIGI). No obstante, no le cerr\u00f3 la puerta a un posible apoyo a las modificaciones que podr\u00eda proponer Lousteau.&nbsp;<\/p>\n\n\n\n<p>Tras finalizar el punteo con disidencias, el guante lo recogi\u00f3 el senador radical&nbsp;<strong>V\u00edctor Zimmermann<\/strong>&nbsp;(Chaco) quien ley\u00f3 otra&nbsp;<strong>extensa lista de cambios<\/strong>&nbsp;promovida por el sector de la UCR m\u00e1s propensa a acompa\u00f1ar el dictamen, pero en disidencia. Estos cambios dejaron a\u00fan m\u00e1s al Gobierno contra las cuerdas en su ansiedad por la firma de los despachos.&nbsp;<\/p>\n\n\n\n<p>Zimmermann le pidi\u00f3 al oficialismo que garantice el financiamiento de los organismos de ciencia y t\u00e9cnica bajo el Plan 2030. Adem\u00e1s, en la misma l\u00ednea de Kueider, objet\u00f3 la privatizaci\u00f3n de Aerol\u00edneas y sum\u00f3 al&nbsp;<mark><strong>Correo Argentino<\/strong><\/mark>. No obstante, el chaque\u00f1o sostuvo que, de concretarse las privatizaciones, pidi\u00f3 que los eventuales due\u00f1os mantengan las rutas deficitarias.&nbsp;<\/p>\n\n\n\n<p>Lo mismo para el Correo Argentino: &#8220;Es un tema central para los pueblos del interior&#8221;. En el plano laboral, habl\u00f3 de las&nbsp;<mark><strong>cuotas sindicales<\/strong><\/mark>&nbsp;y pidi\u00f3 que &#8220;sean v\u00e1lidas siempre y cuando haya una manifestaci\u00f3n manifiesta en contrario&#8221;. Los dardos siguieron para el&nbsp;<mark><strong>RIGI<\/strong><\/mark>, donde pidi\u00f3 claridad para las competencias provinciales.&nbsp;<\/p>\n\n\n\n<p>En ese sentido, profundiz\u00f3 en la necesidad de ajustar art\u00edculos que protejan la producci\u00f3n local y la&nbsp;<strong>industria nacional<\/strong>&nbsp;para favorecer a la cadena de bienes y servicios: &#8220;Ser\u00eda positivo que, a partir de los 10 a\u00f1os, los beneficios empiecen a ser decrecientes&#8221;. Tambi\u00e9n toc\u00f3 el tema&nbsp;<mark><strong>previsional<\/strong><\/mark>: &#8220;Creemos que la edad de la adhesi\u00f3n deber\u00eda ser 60 a\u00f1os para las mujeres y 65 los hombres&#8221;.&nbsp;<\/p>\n\n\n\n<p>Por otro lado, en el Sal\u00f3n Gris, el vicejefe de Gabiente,&nbsp;<strong>Jos\u00e9 Rolandi<\/strong>, y la secretaria de Planeamiento Estrat\u00e9gico,&nbsp;<strong>Mar\u00eda Ibarzabla Murphy<\/strong>, continuaron esta tarde atendiendo las modificaciones y puliendo la letra chica del texto que, como dijo Abdala, comenzar\u00eda a correr ma\u00f1ana.&nbsp;<\/p>\n","protected":false},"excerpt":{"rendered":"<p>La Libertad Avanza quer\u00eda apurarlo, pero la Uni\u00f3n C\u00edvica Radical (UCR) y bloques federales le frenaron el impulso. Cuarto intermedio hasta el martes o mi\u00e9rcoles de la pr\u00f3xima semana. El&hellip; <\/p>\n","protected":false},"author":4,"featured_media":149496,"comment_status":"closed","ping_status":"open","sticky":false,"template":"","format":"standard","meta":{"footnotes":""},"categories":[3],"tags":[],"class_list":["post-149495","post","type-post","status-publish","format-standard","has-post-thumbnail","hentry","category-politica"],"_links":{"self":[{"href":"https:\/\/corrientesdetarde.com\/index.php\/wp-json\/wp\/v2\/posts\/149495","targetHints":{"allow":["GET"]}}],"collection":[{"href":"https:\/\/corrientesdetarde.com\/index.php\/wp-json\/wp\/v2\/posts"}],"about":[{"href":"https:\/\/corrientesdetarde.com\/index.php\/wp-json\/wp\/v2\/types\/post"}],"author":[{"embeddable":true,"href":"https:\/\/corrientesdetarde.com\/index.php\/wp-json\/wp\/v2\/users\/4"}],"replies":[{"embeddable":true,"href":"https:\/\/corrientesdetarde.com\/index.php\/wp-json\/wp\/v2\/comments?post=149495"}],"version-history":[{"count":1,"href":"https:\/\/corrientesdetarde.com\/index.php\/wp-json\/wp\/v2\/posts\/149495\/revisions"}],"predecessor-version":[{"id":149497,"href":"https:\/\/corrientesdetarde.com\/index.php\/wp-json\/wp\/v2\/posts\/149495\/revisions\/149497"}],"wp:featuredmedia":[{"embeddable":true,"href":"https:\/\/corrientesdetarde.com\/index.php\/wp-json\/wp\/v2\/media\/149496"}],"wp:attachment":[{"href":"https:\/\/corrientesdetarde.com\/index.php\/wp-json\/wp\/v2\/media?parent=149495"}],"wp:term":[{"taxonomy":"category","embeddable":true,"href":"https:\/\/corrientesdetarde.com\/index.php\/wp-json\/wp\/v2\/categories?post=149495"},{"taxonomy":"post_tag","embeddable":true,"href":"https:\/\/corrientesdetarde.com\/index.php\/wp-json\/wp\/v2\/tags?post=149495"}],"curies":[{"name":"wp","href":"https:\/\/api.w.org\/{rel}","templated":true}]}}