{"id":149611,"date":"2024-05-23T08:42:09","date_gmt":"2024-05-23T11:42:09","guid":{"rendered":"https:\/\/corrientesdetarde.com\/?p=149611"},"modified":"2024-05-23T08:43:48","modified_gmt":"2024-05-23T11:43:48","slug":"el-interior-reclamara-por-subsidios-al-transporte-en-el-congreso","status":"publish","type":"post","link":"https:\/\/corrientesdetarde.com\/index.php\/economia\/el-interior-reclamara-por-subsidios-al-transporte-en-el-congreso\/","title":{"rendered":"El interior reclamar\u00e1 por subsidios al transporte en el Congreso"},"content":{"rendered":"\n<p>El 4 de junio, jefes comunales de 18 provincias har\u00e1n visible sus planteos por la eliminaci\u00f3n de aportes de fondos para los colectivos de sus ciudades. El 17 de mayo, el Gobierno de Milei aument\u00f3 el aporte a las empresas que prestan los servicios en el AMBA.<\/p>\n\n\n\n<p>El descontento de los intendentes y gobernadores del interior por la inequidad en el reparto de fondos de subsidios al transporte de pasajeros llega al Congreso de la Naci\u00f3n. El 4 de junio intendentes de 18 provincias se har\u00e1n presentes para exigir una mayor equidad en la distribuci\u00f3n de la carga de ajuste, ya que el Gobierno de Javier Milei privilegia a los usuarios de la Ciudad de Buenos Aires (AMBA) y los partidos del Conurbano Bonaerense y discrimina al interior al eliminar esos aportes para el resto del pa\u00eds.<\/p>\n\n\n\n<p>Entre esos jefes comunales est\u00e1 el intendente, Eduardo Tassano, y el reclamo llega luego que la administraci\u00f3n de La Libertad Avanza (LLA) dispusiera un significativo aumento de los fondos que distribuye entre las empresas de transporte de lo que se conoce como \u00c1rea Metropolitana de Buenos Aires.<\/p>\n\n\n\n<p>En un comunicado los intendentes plasmaron su descontento con lo que consideran una demostraci\u00f3n de la pol\u00edtica de discriminaci\u00f3n que aplica el presidente, Javier Milei, al destacar que &#8220;con motivo del aumento de los subsidios destinados para el transporte urbano de pasajeros del AMBA, m\u00e1s precisamente, desembolsando $148.745.709.159,00 para el mes de mayo y $160.777.188.169,00 para junio del 2024; y, a su vez, atendiendo a la eliminaci\u00f3n del fondo compensador del interior realizada en el mes de enero del corriente, es de imperiosa necesidad reclamar de manera urgente un aporte directo al sistema de transporte de pasajeros por colectivos a favor de las provincias y, as\u00ed, atender a un problema que ata\u00f1e al pa\u00eds entero mediante una distribuci\u00f3n -m\u00e1s- federal de los recursos nacionales&#8221;.<\/p>\n\n\n\n<p>El reclamo es firmado, adem\u00e1s de Eduardo Tassano por los intendentes Daniel Passerini, de C\u00f3rdoba; Jorge Jofr\u00e9, de Formosa; Rosario Romero, de Paran\u00e1; Ulpiano Su\u00e1rez, de Mendoza; Pablo Javkin, de Rosario; Marcos Castro, de Viedma; Mariano Gaido, de Neuqu\u00e9n; Gustavo Saadi, de Catamarca; Ra\u00fal Jorge, de Jujuy, Juan Pablo Poletti, de Santa Fe; Leonardo Stelatto, de Posadas, Rodrigo Buteler, de Cipolletti, Mart\u00edn P\u00e9rez, de R\u00edo Grande, Tierra del Fuego; Othar Macaharashvili, de Comodoro Rivadavia; Armando Molina, de La Rioja, Roy Nikisch, de Resistencia; Norma Fuentes, de Santiago del Estero; Pablo Grasso, de R\u00edo Gallegos; Emiliano Durand, de Salta capital; Francisco Azcue, de Concordia, Entre R\u00edos, y Dami\u00e1n Biss, de Rawson, Chubut.<\/p>\n\n\n\n<p>En el encuentro con los diputados y senadores nacionales del 4 de junio, los intendentes pedir\u00e1n que &#8220;de manera urgente&#8221; haya &#8220;un aporte directo al sistema de transporte de pasajeros por colectivos a favor de las provincias y, as\u00ed, atender a un problema que ata\u00f1e al pa\u00eds entero mediante una distribuci\u00f3n -m\u00e1s- federal de los recursos nacionales&#8221;.<\/p>\n\n\n\n<p>En ese escrito tambi\u00e9n alertaron que &#8220;es evidente que la eliminaci\u00f3n de los subsidios nacionales en el interior del pa\u00eds ha exacerbado las condiciones preexistentes, afectando gravemente a todas sus localidades. Esta medida ha generado una notable incertidumbre y preocupaci\u00f3n, tanto en el \u00e1mbito empresarial como en los gobiernos municipales y provinciales&#8221;.<\/p>\n\n\n\n<h2 class=\"wp-block-heading\">Aportes<\/h2>\n\n\n\n<p>Los intendentes recordaron que &#8220;la ausencia de estos subsidios ha impulsado la necesidad urgente de implementar soluciones para sostener el transporte p\u00fablico, mediante aportes extraordinarios municipales y provinciales; adem\u00e1s de los aumentos de tarifas que en el interior triplican los valores del AMBA.<\/p>\n","protected":false},"excerpt":{"rendered":"<p>El 4 de junio, jefes comunales de 18 provincias har\u00e1n visible sus planteos por la eliminaci\u00f3n de aportes de fondos para los colectivos de sus ciudades. El 17 de mayo,&hellip; <\/p>\n","protected":false},"author":12,"featured_media":68277,"comment_status":"closed","ping_status":"open","sticky":false,"template":"","format":"standard","meta":{"footnotes":""},"categories":[26,20],"tags":[],"class_list":["post-149611","post","type-post","status-publish","format-standard","has-post-thumbnail","hentry","category-destacados","category-economia"],"_links":{"self":[{"href":"https:\/\/corrientesdetarde.com\/index.php\/wp-json\/wp\/v2\/posts\/149611","targetHints":{"allow":["GET"]}}],"collection":[{"href":"https:\/\/corrientesdetarde.com\/index.php\/wp-json\/wp\/v2\/posts"}],"about":[{"href":"https:\/\/corrientesdetarde.com\/index.php\/wp-json\/wp\/v2\/types\/post"}],"author":[{"embeddable":true,"href":"https:\/\/corrientesdetarde.com\/index.php\/wp-json\/wp\/v2\/users\/12"}],"replies":[{"embeddable":true,"href":"https:\/\/corrientesdetarde.com\/index.php\/wp-json\/wp\/v2\/comments?post=149611"}],"version-history":[{"count":1,"href":"https:\/\/corrientesdetarde.com\/index.php\/wp-json\/wp\/v2\/posts\/149611\/revisions"}],"predecessor-version":[{"id":149617,"href":"https:\/\/corrientesdetarde.com\/index.php\/wp-json\/wp\/v2\/posts\/149611\/revisions\/149617"}],"wp:featuredmedia":[{"embeddable":true,"href":"https:\/\/corrientesdetarde.com\/index.php\/wp-json\/wp\/v2\/media\/68277"}],"wp:attachment":[{"href":"https:\/\/corrientesdetarde.com\/index.php\/wp-json\/wp\/v2\/media?parent=149611"}],"wp:term":[{"taxonomy":"category","embeddable":true,"href":"https:\/\/corrientesdetarde.com\/index.php\/wp-json\/wp\/v2\/categories?post=149611"},{"taxonomy":"post_tag","embeddable":true,"href":"https:\/\/corrientesdetarde.com\/index.php\/wp-json\/wp\/v2\/tags?post=149611"}],"curies":[{"name":"wp","href":"https:\/\/api.w.org\/{rel}","templated":true}]}}