{"id":149619,"date":"2024-05-23T10:30:28","date_gmt":"2024-05-23T13:30:28","guid":{"rendered":"https:\/\/corrientesdetarde.com\/?p=149619"},"modified":"2024-05-23T10:30:40","modified_gmt":"2024-05-23T13:30:40","slug":"valdes-confirma-dias-de-pagos-y-provincia-acumula-una-inyeccion-mensual-de-56-370-millones","status":"publish","type":"post","link":"https:\/\/corrientesdetarde.com\/index.php\/locales\/valdes-confirma-dias-de-pagos-y-provincia-acumula-una-inyeccion-mensual-de-56-370-millones\/","title":{"rendered":"Vald\u00e9s confirma d\u00edas de pagos y Provincia acumula una inyecci\u00f3n mensual de $56.370 millones"},"content":{"rendered":"\n<p>A trav\u00e9s de sus redes sociales, el gobernador Gustavo Vald\u00e9s adelant\u00f3 que el cronograma de liquidaci\u00f3n del sueldo comienza este lunes 27 y se extiende hasta el viernes 31. Alcanza a agentes activos, jubilados y pensionados de la administraci\u00f3n p\u00fablica provincial. S\u00f3lo en este concepto, el Gobierno de Corrientes vuelca $51.000 millones.<\/p>\n\n\n\n<p>De acuerdo a lo informado por el mandatario provincial, el pago del sueldo de mayo comienza este lunes 27, d\u00eda que van a percibir los agentes de la administraci\u00f3n p\u00fablica provincial, activos, jubilados y pensionados, con n\u00fameros de Documento Nacional de Identidad terminados en 0 y 1.<\/p>\n\n\n\n<p>Este tramo estar\u00e1 disponible, a trav\u00e9s de los cajeros autom\u00e1ticos habilitados por el Banco de Corrientes, a partir del s\u00e1bado 25.<\/p>\n\n\n\n<p>El martes 28, ser\u00e1 el turno de los agentes con documentos terminados en 2 y 3; el mi\u00e9rcoles 29, cobrar\u00e1n aquellos con DNI finalizados en 4 y 5. El jueves 30, ser\u00e1 el turno de 6 y 7; el cronograma de pago del sueldo de mayo culmina el viernes 31, con el pago a 8 y 9.<\/p>\n\n\n\n<p><strong>Recursos del ingreso salarial mensual<\/strong><\/p>\n\n\n\n<p>Con el pago del sueldo de mayo, el Gobierno de Corrientes acumular\u00e1 una inyecci\u00f3n mensual al mercado local de $56.370.000.000.<\/p>\n\n\n\n<p>Para la liquidaci\u00f3n de haberes, la Provincia vuelca unos $51.000 millones; en tanto que para el pago del Adicional Remunerativo Mensual (Plus Unificado) inyecta otros $2.750 millones, y para el Plus de Refuerzo otros $2.620 millones.<\/p>\n\n\n\n<figure class=\"wp-block-image size-large\"><img loading=\"lazy\" decoding=\"async\" width=\"1024\" height=\"1024\" src=\"https:\/\/corrientesdetarde.com\/wp-content\/uploads\/2024\/05\/imagen-87024-1024x1024.jpg\" alt=\"\" class=\"wp-image-149649\" srcset=\"https:\/\/corrientesdetarde.com\/wp-content\/uploads\/2024\/05\/imagen-87024-1024x1024.jpg 1024w, https:\/\/corrientesdetarde.com\/wp-content\/uploads\/2024\/05\/imagen-87024-300x300.jpg 300w, https:\/\/corrientesdetarde.com\/wp-content\/uploads\/2024\/05\/imagen-87024-150x150.jpg 150w, https:\/\/corrientesdetarde.com\/wp-content\/uploads\/2024\/05\/imagen-87024-768x768.jpg 768w, https:\/\/corrientesdetarde.com\/wp-content\/uploads\/2024\/05\/imagen-87024.jpg 1179w\" sizes=\"auto, (max-width: 1024px) 100vw, 1024px\" \/><\/figure>\n","protected":false},"excerpt":{"rendered":"<p>A trav\u00e9s de sus redes sociales, el gobernador Gustavo Vald\u00e9s adelant\u00f3 que el cronograma de liquidaci\u00f3n del sueldo comienza este lunes 27 y se extiende hasta el viernes 31. Alcanza&hellip; <\/p>\n","protected":false},"author":12,"featured_media":128096,"comment_status":"closed","ping_status":"open","sticky":false,"template":"","format":"standard","meta":{"footnotes":""},"categories":[8],"tags":[],"class_list":["post-149619","post","type-post","status-publish","format-standard","has-post-thumbnail","hentry","category-locales"],"_links":{"self":[{"href":"https:\/\/corrientesdetarde.com\/index.php\/wp-json\/wp\/v2\/posts\/149619","targetHints":{"allow":["GET"]}}],"collection":[{"href":"https:\/\/corrientesdetarde.com\/index.php\/wp-json\/wp\/v2\/posts"}],"about":[{"href":"https:\/\/corrientesdetarde.com\/index.php\/wp-json\/wp\/v2\/types\/post"}],"author":[{"embeddable":true,"href":"https:\/\/corrientesdetarde.com\/index.php\/wp-json\/wp\/v2\/users\/12"}],"replies":[{"embeddable":true,"href":"https:\/\/corrientesdetarde.com\/index.php\/wp-json\/wp\/v2\/comments?post=149619"}],"version-history":[{"count":1,"href":"https:\/\/corrientesdetarde.com\/index.php\/wp-json\/wp\/v2\/posts\/149619\/revisions"}],"predecessor-version":[{"id":149650,"href":"https:\/\/corrientesdetarde.com\/index.php\/wp-json\/wp\/v2\/posts\/149619\/revisions\/149650"}],"wp:featuredmedia":[{"embeddable":true,"href":"https:\/\/corrientesdetarde.com\/index.php\/wp-json\/wp\/v2\/media\/128096"}],"wp:attachment":[{"href":"https:\/\/corrientesdetarde.com\/index.php\/wp-json\/wp\/v2\/media?parent=149619"}],"wp:term":[{"taxonomy":"category","embeddable":true,"href":"https:\/\/corrientesdetarde.com\/index.php\/wp-json\/wp\/v2\/categories?post=149619"},{"taxonomy":"post_tag","embeddable":true,"href":"https:\/\/corrientesdetarde.com\/index.php\/wp-json\/wp\/v2\/tags?post=149619"}],"curies":[{"name":"wp","href":"https:\/\/api.w.org\/{rel}","templated":true}]}}