{"id":149620,"date":"2024-05-23T09:28:52","date_gmt":"2024-05-23T12:28:52","guid":{"rendered":"https:\/\/corrientesdetarde.com\/?p=149620"},"modified":"2024-05-23T09:28:55","modified_gmt":"2024-05-23T12:28:55","slug":"el-papa-francisco-hara-santo-a-carlo-acutis-un-preadolescente-influencer-apostol-de-internet","status":"publish","type":"post","link":"https:\/\/corrientesdetarde.com\/index.php\/tendencias\/el-papa-francisco-hara-santo-a-carlo-acutis-un-preadolescente-influencer-apostol-de-internet\/","title":{"rendered":"El papa Francisco har\u00e1 santo a Carlo Acutis, un preadolescente influencer &#8220;ap\u00f3stol de internet&#8221;"},"content":{"rendered":"\n<p>El\u00a0<strong>papa Francisco<\/strong>\u00a0<strong>canonizar\u00e1\u00a0<\/strong>al italiano\u00a0<strong>Carlo Acutis<\/strong>, fallecido en 2006 con solo\u00a0<strong>15 a\u00f1os<\/strong>\u00a0y conocido en todo el mundo por su labor de\u00a0<strong>evangelizaci\u00f3n<\/strong>\u00a0a trav\u00e9s de\u00a0<strong>internet<\/strong>, seg\u00fan confirm\u00f3 este jueves el\u00a0<strong>Vaticano<\/strong>.<\/p>\n\n\n\n<p>El pont\u00edfice, seg\u00fan se lee en un comunicado oficial, recibi\u00f3 en audiencia al prefecto del Dicasterio para las Causas de los Santos, Marcello Semeraro, y decidi\u00f3 convocar un\u00a0consistorio\u00a0-en una fecha a\u00fan por especificar- para la santificaci\u00f3n de\u00a0<strong>Acutis<\/strong>.<\/p>\n\n\n\n<p>En el consistorio tambi\u00e9n se abordar\u00e1n la canonizaci\u00f3n de otros tres beatos: el cura italiano Giuseppe Allamano, fundador de los Misioneros de la Consolata, la monja canadiense Marie-L\u00e9onie Paradis y la religiosa italiana Elena Guerra.<\/p>\n\n\n\n<p>Carlo\u00a0<strong>Acutis\u00a0<\/strong>muri\u00f3 con solo 15 a\u00f1os en octubre de 2006 a causa de una\u00a0<strong>leucemia<\/strong>, fue enterrado en la bas\u00edlica de As\u00eds (centro) y en 2020 fue declarado\u00a0<strong>beato<\/strong>, en uno de los procesos m\u00e1s r\u00e1pidos que se recuerdan en la\u00a0<strong>Iglesia cat\u00f3lica<\/strong>.<\/p>\n\n\n\n<p>Para ello, la Congregaci\u00f3n para las Causas de los Santos atribuy\u00f3 a su intercesi\u00f3n la curaci\u00f3n &#8220;milagrosa&#8221; y vista inexplicable por algunos&nbsp;<strong>expertos&nbsp;<\/strong>ocurrida el 12 de octubre de 2013 en Campo Grande en Brasil, de un ni\u00f1o con una malformaci\u00f3n cong\u00e9nita del p\u00e1ncreas.<\/p>\n\n\n\n<p>Acutis fue enseguida celebrado como el primer&nbsp;<strong>beato&nbsp;<\/strong>&#8220;milenial&#8221; o nativo digital y por&nbsp;<strong>evangelizar&nbsp;<\/strong>y documentar milagros en internet, con aplicaciones o v\u00eddeos, a pesar de que creci\u00f3 en una familia no practicante.&nbsp;<\/p>\n","protected":false},"excerpt":{"rendered":"<p>El\u00a0papa Francisco\u00a0canonizar\u00e1\u00a0al italiano\u00a0Carlo Acutis, fallecido en 2006 con solo\u00a015 a\u00f1os\u00a0y conocido en todo el mundo por su labor de\u00a0evangelizaci\u00f3n\u00a0a trav\u00e9s de\u00a0internet, seg\u00fan confirm\u00f3 este jueves el\u00a0Vaticano. El pont\u00edfice, seg\u00fan se&hellip; <\/p>\n","protected":false},"author":12,"featured_media":149637,"comment_status":"closed","ping_status":"open","sticky":false,"template":"","format":"standard","meta":{"footnotes":""},"categories":[28],"tags":[],"class_list":["post-149620","post","type-post","status-publish","format-standard","has-post-thumbnail","hentry","category-tendencias"],"_links":{"self":[{"href":"https:\/\/corrientesdetarde.com\/index.php\/wp-json\/wp\/v2\/posts\/149620","targetHints":{"allow":["GET"]}}],"collection":[{"href":"https:\/\/corrientesdetarde.com\/index.php\/wp-json\/wp\/v2\/posts"}],"about":[{"href":"https:\/\/corrientesdetarde.com\/index.php\/wp-json\/wp\/v2\/types\/post"}],"author":[{"embeddable":true,"href":"https:\/\/corrientesdetarde.com\/index.php\/wp-json\/wp\/v2\/users\/12"}],"replies":[{"embeddable":true,"href":"https:\/\/corrientesdetarde.com\/index.php\/wp-json\/wp\/v2\/comments?post=149620"}],"version-history":[{"count":1,"href":"https:\/\/corrientesdetarde.com\/index.php\/wp-json\/wp\/v2\/posts\/149620\/revisions"}],"predecessor-version":[{"id":149638,"href":"https:\/\/corrientesdetarde.com\/index.php\/wp-json\/wp\/v2\/posts\/149620\/revisions\/149638"}],"wp:featuredmedia":[{"embeddable":true,"href":"https:\/\/corrientesdetarde.com\/index.php\/wp-json\/wp\/v2\/media\/149637"}],"wp:attachment":[{"href":"https:\/\/corrientesdetarde.com\/index.php\/wp-json\/wp\/v2\/media?parent=149620"}],"wp:term":[{"taxonomy":"category","embeddable":true,"href":"https:\/\/corrientesdetarde.com\/index.php\/wp-json\/wp\/v2\/categories?post=149620"},{"taxonomy":"post_tag","embeddable":true,"href":"https:\/\/corrientesdetarde.com\/index.php\/wp-json\/wp\/v2\/tags?post=149620"}],"curies":[{"name":"wp","href":"https:\/\/api.w.org\/{rel}","templated":true}]}}