{"id":149623,"date":"2024-05-23T09:23:16","date_gmt":"2024-05-23T12:23:16","guid":{"rendered":"https:\/\/corrientesdetarde.com\/?p=149623"},"modified":"2024-05-23T09:23:28","modified_gmt":"2024-05-23T12:23:28","slug":"al-banquillo-acusado-de-matar-a-su-socio-y-mejor-amigo-un-exrugbier","status":"publish","type":"post","link":"https:\/\/corrientesdetarde.com\/index.php\/crimen-y-justicia\/al-banquillo-acusado-de-matar-a-su-socio-y-mejor-amigo-un-exrugbier\/","title":{"rendered":"Al banquillo, acusado de matar a su socio y mejor amigo, un exrugbier"},"content":{"rendered":"\n<p>El juicio por el\u00a0crimen del exrugbier Marcelo Longhi\u00a0comenz\u00f3 en el\u00a0Tribunal Oral en lo Criminal (TOC) N\u00b0 2 de Mercedes, en el que\u00a0su mejor\u00a0<strong>amigo\u00a0<\/strong>y socio, Pablo Achard, est\u00e1 preso y sentado en el banquillo de los\u00a0<strong>acusados<\/strong>.<\/p>\n\n\n\n<p>Adem\u00e1s de este sospechoso, quien tambi\u00e9n est\u00e1 imputado por el asesinato&nbsp;es&nbsp;Ra\u00fal Flores, el casero de un campo.&nbsp;Para los investigadores,&nbsp;ambos son los responsables del homicidio. .&nbsp;<\/p>\n\n\n\n<p>Se espera&nbsp;que durante los&nbsp;d\u00edas de debate oral haya varios testigos, motivo por el cu\u00e1l podr\u00eda extenderse m\u00e1s de la cuenta.&nbsp;&#8220;Hay unas&nbsp;60 personas para declarar. Estaban estipulados dos d\u00edas de juicio, pero seguramente se va a estirar a m\u00e1s de tres o cuatro jornadas&#8221;, cont\u00f3 Fabi\u00e1n Longhi, hermano de la v\u00edctima, en di\u00e1logo con&nbsp;A24.<\/p>\n\n\n\n<p>Fue el 14 de\u00a0enero de 2022 cuando el hombre\u00a0fue hallado sin vida\u00a0en la caja de una\u00a0camioneta sobre la banquina de la Ruta Provincial 42, a la altura del paraje La Choza, en el partido bonaerense de\u00a0Luj\u00e1n.\u00a0Fuentes\u00a0policiales revelaron a\u00a0Noticias Argentinas\u00a0que la autopsia que se le practic\u00f3\u00a0arroj\u00f3 como resultado que la muerte fue por estrangulamiento.<\/p>\n\n\n\n<p>El hermano de quien tambi\u00e9n\u00a0fuera\u00a0presidente del club Vilo de Vicente L\u00f3pez, cont\u00f3 c\u00f3mo fue aquel d\u00eda que busc\u00f3 a Longhi junto con Achard:\u00a0\u201cYo estaba de vacaciones y cuando desaparece mi hermano, lo voy a buscar a Pablo y lo llamo a \u00e9l porque no conoc\u00eda el camino del campo. Y \u00e9l nos mete a m\u00ed y a otro amigo el m\u00f3vil de que le hab\u00eda dado plata y que le iba a comprar terneros,\u00a0era todo mentira, mi hermano nunca sali\u00f3 con vida del campo\u201d.<\/p>\n\n\n\n<figure class=\"wp-block-image\"><img decoding=\"async\" src=\"https:\/\/www.mdzol.com\/u\/fotografias\/m\/2024\/5\/22\/f768x1-1598529_1598656_5050.png\" alt=\"\"\/><figcaption class=\"wp-element-caption\">Ra\u00fal Flores. \/Foto: NA.<\/figcaption><\/figure>\n\n\n\n<p>En principio, tanto los familiares de&nbsp; Marcelo&nbsp;como los investigadores cre\u00edan que&nbsp;el crimen&nbsp;ocurri\u00f3&nbsp;durante un robo.&nbsp;Aun as\u00ed, dos semanas despu\u00e9s tom\u00f3 fuerza la hip\u00f3tesis de&nbsp;Achard y&nbsp;Flores como los&nbsp;<strong>acusados.&nbsp;<\/strong><\/p>\n\n\n\n<p>En este sentido, a m\u00e1s de dos a\u00f1os del hecho, ambos est\u00e1n&nbsp;presos por el delito de&nbsp;homicidio simple. La sentencia estar\u00e1 a cargo del&nbsp;juez Juan Miguel Tillet.<\/p>\n\n\n\n<p>Durante sus estad\u00edas por la c\u00e1rcel, la Justicia logr\u00f3 tener acceso a&nbsp;conversaciones&nbsp;entre los sospechosos,&nbsp;donde&nbsp;Achard, desde Mercedes, le pide a Flores, detenido en Marcos Paz, que se haga cargo del crimen a cambio de $6 millones.&nbsp;<\/p>\n\n\n\n<p>Otra de las cuestiones que se desprenden de la causa&nbsp;es que&nbsp;un an\u00e1lisis criminol\u00f3gico y victimol\u00f3gico hecho por dos psic\u00f3logas de la&nbsp;Divisi\u00f3n Ciencias del Comportamiento Delictual&nbsp;de la Direcci\u00f3n de Investigaciones contra el Crimen Organizado de la Polic\u00eda Bonaerense, detalla que el mejor&nbsp;<strong>amigo<\/strong>&nbsp;de la v\u00edctima&nbsp;\u201ctiene una personalidad psicop\u00e1tica en la que se destaca la falta de remordimiento y de culpa\u201d.<\/p>\n","protected":false},"excerpt":{"rendered":"<p>El juicio por el\u00a0crimen del exrugbier Marcelo Longhi\u00a0comenz\u00f3 en el\u00a0Tribunal Oral en lo Criminal (TOC) N\u00b0 2 de Mercedes, en el que\u00a0su mejor\u00a0amigo\u00a0y socio, Pablo Achard, est\u00e1 preso y sentado&hellip; <\/p>\n","protected":false},"author":12,"featured_media":149633,"comment_status":"closed","ping_status":"open","sticky":false,"template":"","format":"standard","meta":{"footnotes":""},"categories":[5],"tags":[],"class_list":["post-149623","post","type-post","status-publish","format-standard","has-post-thumbnail","hentry","category-crimen-y-justicia"],"_links":{"self":[{"href":"https:\/\/corrientesdetarde.com\/index.php\/wp-json\/wp\/v2\/posts\/149623","targetHints":{"allow":["GET"]}}],"collection":[{"href":"https:\/\/corrientesdetarde.com\/index.php\/wp-json\/wp\/v2\/posts"}],"about":[{"href":"https:\/\/corrientesdetarde.com\/index.php\/wp-json\/wp\/v2\/types\/post"}],"author":[{"embeddable":true,"href":"https:\/\/corrientesdetarde.com\/index.php\/wp-json\/wp\/v2\/users\/12"}],"replies":[{"embeddable":true,"href":"https:\/\/corrientesdetarde.com\/index.php\/wp-json\/wp\/v2\/comments?post=149623"}],"version-history":[{"count":1,"href":"https:\/\/corrientesdetarde.com\/index.php\/wp-json\/wp\/v2\/posts\/149623\/revisions"}],"predecessor-version":[{"id":149634,"href":"https:\/\/corrientesdetarde.com\/index.php\/wp-json\/wp\/v2\/posts\/149623\/revisions\/149634"}],"wp:featuredmedia":[{"embeddable":true,"href":"https:\/\/corrientesdetarde.com\/index.php\/wp-json\/wp\/v2\/media\/149633"}],"wp:attachment":[{"href":"https:\/\/corrientesdetarde.com\/index.php\/wp-json\/wp\/v2\/media?parent=149623"}],"wp:term":[{"taxonomy":"category","embeddable":true,"href":"https:\/\/corrientesdetarde.com\/index.php\/wp-json\/wp\/v2\/categories?post=149623"},{"taxonomy":"post_tag","embeddable":true,"href":"https:\/\/corrientesdetarde.com\/index.php\/wp-json\/wp\/v2\/tags?post=149623"}],"curies":[{"name":"wp","href":"https:\/\/api.w.org\/{rel}","templated":true}]}}