{"id":149626,"date":"2024-05-23T09:15:04","date_gmt":"2024-05-23T12:15:04","guid":{"rendered":"https:\/\/corrientesdetarde.com\/?p=149626"},"modified":"2024-05-23T09:15:06","modified_gmt":"2024-05-23T12:15:06","slug":"un-campeon-del-mundo-se-hizo-un-tatuaje-espectacular-para-recordar-la-consagracion-en-qatar-2022","status":"publish","type":"post","link":"https:\/\/corrientesdetarde.com\/index.php\/deportes\/un-campeon-del-mundo-se-hizo-un-tatuaje-espectacular-para-recordar-la-consagracion-en-qatar-2022\/","title":{"rendered":"Un campe\u00f3n del mundo se hizo un tatuaje espectacular para recordar la consagraci\u00f3n en Qatar 2022"},"content":{"rendered":"\n<p>La\u00a0<strong>Selecci\u00f3n argentina<\/strong>\u00a0se prepara para defender el t\u00edtulo en la Copa Am\u00e9rica 2024. Para ello, antes de que empiece el certamen en Estados Unidos, el equipo de<strong>\u00a0Lionel Scaloni\u00a0<\/strong>disputar\u00e1 dos amistosos, ante\u00a0<strong>Ecuador\u00a0<\/strong>y\u00a0<strong>Guatemala<\/strong>. Justamente\u00a0uno de los convocados para esos partidos, el campe\u00f3n del mundo\u00a0<strong>Nahuel Molina Lucero<\/strong>, mostr\u00f3 el espectacular tatuaje que se hizo para recordar la consagraci\u00f3n en Qatar 2022.<\/p>\n\n\n\n<p>El futbolista del&nbsp;<strong>Atl\u00e9tico de Madrid&nbsp;<\/strong>comparti\u00f3 una foto en su historia de Instagram en la que se puede ver el espectacular dise\u00f1o que le hizo Valentino Russo, un popular tatuador italiano que es muy requerido por los futbolistas en Europa. El artista fue quien tatu\u00f3 a Marcos Acu\u00f1a y el que le hizo el enorme dise\u00f1o que luce Mauro Icardi en su espalda.<\/p>\n\n\n\n<figure class=\"wp-block-image\"><img decoding=\"async\" src=\"https:\/\/tn.com.ar\/resizer\/yQG3cTySPQWpZZg1bWTWCheVIpQ=\/767x0\/smart\/filters:format(webp)\/cloudfront-us-east-1.images.arcpublishing.com\/artear\/NG6YQTDTF5CARFT4DTHEV5JTVU.jpg\" alt=\"Nahuel Molina Lucero gan\u00f3 tres t\u00edtulos con la Selecci\u00f3n Argentina. (Foto: AP).\"\/><figcaption class=\"wp-element-caption\">Nahuel Molina Lucero gan\u00f3 tres t\u00edtulos con la Selecci\u00f3n Argentina. (Foto: AP).<\/figcaption><\/figure>\n\n\n\n<p>El tatuaje tiene el trofeo de la Copa del Mundo, un Sol de Mayo por detr\u00e1s y el escudo de la AFA arriba. Si bien no se puede apreciar con exactitud en qu\u00e9 parte del cuerpo est\u00e1 ubicado, se nota que es grande y sorprende por el realismo que tiene.<\/p>\n\n\n\n<figure class=\"wp-block-image\"><img decoding=\"async\" src=\"https:\/\/tn.com.ar\/resizer\/4upVTnLQk8folSKtfR_CfKI7oOk=\/767x0\/smart\/filters:format(webp)\/cloudfront-us-east-1.images.arcpublishing.com\/artear\/T6FCPVM2BVE5TNBRY4OMPBTO4E.jpeg\" alt=\"El espectacular dise\u00f1o que luci\u00f3 Nahuel Molina Lucero para recordar la conquista en el Mundial de Qatar 2022. (Foto: IG valentinorussotattoo).\"\/><figcaption class=\"wp-element-caption\">El espectacular dise\u00f1o que luci\u00f3 Nahuel Molina Lucero para recordar la conquista en el Mundial de Qatar 2022. (Foto: IG valentinorussotattoo).<\/figcaption><\/figure>\n\n\n\n<p>De esta manera, el defensor cordob\u00e9s surgido en Boca Juniors no solo cumpli\u00f3 con la promesa que hicieron todos los campeones del mundo, si no que tambi\u00e9n sum\u00f3 en su cuerpo otro recuerdo de uno de los grandes momentos que vivi\u00f3 con la Selecci\u00f3n argentina:&nbsp;<strong>ya presum\u00eda el dibujo de la Copa Am\u00e9rica 2021 obtenida en Brasil.<\/strong><\/p>\n\n\n\n<h2 class=\"wp-block-heading\">Cu\u00e1ndo ser\u00e1n los partidos amistosos de la Selecci\u00f3n argentina ante Ecuador y Guatemala<\/h2>\n\n\n\n<p>La Selecci\u00f3n argentina jugar\u00e1 ante&nbsp;<strong>Ecuador el domingo 9 de junio en el estadio Soldier Field de Chicago, Estados Unidos<\/strong>, mientras que el encuentro contra&nbsp;<strong>Guatemala&nbsp;<\/strong>se llevar\u00e1 a cabo el&nbsp;<strong>viernes 14 del mismo mes en Washington.<\/strong>&nbsp;El plantel de Lionel Scaloni concentrar\u00e1 en Miami a partir del pr\u00f3ximo lunes 3 de junio.<\/p>\n\n\n\n<h2 class=\"wp-block-heading\">Los convocados por Lionel Scaloni para los amistosos ante Ecuador y Guatemala<\/h2>\n\n\n\n<p><strong>Arqueros<\/strong><\/p>\n\n\n\n<ul class=\"wp-block-list\">\n<li>Emiliano Mart\u00ednez (Aston Villa)<\/li>\n\n\n\n<li>Franco Armani (River)<\/li>\n\n\n\n<li>Ger\u00f3nimo Rulli (Ajax)<\/li>\n<\/ul>\n\n\n\n<p><strong>Defensores<\/strong><\/p>\n\n\n\n<ul class=\"wp-block-list\">\n<li>Germ\u00e1n Pezzella (Real Betis)<\/li>\n\n\n\n<li>Nicol\u00e1s Tagliafico (Lyon)<\/li>\n\n\n\n<li>Cristian Romero (Tottenham Hotspur)<\/li>\n\n\n\n<li>Nicol\u00e1s Otamendi (Benfica)<\/li>\n\n\n\n<li>Nahuel Molina (Atl\u00e9tico Madrid)<\/li>\n\n\n\n<li>Valent\u00edn Barco (Brighton)<\/li>\n\n\n\n<li>Leonardo Balerdi (OM)<\/li>\n\n\n\n<li>Gonzalo Montiel (Notthimgham Forest)<\/li>\n\n\n\n<li>Lucas Mart\u00ednez Quarta (Fiorentina)<\/li>\n\n\n\n<li>Lisandro Mart\u00ednez (Manchester United)<\/li>\n\n\n\n<li>Marcos Acu\u00f1a (Sevilla)<\/li>\n<\/ul>\n\n\n\n<p><strong>Volantes<\/strong><\/p>\n\n\n\n<ul class=\"wp-block-list\">\n<li>Leandro Paredes (Roma)<\/li>\n\n\n\n<li>Alexis Mac Allister (Liverpool)<\/li>\n\n\n\n<li>Enzo Fern\u00e1ndez (Chelsea)<\/li>\n\n\n\n<li>Giovani Lo Celso (Tottenham Hotspur)<\/li>\n\n\n\n<li>Exequiel Palacios (Bayer Leverkusen)<\/li>\n\n\n\n<li>Rodrigo de Paul (Atl\u00e9tico Madrid)<\/li>\n\n\n\n<li>Guido Rodr\u00edguez (Betis)<\/li>\n<\/ul>\n\n\n\n<p><strong>Delanteros<\/strong><\/p>\n\n\n\n<ul class=\"wp-block-list\">\n<li>Alejandro Garnacho (Manchester United)<\/li>\n\n\n\n<li>Valent\u00edn Carboni (Monza)<\/li>\n\n\n\n<li>\u00c1ngel Di Mar\u00eda (Benfica)<\/li>\n\n\n\n<li>Lionel Messi (Inter Miami)<\/li>\n\n\n\n<li>Juli\u00e1n \u00c1lvarez (Manchester City)<\/li>\n\n\n\n<li>Lautaro Mart\u00ednez (Inter Milan)<\/li>\n\n\n\n<li>\u00c1ngel Correa (Atl\u00e9tico Madrid)<\/li>\n\n\n\n<li>Nicol\u00e1s Gonz\u00e1lez (Fiorentina)<\/li>\n<\/ul>\n\n\n\n<h2 class=\"wp-block-heading\">El grupo de la Selecci\u00f3n argentina en la Copa Am\u00e9rica 2024<\/h2>\n\n\n\n<p>La Selecci\u00f3n argentina comparte el grupo A junto a&nbsp;<strong>Chile<\/strong>,&nbsp;<strong>Per\u00fa&nbsp;<\/strong>y&nbsp;<strong>Canad\u00e1<\/strong>. Adem\u00e1s de Atlanta, Georgia, los equipos de esta zona jugar\u00e1n partidos en New Jersey y Miami Gardens en la primera parte de la competencia.<\/p>\n\n\n\n<h2 class=\"wp-block-heading\">Cu\u00e1ndo y en qu\u00e9 sedes jugar\u00e1 la Selecci\u00f3n argentina por la Copa Am\u00e9rica 2024<\/h2>\n\n\n\n<ul class=\"wp-block-list\">\n<li>La Selecci\u00f3n argentina debutar\u00e1 en la Copa Am\u00e9rica 2024 ante\u00a0<strong>Canad\u00e1 o Trinidad y Tobago el 20 de junio en Atlanta<\/strong>.<\/li>\n\n\n\n<li>La Selecci\u00f3n argentina jugar\u00e1 el segundo partido de la Copa Am\u00e9rica 2024 ante\u00a0<strong>Chile el 25 de junio en Nueva Jersey<\/strong>.<\/li>\n\n\n\n<li>La Selecci\u00f3n argentina jugar\u00e1 el tercer partido de la Copa Am\u00e9rica 2024 por el Grupo A ante\u00a0<strong>Per\u00fa el 29 de junio en Miami<\/strong>.<\/li>\n<\/ul>\n","protected":false},"excerpt":{"rendered":"<p>La\u00a0Selecci\u00f3n argentina\u00a0se prepara para defender el t\u00edtulo en la Copa Am\u00e9rica 2024. Para ello, antes de que empiece el certamen en Estados Unidos, el equipo de\u00a0Lionel Scaloni\u00a0disputar\u00e1 dos amistosos, ante\u00a0Ecuador\u00a0y\u00a0Guatemala.&hellip; <\/p>\n","protected":false},"author":12,"featured_media":149627,"comment_status":"closed","ping_status":"open","sticky":false,"template":"","format":"standard","meta":{"footnotes":""},"categories":[4],"tags":[],"class_list":["post-149626","post","type-post","status-publish","format-standard","has-post-thumbnail","hentry","category-deportes"],"_links":{"self":[{"href":"https:\/\/corrientesdetarde.com\/index.php\/wp-json\/wp\/v2\/posts\/149626","targetHints":{"allow":["GET"]}}],"collection":[{"href":"https:\/\/corrientesdetarde.com\/index.php\/wp-json\/wp\/v2\/posts"}],"about":[{"href":"https:\/\/corrientesdetarde.com\/index.php\/wp-json\/wp\/v2\/types\/post"}],"author":[{"embeddable":true,"href":"https:\/\/corrientesdetarde.com\/index.php\/wp-json\/wp\/v2\/users\/12"}],"replies":[{"embeddable":true,"href":"https:\/\/corrientesdetarde.com\/index.php\/wp-json\/wp\/v2\/comments?post=149626"}],"version-history":[{"count":1,"href":"https:\/\/corrientesdetarde.com\/index.php\/wp-json\/wp\/v2\/posts\/149626\/revisions"}],"predecessor-version":[{"id":149628,"href":"https:\/\/corrientesdetarde.com\/index.php\/wp-json\/wp\/v2\/posts\/149626\/revisions\/149628"}],"wp:featuredmedia":[{"embeddable":true,"href":"https:\/\/corrientesdetarde.com\/index.php\/wp-json\/wp\/v2\/media\/149627"}],"wp:attachment":[{"href":"https:\/\/corrientesdetarde.com\/index.php\/wp-json\/wp\/v2\/media?parent=149626"}],"wp:term":[{"taxonomy":"category","embeddable":true,"href":"https:\/\/corrientesdetarde.com\/index.php\/wp-json\/wp\/v2\/categories?post=149626"},{"taxonomy":"post_tag","embeddable":true,"href":"https:\/\/corrientesdetarde.com\/index.php\/wp-json\/wp\/v2\/tags?post=149626"}],"curies":[{"name":"wp","href":"https:\/\/api.w.org\/{rel}","templated":true}]}}