{"id":149666,"date":"2024-05-23T12:14:59","date_gmt":"2024-05-23T15:14:59","guid":{"rendered":"https:\/\/corrientesdetarde.com\/?p=149666"},"modified":"2024-05-23T12:15:10","modified_gmt":"2024-05-23T15:15:10","slug":"educacion-alimentaria-la-clave-para-combatir-el-sobrepeso-y-la-obesidad-en-los-ninos-en-edad-escolar","status":"publish","type":"post","link":"https:\/\/corrientesdetarde.com\/index.php\/bienestar-y-salud\/educacion-alimentaria-la-clave-para-combatir-el-sobrepeso-y-la-obesidad-en-los-ninos-en-edad-escolar\/","title":{"rendered":"Educaci\u00f3n alimentaria, la clave para combatir el sobrepeso y la obesidad en los ni\u00f1os en edad escolar"},"content":{"rendered":"\n<p>El sobrepeso y\u00a0la obesidad\u00a0son factores de riesgo en los ni\u00f1os en edad escolar que se asocian directamente con el desarrollo de enfermedades metab\u00f3licas a largo plazo. Entre ellas se encuentran las enfermedades cr\u00f3nicas no trasmisibles como la diabetes tipo 2, la insulinorresistencia, la hipertensi\u00f3n arterial y la dislipemia.<\/p>\n\n\n\n<p>A estas patolog\u00edas, se pueden asociar adem\u00e1s la baja autoestima, la depresi\u00f3n y el aislamiento por bullying escolar y social. La&nbsp;<strong>educaci\u00f3n alimentaria&nbsp;<\/strong>en esta y en todas las etapas de la vida cumple un papel fundamental para enfocarnos en el objetivo principal a futuro que es la calidad de vida y la buena salud en la vida adulta y la vejez.<\/p>\n\n\n\n<figure class=\"wp-block-image\"><img decoding=\"async\" src=\"https:\/\/tn.com.ar\/resizer\/kV6PpUbTn9RiovyOUwGurxjY8js=\/767x0\/smart\/filters:format(webp)\/cloudfront-us-east-1.images.arcpublishing.com\/artear\/CQLWX2FSWFAW3EPENSTLF6U4WI.jpeg\" alt=\"Los ni\u00f1os pueden colaborar en el armado de las viandas. (Foto: Adobe stock)\"\/><figcaption class=\"wp-element-caption\">Los ni\u00f1os pueden colaborar en el armado de las viandas. (Foto: Adobe stock)<\/figcaption><\/figure>\n\n\n\n<p>Por lo tanto, dentro de los h\u00e1bitos que debemos inculcar en esta etapa se encuentra como base principal una alimentaci\u00f3n real, sana y saludable, en la que se incorpore la ingesta diaria de frutas y verduras de todos los colores. Por otro lado, hay que promover la pr\u00e1ctica de&nbsp;<strong>actividad f\u00edsica<\/strong>&nbsp;acorde a la edad del ni\u00f1o o ni\u00f1a. Un buen ambiente social, familiar y escolar donde el menor se desarrolla tiene un valor fundamental para su crecimiento tanto espiritual como corporal. Esto influir\u00e1 de forma positiva en su salud, su desarrollo y su bienestar.<\/p>\n\n\n\n<h2 class=\"wp-block-heading\">Los menores pasan muchas horas en la escuela<\/h2>\n\n\n\n<p>Los ni\u00f1os y ni\u00f1as de entre 6 a 13 a\u00f1os pasan la mayor parte de su tiempo en la escuela. Muchas veces desayunan o almuerzan en el establecimiento educativo o fuera de su casa en alg\u00fan lugar cercano al colegio. En general, los kioscos o bares ofrecen&nbsp;<strong>productos ultraprocesados<\/strong>, con alto contenido de calor\u00edas, az\u00facares, sodio y grasas.<\/p>\n\n\n\n<p>Muchos de estos productos contienen grasas saturadas y az\u00facar que modifican el umbral del sabor favoreciendo un mayor consumo de productos dulces. En lo posible, lo ideal es tomarse el tiempo de organizar y armar viandas o&nbsp;<strong>snacks nutritivos&nbsp;<\/strong>y saludables en casa. Lo recomendable es realizarlos con alimentos reales como frutas, verduras, legumbres, carnes o huevos que aporten las vitaminas, los minerales y la energ\u00eda necesaria para sobrellevar la carga horaria escolar sin inconvenientes.<\/p>\n\n\n\n<figure class=\"wp-block-image\"><img decoding=\"async\" src=\"https:\/\/tn.com.ar\/resizer\/Sn0A6tQf46IaxrrS75Lq1uEH6Iw=\/767x0\/smart\/filters:format(webp)\/cloudfront-us-east-1.images.arcpublishing.com\/artear\/Z26YIDJ4QZD6TJTU272LABCK7Q.jpeg\" alt=\"Las viandas deben ir en envases herm\u00e9ticos para conservar los alimentos. (Foto: Adobe Stock)\"\/><figcaption class=\"wp-element-caption\">Las viandas deben ir en envases herm\u00e9ticos para conservar los alimentos. (Foto: Adobe Stock)<\/figcaption><\/figure>\n\n\n\n<p>Con respecto a los snacks es aconsejable enviar frutas cortadas en trozos para los m\u00e1s peque\u00f1os o la fruta entera para los m\u00e1s grandes, si es con la c\u00e1scara, mucho mejor, ya que&nbsp;<strong>las frutas<\/strong>&nbsp;sin pelar aportan mayor cantidad de fibra. Otra opci\u00f3n para ayudar a la ingesta de frutas de estaci\u00f3n es realizando budines, pancakes o waffles caseros que las contengan.<\/p>\n\n\n\n<p>En el caso de&nbsp;<strong>los almuerzos<\/strong>, se pueden enviar verduras en bu\u00f1uelos o croquetas (al horno), estas pueden ser de acelga, espinaca, choclo (procesado) o br\u00f3coli entre otras, incluso con el agregado de alg\u00fan cereal como el arroz, la quinoa, la avena o el cusc\u00fas. La clave es que tengan a mano una buena opci\u00f3n saludable para alimentarse de manera adecuada durante el d\u00eda en el caso de que quieran comer algo.<\/p>\n\n\n\n<h2 class=\"wp-block-heading\">Limitar las gaseosas<\/h2>\n\n\n\n<p>Otro punto importante es el consumo ilimitado de bebidas gaseosas o con az\u00facares agregados como los jugos industrializados o&nbsp;<strong>bebidas deportivas<\/strong>&nbsp;que, al final de la jornada escolar o deportiva, suman calor\u00edas. Se debe elegir y ofrecer agua como parte de una hidrataci\u00f3n adecuada, adem\u00e1s de ser un complemento ideal de las comidas.<\/p>\n\n\n\n<p>Para finalizar, debemos destacar que nuestras&nbsp;<strong>gu\u00edas alimentarias<\/strong>&nbsp;para la poblaci\u00f3n argentina resaltan el mayor consumo de frutas y verduras, cereales integrales, legumbres, carnes, y huevos. Por otro lado; ponen como eje central el consumo de agua, estimulando la realizaci\u00f3n de actividad f\u00edsica y remarcando el menor consumo de sal en todas las edades.<\/p>\n\n\n\n<p><em><strong>(*) Gimena Masero (M.N.10.923), Licenciada en Nutrici\u00f3n, diplomada en Obesidad y Trastornos de la Conducta Alimentaria. Autora de: Reconectando con el Sabor y Reconectando con los Hidratos \u00bfAliados o Enemigos en la Diabetes?<\/strong><\/em><\/p>\n","protected":false},"excerpt":{"rendered":"<p>El sobrepeso y\u00a0la obesidad\u00a0son factores de riesgo en los ni\u00f1os en edad escolar que se asocian directamente con el desarrollo de enfermedades metab\u00f3licas a largo plazo. Entre ellas se encuentran&hellip; <\/p>\n","protected":false},"author":12,"featured_media":149671,"comment_status":"closed","ping_status":"open","sticky":false,"template":"","format":"standard","meta":{"footnotes":""},"categories":[16],"tags":[],"class_list":["post-149666","post","type-post","status-publish","format-standard","has-post-thumbnail","hentry","category-bienestar-y-salud"],"_links":{"self":[{"href":"https:\/\/corrientesdetarde.com\/index.php\/wp-json\/wp\/v2\/posts\/149666","targetHints":{"allow":["GET"]}}],"collection":[{"href":"https:\/\/corrientesdetarde.com\/index.php\/wp-json\/wp\/v2\/posts"}],"about":[{"href":"https:\/\/corrientesdetarde.com\/index.php\/wp-json\/wp\/v2\/types\/post"}],"author":[{"embeddable":true,"href":"https:\/\/corrientesdetarde.com\/index.php\/wp-json\/wp\/v2\/users\/12"}],"replies":[{"embeddable":true,"href":"https:\/\/corrientesdetarde.com\/index.php\/wp-json\/wp\/v2\/comments?post=149666"}],"version-history":[{"count":1,"href":"https:\/\/corrientesdetarde.com\/index.php\/wp-json\/wp\/v2\/posts\/149666\/revisions"}],"predecessor-version":[{"id":149672,"href":"https:\/\/corrientesdetarde.com\/index.php\/wp-json\/wp\/v2\/posts\/149666\/revisions\/149672"}],"wp:featuredmedia":[{"embeddable":true,"href":"https:\/\/corrientesdetarde.com\/index.php\/wp-json\/wp\/v2\/media\/149671"}],"wp:attachment":[{"href":"https:\/\/corrientesdetarde.com\/index.php\/wp-json\/wp\/v2\/media?parent=149666"}],"wp:term":[{"taxonomy":"category","embeddable":true,"href":"https:\/\/corrientesdetarde.com\/index.php\/wp-json\/wp\/v2\/categories?post=149666"},{"taxonomy":"post_tag","embeddable":true,"href":"https:\/\/corrientesdetarde.com\/index.php\/wp-json\/wp\/v2\/tags?post=149666"}],"curies":[{"name":"wp","href":"https:\/\/api.w.org\/{rel}","templated":true}]}}