{"id":149675,"date":"2024-05-23T13:26:26","date_gmt":"2024-05-23T16:26:26","guid":{"rendered":"https:\/\/corrientesdetarde.com\/?p=149675"},"modified":"2024-05-23T13:29:20","modified_gmt":"2024-05-23T16:29:20","slug":"sexta-sesion-ordinaria-se-conformo-la-mesa-directiva-del-honorable-senado","status":"publish","type":"post","link":"https:\/\/corrientesdetarde.com\/index.php\/politica\/sexta-sesion-ordinaria-se-conformo-la-mesa-directiva-del-honorable-senado\/","title":{"rendered":"Sexta sesi\u00f3n ordinaria: Se conform\u00f3 la Mesa Directiva del Honorable Senado"},"content":{"rendered":"\n<p><\/p>\n\n\n\n<p>Este jueves la C\u00e1mara de Senadores presidida por el vicegobernador, Pedro Braillard Poccard, llev\u00f3 a cabo su sexta sesi\u00f3n ordinaria en la cual qued\u00f3 conformada la Mesa Directiva del alto Cuerpo. Siendo elegidos el Senador Henry Fick, como Vicepresidente 1ro; y el Senador Martin Barrionuevo, como Vicepresidente 2do.<\/p>\n\n\n\n<p>Tras el cuarto intermedio pedido en la Sesi\u00f3n Preparatoria, se tom\u00f3 juramento a quien ocupar\u00e1 el cargo de Vicepresidente 1ro. del Senado, Senador Henry Fick; y de la misma manera, al Vicepresidente 2do., Senador Martin Barrionuevo.<\/p>\n\n\n\n<p>Adem\u00e1s, fueron elegidos vocales de la C\u00e1mara los senadores Celeste Asc\u00faa, Sonia Quintana y Enrique Vaz Torres.<\/p>\n\n\n\n<p>A continuaci\u00f3n, se pidi\u00f3 la incorporaci\u00f3n al orden del d\u00eda, el tratamiento sobre tablas y se convirti\u00f3 en ley el proyecto venido de la Honorable C\u00e1mara de Diputados, que establece como Fiesta Provincial al Festival denominado \u201cChake el Bicho: Tom\u00e1 ca\u00f1a con ruda\u201d.<\/p>\n\n\n\n<figure class=\"wp-block-image size-large\"><img loading=\"lazy\" decoding=\"async\" width=\"1024\" height=\"683\" src=\"https:\/\/corrientesdetarde.com\/wp-content\/uploads\/2024\/05\/WhatsApp-Image-2024-05-23-at-13.25.09_04c02ca7-1024x683.jpg\" alt=\"\" class=\"wp-image-149677\" srcset=\"https:\/\/corrientesdetarde.com\/wp-content\/uploads\/2024\/05\/WhatsApp-Image-2024-05-23-at-13.25.09_04c02ca7-1024x683.jpg 1024w, https:\/\/corrientesdetarde.com\/wp-content\/uploads\/2024\/05\/WhatsApp-Image-2024-05-23-at-13.25.09_04c02ca7-300x200.jpg 300w, https:\/\/corrientesdetarde.com\/wp-content\/uploads\/2024\/05\/WhatsApp-Image-2024-05-23-at-13.25.09_04c02ca7-768x512.jpg 768w, https:\/\/corrientesdetarde.com\/wp-content\/uploads\/2024\/05\/WhatsApp-Image-2024-05-23-at-13.25.09_04c02ca7-1536x1024.jpg 1536w, https:\/\/corrientesdetarde.com\/wp-content\/uploads\/2024\/05\/WhatsApp-Image-2024-05-23-at-13.25.09_04c02ca7.jpg 1599w\" sizes=\"auto, (max-width: 1024px) 100vw, 1024px\" \/><\/figure>\n\n\n\n<p>Asimismo, es ley el proyecto venido de la Honorable C\u00e1mara de Diputados por el que se declara \u201cPersonalidad Destacada\u201d al deportista Guillermo Federico Kammerichs.<\/p>\n\n\n\n<p>Por otra parte, el proyecto tambi\u00e9n incorporado al orden del d\u00eda y remitido por la Honorable C\u00e1mara de Diputados por el que se declara el 19 de noviembre de cada a\u00f1o como \u201cD\u00eda Provincial para la Prevenci\u00f3n de las Agresiones Sexuales a Ni\u00f1os, Ni\u00f1as y Adolescentes de la Provincia de Corrientes\u201d, vuelve por unanimidad con modificaciones a la C\u00e1mara Diputados.<\/p>\n\n\n\n<p>En tanto, el proyecto venido de la Honorable C\u00e1mara de Diputados por el que se declara Monumento Hist\u00f3rico e integrante del Patrimonio Cultural Provincial al Grupo Escult\u00f3rico \u201cEl General Madariaga y el Cruce de los Ciento Ocho\u201d, ubicado en la Plaza Independencia de la ciudad de Paso de los Libres, vuelve con modificaciones a la C\u00e1mara Diputados.<\/p>\n\n\n\n<p>Sumado a esto, el alto Cuerpo fij\u00f3 para el pr\u00f3ximo jueves 6 de junio desarrollar \u2013en horario de sesi\u00f3n- la audiencia p\u00fablica para tratar el pliego remitido por el Poder Ejecutivo Provincial, que solicita acuerdo para la designaci\u00f3n en el cargo de Fiscal de la UFIC de la Primera Circunscripci\u00f3n Judicial con asiento en la ciudad de Bella Vista (Corrientes), para el Dr. Ram\u00f3n Alfredo Muth.<\/p>\n\n\n\n<p>Inter\u00e9s legislativo<\/p>\n\n\n\n<p>Al finalizar, se expres\u00f3 el inter\u00e9s legislativo por: la valiosa labor social del Voluntariado \u201cLos \u00c1ngeles del Puente\u201d con miras a la prevenci\u00f3n del suicidio, asistiendo y conteniendo espiritual y socialmente a personas en crisis y a su entorno familiar, proyecto presentado por el Senador Mart\u00edn Miguel Barrionuevo;<\/p>\n\n\n\n<p>-el 50\u00ba aniversario del fallecimiento de Don Arturo Jauretche, que se conmemora el pr\u00f3ximo 25 de mayo, impulsado por Senadores del Bloque del Partido Justicialista;<\/p>\n\n\n\n<p>-y por la 22\u00ba Expo Nacional Brahman Argentina, que se realizar\u00e1 en Corrientes en el marco del 70\u00ba aniversario de la Asociaci\u00f3n de Criadores de Brahman, iniciativa del Senador Mart\u00edn Miguel Barrionuevo.<\/p>\n\n\n\n<figure class=\"wp-block-image size-large\"><img loading=\"lazy\" decoding=\"async\" width=\"1024\" height=\"683\" src=\"https:\/\/corrientesdetarde.com\/wp-content\/uploads\/2024\/05\/WhatsApp-Image-2024-05-23-at-13.25.10_439d25e8-1024x683.jpg\" alt=\"\" class=\"wp-image-149676\" srcset=\"https:\/\/corrientesdetarde.com\/wp-content\/uploads\/2024\/05\/WhatsApp-Image-2024-05-23-at-13.25.10_439d25e8-1024x683.jpg 1024w, https:\/\/corrientesdetarde.com\/wp-content\/uploads\/2024\/05\/WhatsApp-Image-2024-05-23-at-13.25.10_439d25e8-300x200.jpg 300w, https:\/\/corrientesdetarde.com\/wp-content\/uploads\/2024\/05\/WhatsApp-Image-2024-05-23-at-13.25.10_439d25e8-768x512.jpg 768w, https:\/\/corrientesdetarde.com\/wp-content\/uploads\/2024\/05\/WhatsApp-Image-2024-05-23-at-13.25.10_439d25e8-1536x1024.jpg 1536w, https:\/\/corrientesdetarde.com\/wp-content\/uploads\/2024\/05\/WhatsApp-Image-2024-05-23-at-13.25.10_439d25e8.jpg 1599w\" sizes=\"auto, (max-width: 1024px) 100vw, 1024px\" \/><\/figure>\n\n\n\n<figure class=\"wp-block-embed is-type-video is-provider-youtube wp-block-embed-youtube wp-embed-aspect-16-9 wp-has-aspect-ratio\"><div class=\"wp-block-embed__wrapper\">\n<iframe loading=\"lazy\" title=\"6\u00ba Sesi\u00f3n Ordinaria\" width=\"1110\" height=\"624\" src=\"https:\/\/www.youtube.com\/embed\/-tI93sUPoVo?feature=oembed\" frameborder=\"0\" allow=\"accelerometer; autoplay; clipboard-write; encrypted-media; gyroscope; picture-in-picture; web-share\" referrerpolicy=\"strict-origin-when-cross-origin\" allowfullscreen><\/iframe>\n<\/div><\/figure>\n","protected":false},"excerpt":{"rendered":"<p>Este jueves la C\u00e1mara de Senadores presidida por el vicegobernador, Pedro Braillard Poccard, llev\u00f3 a cabo su sexta sesi\u00f3n ordinaria en la cual qued\u00f3 conformada la Mesa Directiva del alto&hellip; <\/p>\n","protected":false},"author":1,"featured_media":149678,"comment_status":"closed","ping_status":"open","sticky":false,"template":"","format":"standard","meta":{"footnotes":""},"categories":[3,17],"tags":[],"class_list":["post-149675","post","type-post","status-publish","format-standard","has-post-thumbnail","hentry","category-politica","category-sociales"],"_links":{"self":[{"href":"https:\/\/corrientesdetarde.com\/index.php\/wp-json\/wp\/v2\/posts\/149675","targetHints":{"allow":["GET"]}}],"collection":[{"href":"https:\/\/corrientesdetarde.com\/index.php\/wp-json\/wp\/v2\/posts"}],"about":[{"href":"https:\/\/corrientesdetarde.com\/index.php\/wp-json\/wp\/v2\/types\/post"}],"author":[{"embeddable":true,"href":"https:\/\/corrientesdetarde.com\/index.php\/wp-json\/wp\/v2\/users\/1"}],"replies":[{"embeddable":true,"href":"https:\/\/corrientesdetarde.com\/index.php\/wp-json\/wp\/v2\/comments?post=149675"}],"version-history":[{"count":2,"href":"https:\/\/corrientesdetarde.com\/index.php\/wp-json\/wp\/v2\/posts\/149675\/revisions"}],"predecessor-version":[{"id":149680,"href":"https:\/\/corrientesdetarde.com\/index.php\/wp-json\/wp\/v2\/posts\/149675\/revisions\/149680"}],"wp:featuredmedia":[{"embeddable":true,"href":"https:\/\/corrientesdetarde.com\/index.php\/wp-json\/wp\/v2\/media\/149678"}],"wp:attachment":[{"href":"https:\/\/corrientesdetarde.com\/index.php\/wp-json\/wp\/v2\/media?parent=149675"}],"wp:term":[{"taxonomy":"category","embeddable":true,"href":"https:\/\/corrientesdetarde.com\/index.php\/wp-json\/wp\/v2\/categories?post=149675"},{"taxonomy":"post_tag","embeddable":true,"href":"https:\/\/corrientesdetarde.com\/index.php\/wp-json\/wp\/v2\/tags?post=149675"}],"curies":[{"name":"wp","href":"https:\/\/api.w.org\/{rel}","templated":true}]}}