{"id":149681,"date":"2024-05-23T13:41:32","date_gmt":"2024-05-23T16:41:32","guid":{"rendered":"https:\/\/corrientesdetarde.com\/?p=149681"},"modified":"2024-05-23T17:52:59","modified_gmt":"2024-05-23T20:52:59","slug":"expo-ejercito-2024","status":"publish","type":"post","link":"https:\/\/corrientesdetarde.com\/index.php\/actualidad\/expo-ejercito-2024\/","title":{"rendered":"EXPO EJ\u00c9RCITO 2024"},"content":{"rendered":"\n<p>(Corresponsal\u00eda Buenos Aires) &#8211; Con motivo de la conmemoraci\u00f3n de la Semana de Mayo y el D\u00eda del Ej\u00e9rcito Argentino, desde el viernes 24 de mayo al domingo 2 de junio, en la Plaza de las Armas del Edificio Libertador, se realizar\u00e1 una exposici\u00f3n est\u00e1tica de material militar abierta al p\u00fablico.<\/p>\n\n\n\n<p>La exhibici\u00f3n, que se desarrollar\u00e1 en las fechas mencionadas de 10 a 18 horas y de manera gratuita, permitir\u00e1 a los interesados estar en contacto directo con distintos tipos de veh\u00edculos empleados por la Fuerza. Esta muestra no solo celebra la historia y el legado del Ej\u00e9rcito Argentino, sino que tambi\u00e9n brinda a la comunidad la oportunidad \u00fanica de explorar de cerca el equipamiento utilizado por las fuerzas armadas.<\/p>\n\n\n\n<p>La exposici\u00f3n tendr\u00e1 lugar en la Plaza de las Armas del Edificio Libertador, ubicada en Azopardo 250, Ciudad Aut\u00f3noma de Buenos Aires, a pocos metros de la Casa Rosada. Durante este per\u00edodo, se podr\u00e1 disfrutar de una variedad de actividades y exhibiciones, incluyendo exposiciones de veh\u00edculos de combate, log\u00edsticos, de exploraci\u00f3n, equipamiento QBN, charlas informativas y la oportunidad de interactuar con integrantes de la Fuerza para conocer m\u00e1s sobre su trabajo.<\/p>\n\n\n\n<p>Adem\u00e1s de los veh\u00edculos de combate blindado como el Tanque Argentino Mediano, los camiones Oshkosh y Unimog, y piezas de artiller\u00eda, la exposici\u00f3n tambi\u00e9n contar\u00e1 con stands informativos de los prestigiosos institutos de formaci\u00f3n militar del pa\u00eds. Estos stands ofrecer\u00e1n informaci\u00f3n detallada sobre las diferentes carreras y programas de estudio disponibles para aquellos interesados en unirse a las fuerzas armadas.<\/p>\n\n\n\n<p>Asimismo, se llevar\u00e1n a cabo presentaciones musicales a cargo de las bandas militares, siendo que la m\u00fasica militar es una parte integral de las tradiciones castrenses, y estas presentaciones son una oportunidad \u00fanica para apreciar el talento y la disciplina de los m\u00fasicos militares.<\/p>\n","protected":false},"excerpt":{"rendered":"<p>(Corresponsal\u00eda Buenos Aires) &#8211; Con motivo de la conmemoraci\u00f3n de la Semana de Mayo y el D\u00eda del Ej\u00e9rcito Argentino, desde el viernes 24 de mayo al domingo 2 de&hellip; <\/p>\n","protected":false},"author":11,"featured_media":149683,"comment_status":"closed","ping_status":"open","sticky":false,"template":"","format":"standard","meta":{"footnotes":""},"categories":[23],"tags":[2040,1679],"class_list":["post-149681","post","type-post","status-publish","format-standard","has-post-thumbnail","hentry","category-actualidad","tag-ejercito","tag-mayo"],"_links":{"self":[{"href":"https:\/\/corrientesdetarde.com\/index.php\/wp-json\/wp\/v2\/posts\/149681","targetHints":{"allow":["GET"]}}],"collection":[{"href":"https:\/\/corrientesdetarde.com\/index.php\/wp-json\/wp\/v2\/posts"}],"about":[{"href":"https:\/\/corrientesdetarde.com\/index.php\/wp-json\/wp\/v2\/types\/post"}],"author":[{"embeddable":true,"href":"https:\/\/corrientesdetarde.com\/index.php\/wp-json\/wp\/v2\/users\/11"}],"replies":[{"embeddable":true,"href":"https:\/\/corrientesdetarde.com\/index.php\/wp-json\/wp\/v2\/comments?post=149681"}],"version-history":[{"count":2,"href":"https:\/\/corrientesdetarde.com\/index.php\/wp-json\/wp\/v2\/posts\/149681\/revisions"}],"predecessor-version":[{"id":149687,"href":"https:\/\/corrientesdetarde.com\/index.php\/wp-json\/wp\/v2\/posts\/149681\/revisions\/149687"}],"wp:featuredmedia":[{"embeddable":true,"href":"https:\/\/corrientesdetarde.com\/index.php\/wp-json\/wp\/v2\/media\/149683"}],"wp:attachment":[{"href":"https:\/\/corrientesdetarde.com\/index.php\/wp-json\/wp\/v2\/media?parent=149681"}],"wp:term":[{"taxonomy":"category","embeddable":true,"href":"https:\/\/corrientesdetarde.com\/index.php\/wp-json\/wp\/v2\/categories?post=149681"},{"taxonomy":"post_tag","embeddable":true,"href":"https:\/\/corrientesdetarde.com\/index.php\/wp-json\/wp\/v2\/tags?post=149681"}],"curies":[{"name":"wp","href":"https:\/\/api.w.org\/{rel}","templated":true}]}}