{"id":149682,"date":"2024-05-23T13:42:03","date_gmt":"2024-05-23T16:42:03","guid":{"rendered":"https:\/\/corrientesdetarde.com\/?p=149682"},"modified":"2024-05-23T13:48:51","modified_gmt":"2024-05-23T16:48:51","slug":"brindaron-capacitaciones-sobre-la-ley-micaela-al-servicio-penitenciario","status":"publish","type":"post","link":"https:\/\/corrientesdetarde.com\/index.php\/informacion-general\/brindaron-capacitaciones-sobre-la-ley-micaela-al-servicio-penitenciario\/","title":{"rendered":"Brindaron capacitaciones sobre la Ley Micaela al Servicio Penitenciario"},"content":{"rendered":"\n<p>El Ministerio de Desarrollo Social a trav\u00e9s del Consejo Provincial de la &nbsp;Mujer llev\u00f3&nbsp;a cabo una charla sobre la Ley Micaela con el fin de&nbsp;fortalecer los conocimientos relacionados a temas sobre la aplicaci\u00f3n de la Ley N\u00ba 27499. La misma&nbsp;estuvo destinada al personal Superior y Subalterno del Servicio Penitenciario de la Provincia.<\/p>\n\n\n\n<p>La presentaci\u00f3n estuvo a cargo del Director del Instituto de Formaci\u00f3n Penitenciaria, Alcaide Mayor, Gustavo L\u00f3pez; acompa\u00f1ado de&nbsp;Cecilia Berger, presidenta&nbsp;del Consejo Provincial de la Mujer.<\/p>\n\n\n\n<p>Cabe recordar que&nbsp;la &nbsp;Ley 27499 fue promulgada el 10 de enero de 2019 y establece la capacitaci\u00f3n obligatoria en g\u00e9nero y violencia de g\u00e9nero para todas las personas que se desempe\u00f1an en la funci\u00f3n p\u00fablica en todos sus niveles y jerarqu\u00edas en los poderes Ejecutivo, Legislativo y Judicial de la Naci\u00f3n.<\/p>\n\n\n\n<figure class=\"wp-block-image size-large\"><img loading=\"lazy\" decoding=\"async\" width=\"768\" height=\"1024\" src=\"https:\/\/corrientesdetarde.com\/wp-content\/uploads\/2024\/05\/image-594-768x1024.png\" alt=\"\" class=\"wp-image-149685\" srcset=\"https:\/\/corrientesdetarde.com\/wp-content\/uploads\/2024\/05\/image-594-768x1024.png 768w, https:\/\/corrientesdetarde.com\/wp-content\/uploads\/2024\/05\/image-594-225x300.png 225w, https:\/\/corrientesdetarde.com\/wp-content\/uploads\/2024\/05\/image-594-1152x1536.png 1152w, https:\/\/corrientesdetarde.com\/wp-content\/uploads\/2024\/05\/image-594.png 1200w\" sizes=\"auto, (max-width: 768px) 100vw, 768px\" \/><\/figure>\n","protected":false},"excerpt":{"rendered":"<p>El Ministerio de Desarrollo Social a trav\u00e9s del Consejo Provincial de la &nbsp;Mujer llev\u00f3&nbsp;a cabo una charla sobre la Ley Micaela con el fin de&nbsp;fortalecer los conocimientos relacionados a temas&hellip; <\/p>\n","protected":false},"author":8,"featured_media":149684,"comment_status":"closed","ping_status":"open","sticky":false,"template":"","format":"standard","meta":{"footnotes":""},"categories":[1],"tags":[],"class_list":["post-149682","post","type-post","status-publish","format-standard","has-post-thumbnail","hentry","category-informacion-general"],"_links":{"self":[{"href":"https:\/\/corrientesdetarde.com\/index.php\/wp-json\/wp\/v2\/posts\/149682","targetHints":{"allow":["GET"]}}],"collection":[{"href":"https:\/\/corrientesdetarde.com\/index.php\/wp-json\/wp\/v2\/posts"}],"about":[{"href":"https:\/\/corrientesdetarde.com\/index.php\/wp-json\/wp\/v2\/types\/post"}],"author":[{"embeddable":true,"href":"https:\/\/corrientesdetarde.com\/index.php\/wp-json\/wp\/v2\/users\/8"}],"replies":[{"embeddable":true,"href":"https:\/\/corrientesdetarde.com\/index.php\/wp-json\/wp\/v2\/comments?post=149682"}],"version-history":[{"count":1,"href":"https:\/\/corrientesdetarde.com\/index.php\/wp-json\/wp\/v2\/posts\/149682\/revisions"}],"predecessor-version":[{"id":149688,"href":"https:\/\/corrientesdetarde.com\/index.php\/wp-json\/wp\/v2\/posts\/149682\/revisions\/149688"}],"wp:featuredmedia":[{"embeddable":true,"href":"https:\/\/corrientesdetarde.com\/index.php\/wp-json\/wp\/v2\/media\/149684"}],"wp:attachment":[{"href":"https:\/\/corrientesdetarde.com\/index.php\/wp-json\/wp\/v2\/media?parent=149682"}],"wp:term":[{"taxonomy":"category","embeddable":true,"href":"https:\/\/corrientesdetarde.com\/index.php\/wp-json\/wp\/v2\/categories?post=149682"},{"taxonomy":"post_tag","embeddable":true,"href":"https:\/\/corrientesdetarde.com\/index.php\/wp-json\/wp\/v2\/tags?post=149682"}],"curies":[{"name":"wp","href":"https:\/\/api.w.org\/{rel}","templated":true}]}}