{"id":149689,"date":"2024-05-23T13:48:22","date_gmt":"2024-05-23T16:48:22","guid":{"rendered":"https:\/\/corrientesdetarde.com\/?p=149689"},"modified":"2024-05-23T13:48:27","modified_gmt":"2024-05-23T16:48:27","slug":"tassano-encabezo-festejo-patrio-de-la-escuela-957-del-barrio-dr-montana","status":"publish","type":"post","link":"https:\/\/corrientesdetarde.com\/index.php\/sociales\/tassano-encabezo-festejo-patrio-de-la-escuela-957-del-barrio-dr-montana\/","title":{"rendered":"Tassano encabez\u00f3 festejo patrio de la Escuela 957 del barrio Dr. Monta\u00f1a"},"content":{"rendered":"\n<p><em>En v\u00edsperas de la fiesta patria del 25, el establecimiento escolar celebr\u00f3 el 214\u00b0 aniversario de la Revoluci\u00f3n de Mayo con el Municipio y la comunidad educativa de la zona y los vecinos. \u201cEl esp\u00edritu patri\u00f3tico de 1810 todav\u00eda est\u00e1 vigente\u201d, resalt\u00f3 el intendente en su discurso.<\/em><\/p>\n\n\n\n<p>En el polideportivo del Paseo Costero del barrio Dr. Monta\u00f1a, el intendente Eduardo Tassano particip\u00f3 este jueves del acto en conmemoraci\u00f3n del 214\u00b0 aniversario de la Revoluci\u00f3n de Mayo organizado por la Escuela 957 \u201cJuan Ram\u00f3n Fern\u00e1ndez\u201d.<br>Las actividades en el festejo patrio se llevaron a cabo pese a las intensas lluvias de la ma\u00f1ana, que ya hab\u00edan obligado a suspender el desfile, el cual en principio tambi\u00e9n era parte del programa de actos. El acto formal se realiz\u00f3 de todos modos en el espacio cubierto y no se aplac\u00f3 el fervor patrio en la masiva asistencia que registr\u00f3 el evento en el populoso barrio del sur de la ciudad.<br>En la oportunidad los estudiantes presentaron poemas alusivos y caracterizaci\u00f3n de personajes de la \u00e9poca, con danzas tradicionales argentinas. Tambi\u00e9n se comparti\u00f3 comida t\u00edpica.<br>Adem\u00e1s de Tassano, asistieron el viceintendente, Emilio Lanari, dem\u00e1s funcionarios municipales, autoridades educativas, alumnos, alumnas, padres, tutores y vecinos en general.<br><br>REVALORIZACI\u00d3N DE LA FECHA<br>En la ocasi\u00f3n, el intendente destac\u00f3 que durante el acto se observ\u00f3 que \u201cel esp\u00edritu patri\u00f3tico de 1810 todav\u00eda est\u00e1 vigente\u201d e inst\u00f3 a los presentes a que \u201ctenemos que seguir trabajando para concretar los deseos de la gesta de los pr\u00f3ceres\u201d con el objetivo de \u201ctener una Argentina desarrollada para todos\u201d.<br>Para cerrar, Tassano haciendo alusi\u00f3n a la fecha sostuvo que \u201cavanzamos en la construcci\u00f3n del pa\u00eds que todos queremos\u201d.<br><br>INCLUSI\u00d3N Y PLURALIDAD<br>A su turno, el viceintendente Emilio Lanari destac\u00f3 el compromiso de la educaci\u00f3n p\u00fablica con los actos de Revoluci\u00f3n de Mayo desarrollados en el barrio Dr. Monta\u00f1a y en ese contexto, indic\u00f3 que \u201cCorrientes no solo tiene actividad en el centro\u201d sino \u201ccada punto de la ciudad y con esta fiesta damos mayor inclusi\u00f3n y pluralidad&#8221;.<br><br>APOYO DEL MUNICIPIO<br>En tanto, la directora de la escuela 957, Eva Mar\u00eda Ru\u00edz D\u00edaz resalt\u00f3 el apoyo que cuenta la instituci\u00f3n por parte del municipio desde el 2017 donde \u201ccada a\u00f1o vivimos un clima de fiesta\u201d.<\/p>\n\n\n\n<figure class=\"wp-block-embed is-type-video is-provider-youtube wp-block-embed-youtube wp-embed-aspect-16-9 wp-has-aspect-ratio\"><div class=\"wp-block-embed__wrapper\">\n<iframe loading=\"lazy\" title=\"Tassano encabez\u00f3 festejo patrio de la Escuela 957 del barrio Dr. Monta\u00f1a\" width=\"1110\" height=\"624\" src=\"https:\/\/www.youtube.com\/embed\/6V4wbAV6F9M?feature=oembed\" frameborder=\"0\" allow=\"accelerometer; autoplay; clipboard-write; encrypted-media; gyroscope; picture-in-picture; web-share\" referrerpolicy=\"strict-origin-when-cross-origin\" allowfullscreen><\/iframe>\n<\/div><\/figure>\n\n\n\n<figure class=\"wp-block-image size-large\"><img loading=\"lazy\" decoding=\"async\" width=\"1024\" height=\"682\" src=\"https:\/\/corrientesdetarde.com\/wp-content\/uploads\/2024\/05\/image-595-1024x682.png\" alt=\"\" class=\"wp-image-149690\" srcset=\"https:\/\/corrientesdetarde.com\/wp-content\/uploads\/2024\/05\/image-595-1024x682.png 1024w, https:\/\/corrientesdetarde.com\/wp-content\/uploads\/2024\/05\/image-595-300x200.png 300w, https:\/\/corrientesdetarde.com\/wp-content\/uploads\/2024\/05\/image-595-768x512.png 768w, https:\/\/corrientesdetarde.com\/wp-content\/uploads\/2024\/05\/image-595.png 1280w\" sizes=\"auto, (max-width: 1024px) 100vw, 1024px\" \/><\/figure>\n\n\n\n<figure class=\"wp-block-image size-large\"><img loading=\"lazy\" decoding=\"async\" width=\"1024\" height=\"682\" src=\"https:\/\/corrientesdetarde.com\/wp-content\/uploads\/2024\/05\/image-596-1024x682.png\" alt=\"\" class=\"wp-image-149691\" srcset=\"https:\/\/corrientesdetarde.com\/wp-content\/uploads\/2024\/05\/image-596-1024x682.png 1024w, https:\/\/corrientesdetarde.com\/wp-content\/uploads\/2024\/05\/image-596-300x200.png 300w, https:\/\/corrientesdetarde.com\/wp-content\/uploads\/2024\/05\/image-596-768x512.png 768w, https:\/\/corrientesdetarde.com\/wp-content\/uploads\/2024\/05\/image-596.png 1280w\" sizes=\"auto, (max-width: 1024px) 100vw, 1024px\" \/><\/figure>\n\n\n\n<figure class=\"wp-block-image size-large\"><img loading=\"lazy\" decoding=\"async\" width=\"1024\" height=\"682\" src=\"https:\/\/corrientesdetarde.com\/wp-content\/uploads\/2024\/05\/image-597-1024x682.png\" alt=\"\" class=\"wp-image-149692\" srcset=\"https:\/\/corrientesdetarde.com\/wp-content\/uploads\/2024\/05\/image-597-1024x682.png 1024w, https:\/\/corrientesdetarde.com\/wp-content\/uploads\/2024\/05\/image-597-300x200.png 300w, https:\/\/corrientesdetarde.com\/wp-content\/uploads\/2024\/05\/image-597-768x512.png 768w, https:\/\/corrientesdetarde.com\/wp-content\/uploads\/2024\/05\/image-597.png 1280w\" sizes=\"auto, (max-width: 1024px) 100vw, 1024px\" \/><\/figure>\n\n\n\n<figure class=\"wp-block-image size-large\"><img loading=\"lazy\" decoding=\"async\" width=\"1024\" height=\"682\" src=\"https:\/\/corrientesdetarde.com\/wp-content\/uploads\/2024\/05\/image-598-1024x682.png\" alt=\"\" class=\"wp-image-149693\" srcset=\"https:\/\/corrientesdetarde.com\/wp-content\/uploads\/2024\/05\/image-598-1024x682.png 1024w, https:\/\/corrientesdetarde.com\/wp-content\/uploads\/2024\/05\/image-598-300x200.png 300w, https:\/\/corrientesdetarde.com\/wp-content\/uploads\/2024\/05\/image-598-768x512.png 768w, https:\/\/corrientesdetarde.com\/wp-content\/uploads\/2024\/05\/image-598.png 1280w\" sizes=\"auto, (max-width: 1024px) 100vw, 1024px\" \/><\/figure>\n\n\n\n<figure class=\"wp-block-image size-large\"><img loading=\"lazy\" decoding=\"async\" width=\"1024\" height=\"682\" src=\"https:\/\/corrientesdetarde.com\/wp-content\/uploads\/2024\/05\/image-600-1024x682.png\" alt=\"\" class=\"wp-image-149695\" srcset=\"https:\/\/corrientesdetarde.com\/wp-content\/uploads\/2024\/05\/image-600-1024x682.png 1024w, https:\/\/corrientesdetarde.com\/wp-content\/uploads\/2024\/05\/image-600-300x200.png 300w, https:\/\/corrientesdetarde.com\/wp-content\/uploads\/2024\/05\/image-600-768x512.png 768w, https:\/\/corrientesdetarde.com\/wp-content\/uploads\/2024\/05\/image-600.png 1280w\" sizes=\"auto, (max-width: 1024px) 100vw, 1024px\" \/><\/figure>\n\n\n\n<figure class=\"wp-block-image size-large\"><img loading=\"lazy\" decoding=\"async\" width=\"1024\" height=\"682\" src=\"https:\/\/corrientesdetarde.com\/wp-content\/uploads\/2024\/05\/image-601-1024x682.png\" alt=\"\" class=\"wp-image-149696\" srcset=\"https:\/\/corrientesdetarde.com\/wp-content\/uploads\/2024\/05\/image-601-1024x682.png 1024w, https:\/\/corrientesdetarde.com\/wp-content\/uploads\/2024\/05\/image-601-300x200.png 300w, https:\/\/corrientesdetarde.com\/wp-content\/uploads\/2024\/05\/image-601-768x512.png 768w, https:\/\/corrientesdetarde.com\/wp-content\/uploads\/2024\/05\/image-601.png 1280w\" sizes=\"auto, (max-width: 1024px) 100vw, 1024px\" \/><\/figure>\n","protected":false},"excerpt":{"rendered":"<p>En v\u00edsperas de la fiesta patria del 25, el establecimiento escolar celebr\u00f3 el 214\u00b0 aniversario de la Revoluci\u00f3n de Mayo con el Municipio y la comunidad educativa de la zona&hellip; <\/p>\n","protected":false},"author":8,"featured_media":149694,"comment_status":"closed","ping_status":"open","sticky":false,"template":"","format":"standard","meta":{"footnotes":""},"categories":[17],"tags":[],"class_list":["post-149689","post","type-post","status-publish","format-standard","has-post-thumbnail","hentry","category-sociales"],"_links":{"self":[{"href":"https:\/\/corrientesdetarde.com\/index.php\/wp-json\/wp\/v2\/posts\/149689","targetHints":{"allow":["GET"]}}],"collection":[{"href":"https:\/\/corrientesdetarde.com\/index.php\/wp-json\/wp\/v2\/posts"}],"about":[{"href":"https:\/\/corrientesdetarde.com\/index.php\/wp-json\/wp\/v2\/types\/post"}],"author":[{"embeddable":true,"href":"https:\/\/corrientesdetarde.com\/index.php\/wp-json\/wp\/v2\/users\/8"}],"replies":[{"embeddable":true,"href":"https:\/\/corrientesdetarde.com\/index.php\/wp-json\/wp\/v2\/comments?post=149689"}],"version-history":[{"count":1,"href":"https:\/\/corrientesdetarde.com\/index.php\/wp-json\/wp\/v2\/posts\/149689\/revisions"}],"predecessor-version":[{"id":149697,"href":"https:\/\/corrientesdetarde.com\/index.php\/wp-json\/wp\/v2\/posts\/149689\/revisions\/149697"}],"wp:featuredmedia":[{"embeddable":true,"href":"https:\/\/corrientesdetarde.com\/index.php\/wp-json\/wp\/v2\/media\/149694"}],"wp:attachment":[{"href":"https:\/\/corrientesdetarde.com\/index.php\/wp-json\/wp\/v2\/media?parent=149689"}],"wp:term":[{"taxonomy":"category","embeddable":true,"href":"https:\/\/corrientesdetarde.com\/index.php\/wp-json\/wp\/v2\/categories?post=149689"},{"taxonomy":"post_tag","embeddable":true,"href":"https:\/\/corrientesdetarde.com\/index.php\/wp-json\/wp\/v2\/tags?post=149689"}],"curies":[{"name":"wp","href":"https:\/\/api.w.org\/{rel}","templated":true}]}}