{"id":149698,"date":"2024-05-23T13:51:09","date_gmt":"2024-05-23T16:51:09","guid":{"rendered":"https:\/\/corrientesdetarde.com\/?p=149698"},"modified":"2024-05-23T13:59:48","modified_gmt":"2024-05-23T16:59:48","slug":"el-ministro-de-salud-reconocio-la-labor-del-personal-del-hospital-vidal","status":"publish","type":"post","link":"https:\/\/corrientesdetarde.com\/index.php\/bienestar-y-salud\/el-ministro-de-salud-reconocio-la-labor-del-personal-del-hospital-vidal\/","title":{"rendered":"El ministro de Salud reconoci\u00f3 la labor del personal del Hospital Vidal"},"content":{"rendered":"\n<p><em>El nosocomio celebr\u00f3 un nuevo a\u00f1o de vida y en este marco el titular de la cartera sanitaria volvi\u00f3 a felicitar a quienes se desempe\u00f1an en esta instituci\u00f3n. Adem\u00e1s, record\u00f3 algunas de las obras y equipamientos que se lograron durante los \u00faltimos a\u00f1os.<\/em><\/p>\n\n\n\n<p>En el marco del 97\u00ba aniversario del Hospital Jos\u00e9 Ram\u00f3n Vidal, el ministro de Salud P\u00fablica de la Provincia, Ricardo Cardozo, destac\u00f3 el crecimiento de la instituci\u00f3n. Tambi\u00e9n felicit\u00f3 al personal de salud que trabaja en dicho nosocomio.<\/p>\n\n\n\n<p>En los \u00faltimos a\u00f1os, con una importante inversi\u00f3n del Gobierno Provincial distintas \u00e1reas son edificadas y refaccionadas, y permanentemente se trabaja en optimizar las prestaciones, jerarquizando los distintos servicios, con la adquisici\u00f3n de equipamientos de tecnolog\u00eda de punta como la renovaci\u00f3n del tom\u00f3grafo de \u00faltima generaci\u00f3n.<\/p>\n\n\n\n<p>\u201cEn esta fecha tan especial, quiero trasmitirles un afectuoso saludo al cumplirse el 97\u00ba aniversario de nuestro querido Hospital Jos\u00e9 Ram\u00f3n Vidal, haciendo llegar el reconocimiento a todo el equipo que integra esta instituci\u00f3n. Este hospital que inicia su historia en 1927, se caracteriza por la excelencia de sus profesionales y se fortalece cada d\u00eda\u201d, expres\u00f3 el Ministro&nbsp;Ricardo Cardozo.&nbsp;<\/p>\n\n\n\n<p><strong>Obras y equipamiento<\/strong><\/p>\n\n\n\n<p>En esta \u00faltima gesti\u00f3n, desde el Ministerio de Salud P\u00fablica, entre las obras y equipamientos se destacan: ampliaci\u00f3n de la Terapia Intensiva; refacciones de Salas de Internaci\u00f3n; refacci\u00f3n integral de la bater\u00eda de Quir\u00f3fanos; gesti\u00f3n para la refacci\u00f3n y ampliaci\u00f3n de la Emergencia; refacciones integrales en \u00e1reas antiguas y construcci\u00f3n de consultorios externos; desarrollo inform\u00e1tico integral para turnos, historia cl\u00ednica digital y facturaci\u00f3n.<\/p>\n\n\n\n<p>Adem\u00e1s, de un ec\u00f3grafo doppler, mam\u00f3grafo digital, y equipo de endoscop\u00eda, aparatos para Neumonolog\u00eda: laringoscopio, camilla para procedimiento de broncoscop\u00eda, notebook para software del equipamiento. Torre de video laparosc\u00f3pica y monitores multiparam\u00e9tricos.<\/p>\n\n\n\n<p><strong>Rese\u00f1a hist\u00f3rica<\/strong><\/p>\n\n\n\n<p>El predio donde se ubica el Hospital J. R. Vidal, originariamente estaba destinado a depositar materiales explosivos, que el comercio de esa \u00e9poca negociaba, llevaba el nombre de &#8220;La P\u00f3lvora&#8221;. Cuando este dep\u00f3sito se traslad\u00f3, se crea con subsidio Nacional, la denominada &#8220;Casa de Aislamiento&#8221;, dependiente del entonces &#8220;Concejo de Higiene&#8221;, ente rector de la Salud de la \u00e9poca. Corr\u00eda el a\u00f1o 1920 y fue llamada &#8220;H\u00e9roes Civiles&#8221; haciendo honor a aquellos que ofrendaron su vida asistiendo a los enfermos de la epidemia de la fiebre amarilla.<\/p>\n\n\n\n<p>El 23 de mayo de 1926, el Senado y la C\u00e1mara de Diputados de la Provincia de Corrientes, sanciona la Ley 540 en la que se impone el nombre de &#8220;Dr. Jos\u00e9 Ram\u00f3n Vidal&#8221; como homenaje de Gratitud del Pueblo de Corrientes a tan insigne y benem\u00e9rito m\u00e9dico, que despoj\u00e1ndose de su posici\u00f3n de Senador concurri\u00f3 en persona a mitigar el sufrimiento de sus semejantes hasta dejar su vida en la misi\u00f3n.<\/p>\n\n\n\n<p>En 1935 se traslada, por la construcci\u00f3n de la actual Avenida Costanera, al antiguo Hospital San Juan (hoy Hotel de Turismo) que era entonces Hospital de hombres, ya que en esa \u00e9poca no se internaban en la misma instituci\u00f3n personas de sexo diferente, a las instalaciones del Hospital de Aislamiento Dr. Jos\u00e9 Ram\u00f3n Vidal. Posteriormente ocurrieron sucesivas y m\u00faltiples reformas hasta llegar al edificio que hoy se conoce.<\/p>\n\n\n\n<figure class=\"wp-block-image size-large\"><img loading=\"lazy\" decoding=\"async\" width=\"1024\" height=\"682\" src=\"https:\/\/corrientesdetarde.com\/wp-content\/uploads\/2024\/05\/image-613-1024x682.png\" alt=\"\" class=\"wp-image-149716\" srcset=\"https:\/\/corrientesdetarde.com\/wp-content\/uploads\/2024\/05\/image-613-1024x682.png 1024w, https:\/\/corrientesdetarde.com\/wp-content\/uploads\/2024\/05\/image-613-300x200.png 300w, https:\/\/corrientesdetarde.com\/wp-content\/uploads\/2024\/05\/image-613-768x512.png 768w, https:\/\/corrientesdetarde.com\/wp-content\/uploads\/2024\/05\/image-613.png 1280w\" sizes=\"auto, (max-width: 1024px) 100vw, 1024px\" \/><\/figure>\n\n\n\n<figure class=\"wp-block-image size-large\"><img loading=\"lazy\" decoding=\"async\" width=\"1024\" height=\"576\" src=\"https:\/\/corrientesdetarde.com\/wp-content\/uploads\/2024\/05\/image-614-1024x576.png\" alt=\"\" class=\"wp-image-149717\" srcset=\"https:\/\/corrientesdetarde.com\/wp-content\/uploads\/2024\/05\/image-614-1024x576.png 1024w, https:\/\/corrientesdetarde.com\/wp-content\/uploads\/2024\/05\/image-614-300x169.png 300w, https:\/\/corrientesdetarde.com\/wp-content\/uploads\/2024\/05\/image-614-768x432.png 768w, https:\/\/corrientesdetarde.com\/wp-content\/uploads\/2024\/05\/image-614.png 1280w\" sizes=\"auto, (max-width: 1024px) 100vw, 1024px\" \/><\/figure>\n","protected":false},"excerpt":{"rendered":"<p>El nosocomio celebr\u00f3 un nuevo a\u00f1o de vida y en este marco el titular de la cartera sanitaria volvi\u00f3 a felicitar a quienes se desempe\u00f1an en esta instituci\u00f3n. Adem\u00e1s, record\u00f3&hellip; <\/p>\n","protected":false},"author":8,"featured_media":149699,"comment_status":"closed","ping_status":"open","sticky":false,"template":"","format":"standard","meta":{"footnotes":""},"categories":[16],"tags":[],"class_list":["post-149698","post","type-post","status-publish","format-standard","has-post-thumbnail","hentry","category-bienestar-y-salud"],"_links":{"self":[{"href":"https:\/\/corrientesdetarde.com\/index.php\/wp-json\/wp\/v2\/posts\/149698","targetHints":{"allow":["GET"]}}],"collection":[{"href":"https:\/\/corrientesdetarde.com\/index.php\/wp-json\/wp\/v2\/posts"}],"about":[{"href":"https:\/\/corrientesdetarde.com\/index.php\/wp-json\/wp\/v2\/types\/post"}],"author":[{"embeddable":true,"href":"https:\/\/corrientesdetarde.com\/index.php\/wp-json\/wp\/v2\/users\/8"}],"replies":[{"embeddable":true,"href":"https:\/\/corrientesdetarde.com\/index.php\/wp-json\/wp\/v2\/comments?post=149698"}],"version-history":[{"count":2,"href":"https:\/\/corrientesdetarde.com\/index.php\/wp-json\/wp\/v2\/posts\/149698\/revisions"}],"predecessor-version":[{"id":149718,"href":"https:\/\/corrientesdetarde.com\/index.php\/wp-json\/wp\/v2\/posts\/149698\/revisions\/149718"}],"wp:featuredmedia":[{"embeddable":true,"href":"https:\/\/corrientesdetarde.com\/index.php\/wp-json\/wp\/v2\/media\/149699"}],"wp:attachment":[{"href":"https:\/\/corrientesdetarde.com\/index.php\/wp-json\/wp\/v2\/media?parent=149698"}],"wp:term":[{"taxonomy":"category","embeddable":true,"href":"https:\/\/corrientesdetarde.com\/index.php\/wp-json\/wp\/v2\/categories?post=149698"},{"taxonomy":"post_tag","embeddable":true,"href":"https:\/\/corrientesdetarde.com\/index.php\/wp-json\/wp\/v2\/tags?post=149698"}],"curies":[{"name":"wp","href":"https:\/\/api.w.org\/{rel}","templated":true}]}}