{"id":149701,"date":"2024-05-23T13:54:22","date_gmt":"2024-05-23T16:54:22","guid":{"rendered":"https:\/\/corrientesdetarde.com\/?p=149701"},"modified":"2024-05-23T13:54:33","modified_gmt":"2024-05-23T16:54:33","slug":"la-sexta-edicion-de-la-feria-arteco-tuvo-su-apertura-en-el-puerto-de-corrientes","status":"publish","type":"post","link":"https:\/\/corrientesdetarde.com\/index.php\/eventos\/la-sexta-edicion-de-la-feria-arteco-tuvo-su-apertura-en-el-puerto-de-corrientes\/","title":{"rendered":"La sexta edici\u00f3n de la feria ArteCo tuvo su apertura en el Puerto de Corrientes"},"content":{"rendered":"\n<p>Organizada por el Gobierno de Corrientes a trav\u00e9s del Instituto de Cultura, este jueves abri\u00f3 sus puertas la sexta edici\u00f3n de la Feria de Arte Contempor\u00e1neo de Corrientes (ArteCo) en las instalaciones del Puerto capitalino. Hasta el domingo 26 los vecinos y turistas pueden visitar las galer\u00edas que exhiben a destacados artistas regionales, que suman m\u00e1s de 500 entre las distintas propuestas de pintura, audiovisuales, m\u00fasica, literatura y otras vertientes.<\/p>\n\n\n\n<p>Este evento que, ya est\u00e1 consolidado dentro del calendario cultural correntino, se podr\u00e1 visitar de 14 a 22, con acceso por calle Mendoza y avenida Vera.&nbsp;La entrada es libre y gratuita.<\/p>\n\n\n\n<p>La feria permite concentrar diversas propuestas art\u00edsticas, entre ellas la presencia de galer\u00edas de arte de la Argentina seleccionadas por un jurado. Tambi\u00e9n galer\u00edas del Paraguay, proyectos colectivos y artistas individuales de Corrientes (seleccionados por convocatoria).<\/p>\n\n\n\n<p>ArteCo permite as\u00ed, fomentar el crecimiento del sector en la circulaci\u00f3n y la comercializaci\u00f3n de las obras de arte de la regi\u00f3n, contando con la participaci\u00f3n de nuevos proyectos locales fortaleciendo espacios de encuentro y participaci\u00f3n mutua y colectiva de artistas.<\/p>\n\n\n\n<p>El acto de apertura estuvo encabezado por Gabriel Romero, decano de la Facultad de Artes de la UNNE y, hasta hace poco, presidente del Instituto de Cultura. \u201cPara nosotros el v\u00ednculo entre Cultura y la Universidad es importante, hist\u00f3ricamente trabajamos juntos y lo vamos a seguir haciendo por el bien del arte regional\u201d, declar\u00f3.<\/p>\n\n\n\n<p>En tanto, el curador de la feria, Gustavo Pi\u00f1ero indic\u00f3 que las expectativas del evento a futuro es poder reunir al arte de toda la regi\u00f3n guaran\u00edtica, es decir, del norte argentino, Paraguay, sur de Brasil y este de Bolivia. \u201cEse es el camino, por eso este a\u00f1o fortalecimos lazos con artistas de Paraguay\u201d.<\/p>\n\n\n\n<p><strong>Acciones art\u00edsticas en clave territorial<\/strong><\/p>\n\n\n\n<p>En esta edici\u00f3n de la feria se van a entregar dos premios\/residencias para artistas de Corrientes y del litoral: una en la residencia \u00d1ande Mac (Corrientes\/ Uruguay) y otra en la residencia La Nave (Buenos Aires). Tambi\u00e9n se va a realizar un encuentro de residencias de Arte, destac\u00e1ndose las propuestas de las residencias Deixis del R\u00edo (Paraguay).<\/p>\n\n\n\n<p>Contando, a su vez, con Lab 13 (Paraguay), una residencia que se propone \u201cacompa\u00f1ar el proceso de obra de creadores emergentes\u201d, y Potrero (Entre R\u00edos) un proyecto de investigaci\u00f3n que propone la convivencia en un \u00e1mbito rural entre artistas de diferentes disciplinas, como visuales, literatura, audiovisuales, m\u00fasica, esc\u00e9nicas, entre otras.<\/p>\n\n\n\n<p>En esta diversidad de manifestaciones art\u00edsticas en la programaci\u00f3n de ArteCo 2024, encontraremos el proyecto propuesto Virgen de la canoa por Richar de Itat\u00ed, artista visual, quien realizar\u00e1 una performance integrando elementos de la religiosidad popular.<\/p>\n\n\n\n<p>Tambi\u00e9n es posible destacar el espacio editorial, el Festival de Arte Sonoro, el programa de Becas para Artistas Visuales de Corrientes, el espacio de video y Festival Play videoarte y cine experimental, el proyecto de intervenciones site-specific en los exteriores de la Feria y la muestra de artesan\u00eda contempor\u00e1nea \u00d1ande Yvy.<\/p>\n\n\n\n<p><strong>Museos Dom\u00e9sticos<\/strong><\/p>\n\n\n\n<p>En el Museo de Bellas Artes se realizar\u00e1 la muestra \u201cMuseos Dom\u00e9sticos. El coleccionismo individual como resguardo del patrimonio colectivo\u201d, de la mano del curador Joaqu\u00edn Rodr\u00edguez, quien afirma que \u201cla exposici\u00f3n tiene como objetivo principal visibilizar la importancia que tiene la compra de obras de arte como otra posibilidad de resguardo del patrimonio art\u00edstico local.<\/p>\n\n\n\n<p><strong>Presencias<\/strong><\/p>\n\n\n\n<p>Acompa\u00f1aron la presentaci\u00f3n ministros provinciales; el director de Transporte Fluvial y Puertos, Adolfo Escobar Damus; el director de Cultura del Senado de la Naci\u00f3n, Daniel Abate; el rector de la Universidad Nacional del Nordeste, Gerardo Omar Larroza; el director de Artes Esc\u00e9nicas, Eduardo S\u00edvori; el director art\u00edstico del Teatro Vera, Francisco Ben\u00edtez; miembros del Concejo Deliberante de la Municipalidad de Corrientes; artistas e invitados.<\/p>\n\n\n\n<figure class=\"wp-block-image size-large\"><img loading=\"lazy\" decoding=\"async\" width=\"1024\" height=\"682\" src=\"https:\/\/corrientesdetarde.com\/wp-content\/uploads\/2024\/05\/image-603-1024x682.png\" alt=\"\" class=\"wp-image-149702\" srcset=\"https:\/\/corrientesdetarde.com\/wp-content\/uploads\/2024\/05\/image-603-1024x682.png 1024w, https:\/\/corrientesdetarde.com\/wp-content\/uploads\/2024\/05\/image-603-300x200.png 300w, https:\/\/corrientesdetarde.com\/wp-content\/uploads\/2024\/05\/image-603-768x512.png 768w, https:\/\/corrientesdetarde.com\/wp-content\/uploads\/2024\/05\/image-603.png 1280w\" sizes=\"auto, (max-width: 1024px) 100vw, 1024px\" \/><\/figure>\n\n\n\n<figure class=\"wp-block-image size-large\"><img loading=\"lazy\" decoding=\"async\" width=\"1024\" height=\"682\" src=\"https:\/\/corrientesdetarde.com\/wp-content\/uploads\/2024\/05\/image-604-1024x682.png\" alt=\"\" class=\"wp-image-149703\" srcset=\"https:\/\/corrientesdetarde.com\/wp-content\/uploads\/2024\/05\/image-604-1024x682.png 1024w, https:\/\/corrientesdetarde.com\/wp-content\/uploads\/2024\/05\/image-604-300x200.png 300w, https:\/\/corrientesdetarde.com\/wp-content\/uploads\/2024\/05\/image-604-768x512.png 768w, https:\/\/corrientesdetarde.com\/wp-content\/uploads\/2024\/05\/image-604.png 1280w\" sizes=\"auto, (max-width: 1024px) 100vw, 1024px\" \/><\/figure>\n\n\n\n<figure class=\"wp-block-image size-large\"><img loading=\"lazy\" decoding=\"async\" width=\"1024\" height=\"682\" src=\"https:\/\/corrientesdetarde.com\/wp-content\/uploads\/2024\/05\/image-605-1024x682.png\" alt=\"\" class=\"wp-image-149704\" srcset=\"https:\/\/corrientesdetarde.com\/wp-content\/uploads\/2024\/05\/image-605-1024x682.png 1024w, https:\/\/corrientesdetarde.com\/wp-content\/uploads\/2024\/05\/image-605-300x200.png 300w, https:\/\/corrientesdetarde.com\/wp-content\/uploads\/2024\/05\/image-605-768x512.png 768w, https:\/\/corrientesdetarde.com\/wp-content\/uploads\/2024\/05\/image-605.png 1280w\" sizes=\"auto, (max-width: 1024px) 100vw, 1024px\" \/><\/figure>\n\n\n\n<figure class=\"wp-block-image size-large\"><img loading=\"lazy\" decoding=\"async\" width=\"1024\" height=\"682\" src=\"https:\/\/corrientesdetarde.com\/wp-content\/uploads\/2024\/05\/image-606-1024x682.png\" alt=\"\" class=\"wp-image-149705\" srcset=\"https:\/\/corrientesdetarde.com\/wp-content\/uploads\/2024\/05\/image-606-1024x682.png 1024w, https:\/\/corrientesdetarde.com\/wp-content\/uploads\/2024\/05\/image-606-300x200.png 300w, https:\/\/corrientesdetarde.com\/wp-content\/uploads\/2024\/05\/image-606-768x512.png 768w, https:\/\/corrientesdetarde.com\/wp-content\/uploads\/2024\/05\/image-606.png 1280w\" sizes=\"auto, (max-width: 1024px) 100vw, 1024px\" \/><\/figure>\n\n\n\n<figure class=\"wp-block-image size-large\"><img loading=\"lazy\" decoding=\"async\" width=\"1024\" height=\"682\" src=\"https:\/\/corrientesdetarde.com\/wp-content\/uploads\/2024\/05\/image-607-1024x682.png\" alt=\"\" class=\"wp-image-149706\" srcset=\"https:\/\/corrientesdetarde.com\/wp-content\/uploads\/2024\/05\/image-607-1024x682.png 1024w, https:\/\/corrientesdetarde.com\/wp-content\/uploads\/2024\/05\/image-607-300x200.png 300w, https:\/\/corrientesdetarde.com\/wp-content\/uploads\/2024\/05\/image-607-768x512.png 768w, https:\/\/corrientesdetarde.com\/wp-content\/uploads\/2024\/05\/image-607.png 1280w\" sizes=\"auto, (max-width: 1024px) 100vw, 1024px\" \/><\/figure>\n\n\n\n<figure class=\"wp-block-image size-large\"><img loading=\"lazy\" decoding=\"async\" width=\"1024\" height=\"682\" src=\"https:\/\/corrientesdetarde.com\/wp-content\/uploads\/2024\/05\/image-608-1024x682.png\" alt=\"\" class=\"wp-image-149707\" srcset=\"https:\/\/corrientesdetarde.com\/wp-content\/uploads\/2024\/05\/image-608-1024x682.png 1024w, https:\/\/corrientesdetarde.com\/wp-content\/uploads\/2024\/05\/image-608-300x200.png 300w, https:\/\/corrientesdetarde.com\/wp-content\/uploads\/2024\/05\/image-608-768x512.png 768w, https:\/\/corrientesdetarde.com\/wp-content\/uploads\/2024\/05\/image-608.png 1280w\" sizes=\"auto, (max-width: 1024px) 100vw, 1024px\" \/><\/figure>\n\n\n\n<figure class=\"wp-block-image size-large\"><img loading=\"lazy\" decoding=\"async\" width=\"1024\" height=\"682\" src=\"https:\/\/corrientesdetarde.com\/wp-content\/uploads\/2024\/05\/image-609-1024x682.png\" alt=\"\" class=\"wp-image-149708\" srcset=\"https:\/\/corrientesdetarde.com\/wp-content\/uploads\/2024\/05\/image-609-1024x682.png 1024w, https:\/\/corrientesdetarde.com\/wp-content\/uploads\/2024\/05\/image-609-300x200.png 300w, https:\/\/corrientesdetarde.com\/wp-content\/uploads\/2024\/05\/image-609-768x512.png 768w, https:\/\/corrientesdetarde.com\/wp-content\/uploads\/2024\/05\/image-609.png 1280w\" sizes=\"auto, (max-width: 1024px) 100vw, 1024px\" \/><\/figure>\n\n\n\n<figure class=\"wp-block-image size-large\"><img loading=\"lazy\" decoding=\"async\" width=\"1024\" height=\"682\" src=\"https:\/\/corrientesdetarde.com\/wp-content\/uploads\/2024\/05\/image-611-1024x682.png\" alt=\"\" class=\"wp-image-149710\" srcset=\"https:\/\/corrientesdetarde.com\/wp-content\/uploads\/2024\/05\/image-611-1024x682.png 1024w, https:\/\/corrientesdetarde.com\/wp-content\/uploads\/2024\/05\/image-611-300x200.png 300w, https:\/\/corrientesdetarde.com\/wp-content\/uploads\/2024\/05\/image-611-768x512.png 768w, https:\/\/corrientesdetarde.com\/wp-content\/uploads\/2024\/05\/image-611.png 1280w\" sizes=\"auto, (max-width: 1024px) 100vw, 1024px\" \/><\/figure>\n","protected":false},"excerpt":{"rendered":"<p>Organizada por el Gobierno de Corrientes a trav\u00e9s del Instituto de Cultura, este jueves abri\u00f3 sus puertas la sexta edici\u00f3n de la Feria de Arte Contempor\u00e1neo de Corrientes (ArteCo) en&hellip; <\/p>\n","protected":false},"author":8,"featured_media":149709,"comment_status":"closed","ping_status":"open","sticky":false,"template":"","format":"standard","meta":{"footnotes":""},"categories":[22],"tags":[],"class_list":["post-149701","post","type-post","status-publish","format-standard","has-post-thumbnail","hentry","category-eventos"],"_links":{"self":[{"href":"https:\/\/corrientesdetarde.com\/index.php\/wp-json\/wp\/v2\/posts\/149701","targetHints":{"allow":["GET"]}}],"collection":[{"href":"https:\/\/corrientesdetarde.com\/index.php\/wp-json\/wp\/v2\/posts"}],"about":[{"href":"https:\/\/corrientesdetarde.com\/index.php\/wp-json\/wp\/v2\/types\/post"}],"author":[{"embeddable":true,"href":"https:\/\/corrientesdetarde.com\/index.php\/wp-json\/wp\/v2\/users\/8"}],"replies":[{"embeddable":true,"href":"https:\/\/corrientesdetarde.com\/index.php\/wp-json\/wp\/v2\/comments?post=149701"}],"version-history":[{"count":1,"href":"https:\/\/corrientesdetarde.com\/index.php\/wp-json\/wp\/v2\/posts\/149701\/revisions"}],"predecessor-version":[{"id":149711,"href":"https:\/\/corrientesdetarde.com\/index.php\/wp-json\/wp\/v2\/posts\/149701\/revisions\/149711"}],"wp:featuredmedia":[{"embeddable":true,"href":"https:\/\/corrientesdetarde.com\/index.php\/wp-json\/wp\/v2\/media\/149709"}],"wp:attachment":[{"href":"https:\/\/corrientesdetarde.com\/index.php\/wp-json\/wp\/v2\/media?parent=149701"}],"wp:term":[{"taxonomy":"category","embeddable":true,"href":"https:\/\/corrientesdetarde.com\/index.php\/wp-json\/wp\/v2\/categories?post=149701"},{"taxonomy":"post_tag","embeddable":true,"href":"https:\/\/corrientesdetarde.com\/index.php\/wp-json\/wp\/v2\/tags?post=149701"}],"curies":[{"name":"wp","href":"https:\/\/api.w.org\/{rel}","templated":true}]}}