{"id":149784,"date":"2024-05-23T17:50:52","date_gmt":"2024-05-23T20:50:52","guid":{"rendered":"https:\/\/corrientesdetarde.com\/?p=149784"},"modified":"2024-05-23T17:51:41","modified_gmt":"2024-05-23T20:51:41","slug":"el-gobierno-desmintio-la-salida-de-su-jefe-de-gabinete-y-minimizo-la-baja-del-84-en-la-actividad-economica","status":"publish","type":"post","link":"https:\/\/corrientesdetarde.com\/index.php\/politica\/el-gobierno-desmintio-la-salida-de-su-jefe-de-gabinete-y-minimizo-la-baja-del-84-en-la-actividad-economica\/","title":{"rendered":"El Gobierno desminti\u00f3 la salida de su jefe de Gabinete y minimiz\u00f3 la baja del 8,4% en la actividad econ\u00f3mica"},"content":{"rendered":"\n<p><strong>Por Juan Pablo Peralta desde Casa Rosada<\/strong><\/p>\n\n\n\n<p>En Casa Rosada hubo reuni\u00f3n de Gabinete, que pese a los rumores sobre su renuncia, fue presidida por el ministro coordinador, Nicol\u00e1s Posse. No estuvieron presente el presidente Javier Milei, ni su hermana Karina, Secretaria General de la Presidencia de la Naci\u00f3n. En conferencia de prensa, Manuel Adorni hizo criticas a la oposici\u00f3n por las trabas que hay en la aprobaci\u00f3n de la Ley Bases y el paquete fiscal en el Senado. Tambi\u00e9n se\u00f1al\u00f3 que no habr\u00e1 llamado a los docentes, que realizan este jueves su tercer paro nacional, para reveer paritarias, porque se trata de un conflicto federal que cada provincia debe resolver.<\/p>\n\n\n\n<figure class=\"wp-block-embed is-type-video is-provider-youtube wp-block-embed-youtube wp-embed-aspect-16-9 wp-has-aspect-ratio\"><div class=\"wp-block-embed__wrapper\">\n<iframe loading=\"lazy\" title=\"El Gobierno neg\u00f3 la salida del jefe de Gabinete y minimiz\u00f3 la baja de 8,4% en la actividad econ\u00f3mica\" width=\"1110\" height=\"624\" src=\"https:\/\/www.youtube.com\/embed\/6svWYmU4IGs?feature=oembed\" frameborder=\"0\" allow=\"accelerometer; autoplay; clipboard-write; encrypted-media; gyroscope; picture-in-picture; web-share\" referrerpolicy=\"strict-origin-when-cross-origin\" allowfullscreen><\/iframe>\n<\/div><\/figure>\n\n\n\n<p>Luego de desmentir la salida de Posse, el vocero le baj\u00f3 el preci\u00f3 a la baja en la actividad econ\u00f3mica desde marzo, que fue del 8,4%, ya que manifest\u00f3 que el Gobierno tiene super\u00e1vit y por eso se da algunas liberalidades, como postergar aumentos tarifarios, que ser\u00edan un peso para el bolsillo de los argentinos. Asimismo, el funcionario aclar\u00f3 que no ser\u00e1 candidato a nada en 2025 porque est\u00e1 involucrado en la gesti\u00f3n. Por ultimo, Adorni manifest\u00f3, luego de una requisitoria period\u00edstica, que cuando tenga el dato sobre los costos del \u00faltimo viaje del jefe de Estado a Espa\u00f1a los dar\u00e1 a conocer.<\/p>\n","protected":false},"excerpt":{"rendered":"<p>Por Juan Pablo Peralta desde Casa Rosada En Casa Rosada hubo reuni\u00f3n de Gabinete, que pese a los rumores sobre su renuncia, fue presidida por el ministro coordinador, Nicol\u00e1s Posse.&hellip; <\/p>\n","protected":false},"author":11,"featured_media":149786,"comment_status":"closed","ping_status":"open","sticky":false,"template":"","format":"standard","meta":{"footnotes":""},"categories":[10,3],"tags":[2043,1871,1481,336,2042,266],"class_list":["post-149784","post","type-post","status-publish","format-standard","has-post-thumbnail","hentry","category-nacionales","category-politica","tag-actividad-economica","tag-karina-milei","tag-ley-bases","tag-milei","tag-nicolas-posse","tag-renuncia"],"_links":{"self":[{"href":"https:\/\/corrientesdetarde.com\/index.php\/wp-json\/wp\/v2\/posts\/149784","targetHints":{"allow":["GET"]}}],"collection":[{"href":"https:\/\/corrientesdetarde.com\/index.php\/wp-json\/wp\/v2\/posts"}],"about":[{"href":"https:\/\/corrientesdetarde.com\/index.php\/wp-json\/wp\/v2\/types\/post"}],"author":[{"embeddable":true,"href":"https:\/\/corrientesdetarde.com\/index.php\/wp-json\/wp\/v2\/users\/11"}],"replies":[{"embeddable":true,"href":"https:\/\/corrientesdetarde.com\/index.php\/wp-json\/wp\/v2\/comments?post=149784"}],"version-history":[{"count":2,"href":"https:\/\/corrientesdetarde.com\/index.php\/wp-json\/wp\/v2\/posts\/149784\/revisions"}],"predecessor-version":[{"id":149788,"href":"https:\/\/corrientesdetarde.com\/index.php\/wp-json\/wp\/v2\/posts\/149784\/revisions\/149788"}],"wp:featuredmedia":[{"embeddable":true,"href":"https:\/\/corrientesdetarde.com\/index.php\/wp-json\/wp\/v2\/media\/149786"}],"wp:attachment":[{"href":"https:\/\/corrientesdetarde.com\/index.php\/wp-json\/wp\/v2\/media?parent=149784"}],"wp:term":[{"taxonomy":"category","embeddable":true,"href":"https:\/\/corrientesdetarde.com\/index.php\/wp-json\/wp\/v2\/categories?post=149784"},{"taxonomy":"post_tag","embeddable":true,"href":"https:\/\/corrientesdetarde.com\/index.php\/wp-json\/wp\/v2\/tags?post=149784"}],"curies":[{"name":"wp","href":"https:\/\/api.w.org\/{rel}","templated":true}]}}