{"id":149790,"date":"2024-05-23T20:26:21","date_gmt":"2024-05-23T23:26:21","guid":{"rendered":"https:\/\/corrientesdetarde.com\/?p=149790"},"modified":"2024-05-23T20:26:26","modified_gmt":"2024-05-23T23:26:26","slug":"fin-de-semana-con-fiestas-patrias-penas-y-actividades-deportivas","status":"publish","type":"post","link":"https:\/\/corrientesdetarde.com\/index.php\/eventossociedad\/fin-de-semana-con-fiestas-patrias-penas-y-actividades-deportivas\/","title":{"rendered":"Fin de semana con fiestas patrias, pe\u00f1as y actividades deportivas"},"content":{"rendered":"\n<p><em>La Municipalidad de Corrientes prepar\u00f3 distintas propuestas culturales y recreativas para el disfrute de los vecinos y quienes visiten la ciudad desde este viernes al domingo. Adem\u00e1s de los tradicionales festejos que se te\u00f1ir\u00e1n de celeste y blanco, se llevar\u00e1n adelante eventos musicales al aire libre, competencias de freestyle y maratones.<\/em><\/p>\n\n\n\n<p>Como parte de las actividades que cada fin de semana la Municipalidad de la ciudad de Corrientes pone a disposici\u00f3n de los vecinos y visitantes, desde el viernes y hasta el domingo se desarrollar\u00e1n propuestas culturales y deportivas en diferentes puntos de la ciudad con acceso totalmente libre y gratuito.<br><br>Para todo aquel que quiera llevarse un recuerdo o que desee regalar algo especial, hecho por manos correntinas, puede encontrar lo que busca en la Feria de Artesanos que tendr\u00e1 lugar este viernes, de 9 a 22, en la plaza Cabral, y como es habitual se trasladar\u00e1 el s\u00e1bado y domingo, en el mismo horario, a la avenida Costanera Sur y calle Las Heras.<\/p>\n\n\n\n<figure class=\"wp-block-image size-large\"><img loading=\"lazy\" decoding=\"async\" width=\"1024\" height=\"682\" src=\"https:\/\/corrientesdetarde.com\/wp-content\/uploads\/2024\/05\/image-634-1024x682.png\" alt=\"\" class=\"wp-image-149798\" srcset=\"https:\/\/corrientesdetarde.com\/wp-content\/uploads\/2024\/05\/image-634-1024x682.png 1024w, https:\/\/corrientesdetarde.com\/wp-content\/uploads\/2024\/05\/image-634-300x200.png 300w, https:\/\/corrientesdetarde.com\/wp-content\/uploads\/2024\/05\/image-634-768x512.png 768w, https:\/\/corrientesdetarde.com\/wp-content\/uploads\/2024\/05\/image-634.png 1280w\" sizes=\"auto, (max-width: 1024px) 100vw, 1024px\" \/><\/figure>\n\n\n\n<p><br><br>De 8 a 9,30, se desarrollar\u00e1 un nuevo encuentro de Golf Croquet con adultos mayores en el parque Camba Cu\u00e1 (San Luis y 9 de Julio).<br><br>A partir de las 10 en el CDI &#8216;Mita\u00ed Roga&#8217; del barrio Laguna Seca (Pit\u00e1goras y Las Piedras) se llevar\u00e1 adelante el acto patrio por el 25 de mayo.<br><br>En tanto que, desde las 17, se desarrollar\u00e1 la tradicional competencia de freestyle y rap \u2018VDF&#8217; de Crew Corrientes en la plazoleta Casco (25 de mayo y Mendoza).<br><br>Asimismo, del viernes hasta el domingo, de 14 a 22, se desarrolla en el puerto (Av. Juan de Vera y Mendoza) la sexta edici\u00f3n de la Feria de Arte Contempor\u00e1nea de Corrientes (ArteCo). Un evento organizado por el Gobierno de la Provincia, que re\u00fane a m\u00e1s de 500 artistas locales y de distintos puntos del pa\u00eds, ofreciendo al p\u00fablico exposiciones, charlas, presentaciones de libro, acciones perform\u00e1ticas y festivales.<br><br>EXPO Y DEPORTES<br><br>El s\u00e1bado 25 de mayo en el Club San Patricio (Ruta 12) se desarrollar\u00e1 un encuentro de Rugby Infantil, de 8.30 a 13, con la participaci\u00f3n de m\u00e1s de 700 ni\u00f1os y ni\u00f1as de diferentes clubes de la ciudad.<br><br>En el parque Camba Cu\u00e1 (San Luis y 9 de Julio), de 16 a 20, tendr\u00e1 lugar la feria patria \u201cExpo Vecinos\u201d. En la oportunidad habr\u00e1 m\u00e1s de 30 emprendedores representando a distintos barrios de la ciudad.<br><br>Una vez m\u00e1s, Uniendo Playas \u201cTraves\u00eda en Kayak\u201d se llevar\u00e1 adelante, de 16 a 19, y tendr\u00e1 como punto de encuentro la avenida Costanera Juan Pablo II y General Paz. Todos los s\u00e1bados de mayo se est\u00e1 realizando esta traves\u00eda en kayak, con el fin de generar una conexi\u00f3n con la naturaleza con el hermoso paisaje visto desde el r\u00edo Paran\u00e1 pasando por las siete puntas de Corrientes, y disfrutando de un atardecer maravilloso.<br><br>Asimismo, de 16 a 20, en el barrio Santa Catalina (Abelardo Dimotta esquina Ram\u00f3n Sixto R\u00edos) se desarrollar\u00e1 una nueva Marat\u00f3n Barrial, en esta oportunidad te\u00f1ida de celeste y blanco. La propuesta consiste en carreras adaptadas, para todas las edades, tanto para ni\u00f1os, adultos mayores y personas con discapacidad que reci\u00e9n inician en la actividad como tambi\u00e9n para quienes compiten en circuitos locales.<br><br>Como siempre, se dividen en dos distancias: 2 y 6 kil\u00f3metros, participativa y competitiva, respectivamente. La acreditaci\u00f3n ser\u00e1 de 14 a 15.45 y las largadas ser\u00e1n para los participantes de 2 kil\u00f3metros, a las 16, y los de 6 kil\u00f3metros, a las 16.25, dando lugar luego a la premiaci\u00f3n que se llevar\u00e1 adelante a partir de las 17.15.<br><br>A partir de las 16, en la playa Arazaty (play\u00f3n bajo el puente) tendr\u00e1 lugar una nueva edici\u00f3n de \u201cMuni Sunset\u201d, con la presentaci\u00f3n de los Djs Ale Maid y Mama Sound.<br><br>Por otra parte, desde las 17, en la plazoleta Casco (25 de Mayo y Mendoza) se realizar\u00e1 una competencia de freestyle y rap &#8216;Shaolin Steezy&#8217; en el marco de Crew Corrientes.<br><br>El domingo 26 de mayo en la rotonda plaza Espa\u00f1a (Av. Pujol y Carlos Pellegrini), desde las 19, se realizar\u00e1 el aniversario de la Pe\u00f1a Oficial de la Ciudad, que se vestir\u00e1 de celeste y blanca gracias al desfile de agrupaciones y academias folkl\u00f3ricas. En esta oportunidad, se presentar\u00e1n el conjunto San Fernando, Gente de Ley, Jos\u00e9 \u00c1lvarez grupo, Los Zorzaleros, Bianca Almir\u00f3n, Ariel Gauna y su nueva propuesta, La Savia y un gran Peric\u00f3n Patrio.<\/p>\n\n\n\n<figure class=\"wp-block-image size-large\"><img loading=\"lazy\" decoding=\"async\" width=\"819\" height=\"1024\" src=\"https:\/\/corrientesdetarde.com\/wp-content\/uploads\/2024\/05\/image-631-819x1024.png\" alt=\"\" class=\"wp-image-149795\" srcset=\"https:\/\/corrientesdetarde.com\/wp-content\/uploads\/2024\/05\/image-631-819x1024.png 819w, https:\/\/corrientesdetarde.com\/wp-content\/uploads\/2024\/05\/image-631-240x300.png 240w, https:\/\/corrientesdetarde.com\/wp-content\/uploads\/2024\/05\/image-631-768x960.png 768w, https:\/\/corrientesdetarde.com\/wp-content\/uploads\/2024\/05\/image-631.png 1024w\" sizes=\"auto, (max-width: 819px) 100vw, 819px\" \/><\/figure>\n\n\n\n<figure class=\"wp-block-image size-large\"><img loading=\"lazy\" decoding=\"async\" width=\"819\" height=\"1024\" src=\"https:\/\/corrientesdetarde.com\/wp-content\/uploads\/2024\/05\/image-632-819x1024.png\" alt=\"\" class=\"wp-image-149796\" srcset=\"https:\/\/corrientesdetarde.com\/wp-content\/uploads\/2024\/05\/image-632-819x1024.png 819w, https:\/\/corrientesdetarde.com\/wp-content\/uploads\/2024\/05\/image-632-240x300.png 240w, https:\/\/corrientesdetarde.com\/wp-content\/uploads\/2024\/05\/image-632-768x960.png 768w, https:\/\/corrientesdetarde.com\/wp-content\/uploads\/2024\/05\/image-632.png 1024w\" sizes=\"auto, (max-width: 819px) 100vw, 819px\" \/><\/figure>\n\n\n\n<figure class=\"wp-block-image size-large\"><img loading=\"lazy\" decoding=\"async\" width=\"819\" height=\"1024\" src=\"https:\/\/corrientesdetarde.com\/wp-content\/uploads\/2024\/05\/image-633-819x1024.png\" alt=\"\" class=\"wp-image-149797\" srcset=\"https:\/\/corrientesdetarde.com\/wp-content\/uploads\/2024\/05\/image-633-819x1024.png 819w, https:\/\/corrientesdetarde.com\/wp-content\/uploads\/2024\/05\/image-633-240x300.png 240w, https:\/\/corrientesdetarde.com\/wp-content\/uploads\/2024\/05\/image-633-768x960.png 768w, https:\/\/corrientesdetarde.com\/wp-content\/uploads\/2024\/05\/image-633.png 1024w\" sizes=\"auto, (max-width: 819px) 100vw, 819px\" \/><\/figure>\n","protected":false},"excerpt":{"rendered":"<p>La Municipalidad de Corrientes prepar\u00f3 distintas propuestas culturales y recreativas para el disfrute de los vecinos y quienes visiten la ciudad desde este viernes al domingo. Adem\u00e1s de los tradicionales&hellip; <\/p>\n","protected":false},"author":1,"featured_media":149799,"comment_status":"closed","ping_status":"open","sticky":false,"template":"","format":"standard","meta":{"footnotes":""},"categories":[1208],"tags":[],"class_list":["post-149790","post","type-post","status-publish","format-standard","has-post-thumbnail","hentry","category-eventossociedad"],"_links":{"self":[{"href":"https:\/\/corrientesdetarde.com\/index.php\/wp-json\/wp\/v2\/posts\/149790","targetHints":{"allow":["GET"]}}],"collection":[{"href":"https:\/\/corrientesdetarde.com\/index.php\/wp-json\/wp\/v2\/posts"}],"about":[{"href":"https:\/\/corrientesdetarde.com\/index.php\/wp-json\/wp\/v2\/types\/post"}],"author":[{"embeddable":true,"href":"https:\/\/corrientesdetarde.com\/index.php\/wp-json\/wp\/v2\/users\/1"}],"replies":[{"embeddable":true,"href":"https:\/\/corrientesdetarde.com\/index.php\/wp-json\/wp\/v2\/comments?post=149790"}],"version-history":[{"count":1,"href":"https:\/\/corrientesdetarde.com\/index.php\/wp-json\/wp\/v2\/posts\/149790\/revisions"}],"predecessor-version":[{"id":149800,"href":"https:\/\/corrientesdetarde.com\/index.php\/wp-json\/wp\/v2\/posts\/149790\/revisions\/149800"}],"wp:featuredmedia":[{"embeddable":true,"href":"https:\/\/corrientesdetarde.com\/index.php\/wp-json\/wp\/v2\/media\/149799"}],"wp:attachment":[{"href":"https:\/\/corrientesdetarde.com\/index.php\/wp-json\/wp\/v2\/media?parent=149790"}],"wp:term":[{"taxonomy":"category","embeddable":true,"href":"https:\/\/corrientesdetarde.com\/index.php\/wp-json\/wp\/v2\/categories?post=149790"},{"taxonomy":"post_tag","embeddable":true,"href":"https:\/\/corrientesdetarde.com\/index.php\/wp-json\/wp\/v2\/tags?post=149790"}],"curies":[{"name":"wp","href":"https:\/\/api.w.org\/{rel}","templated":true}]}}