{"id":149791,"date":"2024-05-23T20:22:29","date_gmt":"2024-05-23T23:22:29","guid":{"rendered":"https:\/\/corrientesdetarde.com\/?p=149791"},"modified":"2024-05-23T20:22:33","modified_gmt":"2024-05-23T23:22:33","slug":"con-la-muestra-alma-azul-de-norma-capponcelli-la-legislatura-se-suma-a-arteco","status":"publish","type":"post","link":"https:\/\/corrientesdetarde.com\/index.php\/cultura\/con-la-muestra-alma-azul-de-norma-capponcelli-la-legislatura-se-suma-a-arteco\/","title":{"rendered":"Con la Muestra \u201cAlma Azul\u201d de Norma Capponcelli, la Legislatura se suma a ArteCo"},"content":{"rendered":"\n<p>Sal\u00f3n de los Pasos Perdidos<br><br>En el marco de la 6ta.edici\u00f3n de ArteCo, Feria de Arte Contempor\u00e1neo de Corrientes, el Instituto de Cultura de la Provincia y el Vicegobernador Pedro Braillard Poccard, dejar\u00e1n inaugurada la muestra \u201cAlma azul\u201d de la artista Norma Capponcelli, en el Sal\u00f3n de los Pasos Perdidos de la Legislatura Provincial, el viernes 24 de Mayo a las 12.00 hs.<br>La muestra, re\u00fane un conjunto de obras y objetos sobre los que Capponcelli dice: \u201cNacemos con algo que nos hace pensar y sentir. Es la esencia intangible del ser humano. Nos habita y nos define. Es clara y directa en los primeros a\u00f1os de nuestra existencia. La sociedad y la cultura ser\u00e1n las que terminar\u00e1n de determinar esa individualidad y esa humanidad\u201d. La curadora, Marcela Bernardi, agrega: \u201cLos azules profundos nos adentran en la dimensi\u00f3n del cielo y la calma. Es el marco inmersivo y seguro donde la composici\u00f3n esc\u00e9nica se va desarrollando a trav\u00e9s de sus personajes, siempre presentes en sus relatos como testigos casi ausentes unas veces y otras como actores principales, que vociferan su verdad.\u201d<br>La sala de exposiciones de la Legislatura, ha sido elegida por tercer a\u00f1o consecutivo para albergar la obra del artista reconocido por ArteCo. En la primera oportunidad se expuso obra de Catalina Chervin, el a\u00f1o pasado fue Beatriz Moreiro, y este a\u00f1o recibe la obra de Norma Capponcelli, nacida en C\u00f3rdoba, que ha desarrollado su vida y obra en nuestra provincia desde hace m\u00e1s de 50 a\u00f1os.<br>La exposici\u00f3n estar\u00e1 habilitada desde el 24 de mayo hasta fines de junio, de lunes a viernes de 8 a 20 hs. con acceso libre y gratuito, en el Sal\u00f3n de los Pasos Perdidos de la Legislatura Provincial, ubicada en Salta 545, de la ciudad de Corrientes.<\/p>\n\n\n\n<figure class=\"wp-block-image size-large\"><img loading=\"lazy\" decoding=\"async\" width=\"865\" height=\"1024\" src=\"https:\/\/corrientesdetarde.com\/wp-content\/uploads\/2024\/05\/WhatsApp-Image-2024-05-23-at-17.08.57_85407f2f-865x1024.jpg\" alt=\"\" class=\"wp-image-149793\" srcset=\"https:\/\/corrientesdetarde.com\/wp-content\/uploads\/2024\/05\/WhatsApp-Image-2024-05-23-at-17.08.57_85407f2f-865x1024.jpg 865w, https:\/\/corrientesdetarde.com\/wp-content\/uploads\/2024\/05\/WhatsApp-Image-2024-05-23-at-17.08.57_85407f2f-254x300.jpg 254w, https:\/\/corrientesdetarde.com\/wp-content\/uploads\/2024\/05\/WhatsApp-Image-2024-05-23-at-17.08.57_85407f2f-768x909.jpg 768w, https:\/\/corrientesdetarde.com\/wp-content\/uploads\/2024\/05\/WhatsApp-Image-2024-05-23-at-17.08.57_85407f2f-1298x1536.jpg 1298w, https:\/\/corrientesdetarde.com\/wp-content\/uploads\/2024\/05\/WhatsApp-Image-2024-05-23-at-17.08.57_85407f2f.jpg 1326w\" sizes=\"auto, (max-width: 865px) 100vw, 865px\" \/><\/figure>\n\n\n<div class=\"wp-block-image\">\n<figure class=\"aligncenter size-large\"><img loading=\"lazy\" decoding=\"async\" width=\"576\" height=\"1024\" src=\"https:\/\/corrientesdetarde.com\/wp-content\/uploads\/2024\/05\/WhatsApp-Image-2024-05-23-at-17.08.30_20b4e33e-576x1024.jpg\" alt=\"\" class=\"wp-image-149792\" srcset=\"https:\/\/corrientesdetarde.com\/wp-content\/uploads\/2024\/05\/WhatsApp-Image-2024-05-23-at-17.08.30_20b4e33e-576x1024.jpg 576w, https:\/\/corrientesdetarde.com\/wp-content\/uploads\/2024\/05\/WhatsApp-Image-2024-05-23-at-17.08.30_20b4e33e-169x300.jpg 169w, https:\/\/corrientesdetarde.com\/wp-content\/uploads\/2024\/05\/WhatsApp-Image-2024-05-23-at-17.08.30_20b4e33e.jpg 720w\" sizes=\"auto, (max-width: 576px) 100vw, 576px\" \/><\/figure>\n<\/div>","protected":false},"excerpt":{"rendered":"<p>Sal\u00f3n de los Pasos Perdidos En el marco de la 6ta.edici\u00f3n de ArteCo, Feria de Arte Contempor\u00e1neo de Corrientes, el Instituto de Cultura de la Provincia y el Vicegobernador Pedro&hellip; <\/p>\n","protected":false},"author":1,"featured_media":149793,"comment_status":"closed","ping_status":"open","sticky":false,"template":"","format":"standard","meta":{"footnotes":""},"categories":[15,1208],"tags":[],"class_list":["post-149791","post","type-post","status-publish","format-standard","has-post-thumbnail","hentry","category-cultura","category-eventossociedad"],"_links":{"self":[{"href":"https:\/\/corrientesdetarde.com\/index.php\/wp-json\/wp\/v2\/posts\/149791","targetHints":{"allow":["GET"]}}],"collection":[{"href":"https:\/\/corrientesdetarde.com\/index.php\/wp-json\/wp\/v2\/posts"}],"about":[{"href":"https:\/\/corrientesdetarde.com\/index.php\/wp-json\/wp\/v2\/types\/post"}],"author":[{"embeddable":true,"href":"https:\/\/corrientesdetarde.com\/index.php\/wp-json\/wp\/v2\/users\/1"}],"replies":[{"embeddable":true,"href":"https:\/\/corrientesdetarde.com\/index.php\/wp-json\/wp\/v2\/comments?post=149791"}],"version-history":[{"count":1,"href":"https:\/\/corrientesdetarde.com\/index.php\/wp-json\/wp\/v2\/posts\/149791\/revisions"}],"predecessor-version":[{"id":149794,"href":"https:\/\/corrientesdetarde.com\/index.php\/wp-json\/wp\/v2\/posts\/149791\/revisions\/149794"}],"wp:featuredmedia":[{"embeddable":true,"href":"https:\/\/corrientesdetarde.com\/index.php\/wp-json\/wp\/v2\/media\/149793"}],"wp:attachment":[{"href":"https:\/\/corrientesdetarde.com\/index.php\/wp-json\/wp\/v2\/media?parent=149791"}],"wp:term":[{"taxonomy":"category","embeddable":true,"href":"https:\/\/corrientesdetarde.com\/index.php\/wp-json\/wp\/v2\/categories?post=149791"},{"taxonomy":"post_tag","embeddable":true,"href":"https:\/\/corrientesdetarde.com\/index.php\/wp-json\/wp\/v2\/tags?post=149791"}],"curies":[{"name":"wp","href":"https:\/\/api.w.org\/{rel}","templated":true}]}}