{"id":150022,"date":"2024-05-25T01:10:34","date_gmt":"2024-05-25T04:10:34","guid":{"rendered":"https:\/\/corrientesdetarde.com\/?p=150022"},"modified":"2024-05-25T01:10:50","modified_gmt":"2024-05-25T04:10:50","slug":"en-tedeum-evangelico-valdes-revalorizo-la-importancia-de-trabajar-por-los-correntinos","status":"publish","type":"post","link":"https:\/\/corrientesdetarde.com\/index.php\/locales\/en-tedeum-evangelico-valdes-revalorizo-la-importancia-de-trabajar-por-los-correntinos\/","title":{"rendered":"En Tedeum evang\u00e9lico, Vald\u00e9s revaloriz\u00f3 la importancia de trabajar por los correntinos"},"content":{"rendered":"\n<p>El gobernador Gustavo Vald\u00e9s, particip\u00f3 este viernes del Tedeum evang\u00e9lico en la Iglesia \u201cJes\u00fas Vive\u201d de Capital, en las v\u00edsperas de la Revoluci\u00f3n de Mayo que conmemorar\u00e1 el 214\u00b0 aniversario este 25 de mayo. All\u00ed se comprometi\u00f3 a brindar respaldo y a otorgar inmuebles a la comunidad de Invasi\u00f3n del Amor y a los \u00c1ngeles del Puente para &#8220;seguir dando amor al pr\u00f3jimo&#8221;.<\/p>\n\n\n\n<figure class=\"wp-block-image size-large\"><img loading=\"lazy\" decoding=\"async\" width=\"1024\" height=\"681\" src=\"https:\/\/corrientesdetarde.com\/wp-content\/uploads\/2024\/05\/image-656-1024x681.png\" alt=\"\" class=\"wp-image-150023\" srcset=\"https:\/\/corrientesdetarde.com\/wp-content\/uploads\/2024\/05\/image-656-1024x681.png 1024w, https:\/\/corrientesdetarde.com\/wp-content\/uploads\/2024\/05\/image-656-300x200.png 300w, https:\/\/corrientesdetarde.com\/wp-content\/uploads\/2024\/05\/image-656-768x511.png 768w, https:\/\/corrientesdetarde.com\/wp-content\/uploads\/2024\/05\/image-656.png 1362w\" sizes=\"auto, (max-width: 1024px) 100vw, 1024px\" \/><\/figure>\n\n\n\n<p>Al emitir su alocuci\u00f3n ante los presentes, Vald\u00e9s dijo que \u201ccada vez que estamos ac\u00e1, en este agradecimiento a Dios por nuestra libertad que en definitiva venimos a hacer, siempre reflexionamos en que consiste la libertad\u201d luego manifest\u00f3 en referencia al 25 de mayo que \u201cpensamos en la libertad que, en esta fecha, pero \u00fanicamente al estado, nunca pensamos en la libertad en relaci\u00f3n al individuo\u201d.<\/p>\n\n\n\n<p>\u201cPero tambi\u00e9n tenemos que pensar que la libertad no es que solamente hagamos lo que nosotros queramos, que yo tengo esa libertad como estado y tengo que hacer lo que exactamente yo quiero, pero est\u00e1 bien gobernarme como yo quiero\u201d expres\u00f3 el Gobernador y a la vez recalc\u00f3 que \u201cpero tenemos componentes, esa libertad individual que nosotros hoy la proclamamos, tambi\u00e9n implica tener responsabilidad, no todos podemos hacer con la libertad lo que nosotros queremos, tenemos que tener una organizaci\u00f3n, un forma, un modo y cuando pensamos el libertad individual, tambi\u00e9n tenemos que pensar que la libertad tiene que estar guiada por los valores, por los valores por ejemplo, que tiene que ver con el pr\u00f3jimo, qu\u00e9 podemos hacer con el otro, y hoy se dijeron muchas cosas ac\u00e1, que por primera vez yo estoy viendo que nosotros tenemos en esta libertad, un valor, el valor de poder querer y responsabilizarme por el otro\u201d.<\/p>\n\n\n\n<figure class=\"wp-block-image size-large\"><img loading=\"lazy\" decoding=\"async\" width=\"1024\" height=\"686\" src=\"https:\/\/corrientesdetarde.com\/wp-content\/uploads\/2024\/05\/image-657-1024x686.png\" alt=\"\" class=\"wp-image-150024\" srcset=\"https:\/\/corrientesdetarde.com\/wp-content\/uploads\/2024\/05\/image-657-1024x686.png 1024w, https:\/\/corrientesdetarde.com\/wp-content\/uploads\/2024\/05\/image-657-300x201.png 300w, https:\/\/corrientesdetarde.com\/wp-content\/uploads\/2024\/05\/image-657-768x515.png 768w, https:\/\/corrientesdetarde.com\/wp-content\/uploads\/2024\/05\/image-657.png 1350w\" sizes=\"auto, (max-width: 1024px) 100vw, 1024px\" \/><\/figure>\n\n\n\n<p>Con respecto a esto \u00faltimo, Vald\u00e9s remarc\u00f3 que \u201ccuando nosotros tengamos una persona que est\u00e9 perdida nosotros le tenemos que entregar nuestro coraz\u00f3n, porque a nosotros lo que nos gu\u00eda es el Amor, lo que ustedes hacen con la invasi\u00f3n del amor\u201d y a\u00f1adi\u00f3 que \u201clo que hacen los \u00e1ngeles del puente es invadirnos con amor, con solidaridad, con trabajo, con entrega, as\u00ed a nosotros, esa fuerza que nos dan con la oraci\u00f3n, nosotros la tenemos que traducir y acompa\u00f1ar a ese Amor y eso implica un acto de elecci\u00f3n, implica un acto de libertad, elegimos ser as\u00ed, creemos que podemos estar en nuestra casa o haciendo nada o elegimos trabajar por el otro\u201d.<\/p>\n\n\n\n<figure class=\"wp-block-image size-large\"><img loading=\"lazy\" decoding=\"async\" width=\"1024\" height=\"689\" src=\"https:\/\/corrientesdetarde.com\/wp-content\/uploads\/2024\/05\/image-658-1024x689.png\" alt=\"\" class=\"wp-image-150025\" srcset=\"https:\/\/corrientesdetarde.com\/wp-content\/uploads\/2024\/05\/image-658-1024x689.png 1024w, https:\/\/corrientesdetarde.com\/wp-content\/uploads\/2024\/05\/image-658-300x202.png 300w, https:\/\/corrientesdetarde.com\/wp-content\/uploads\/2024\/05\/image-658-768x517.png 768w, https:\/\/corrientesdetarde.com\/wp-content\/uploads\/2024\/05\/image-658.png 1335w\" sizes=\"auto, (max-width: 1024px) 100vw, 1024px\" \/><\/figure>\n\n\n\n<p>\u201cHoy habl\u00e1bamos de tener un prop\u00f3sito, yo creo que ustedes tienen ese prop\u00f3sito, y nosotros tambi\u00e9n estamos con un prop\u00f3sito que es justamente brindarle el camino para que ustedes coronen ese prop\u00f3sito que tienen como misi\u00f3n\u201d dijo el Primer mandatario de la provincia y agreg\u00f3 que \u201cestoy seguro as\u00ed en poco tiempo se fue sumando gente, y cada vez se va a ir sumando gente, se va a seguir creciendo, por esa fuerza del Amor y nosotros como estado, tenemos la obligaci\u00f3n de conducir para que ustedes logren ese prop\u00f3sito\u201d.<\/p>\n\n\n\n<p>Por \u00faltimo, Vald\u00e9s les expres\u00f3 a los presentes que \u201custedes est\u00e1n buscando un inmueble,, nosotros tenemos inmueble, y tal vez que lo pueden elegir para ese prop\u00f3sito, porque as\u00ed como nosotros estamos incluyendo un programa desde el estado provincial, que es un programa que se llama M\u00e1s Vida, que justamente tiene el mismo prop\u00f3sito, nosotros tenemos para donarle a los \u00c1ngeles, a esta Iglesia, a esta Comunidad, tambi\u00e9n un inmueble para que puedan cumplir ese prop\u00f3sito\u201d y para terminar les indic\u00f3 que \u201ces un inmueble que est\u00e1 en Paso de la Patria, y estaba destinado con ese prop\u00f3sito y nunca se utiliz\u00f3 porque comenzamos a ver lo mismo que ven ustedes, que la sociedad hoy necesita tener Amor, la sociedad necesita tener un prop\u00f3sito para vivir y que ustedes estoy seguro que le van a llenar de Amor a ese inmueble de trabajo y ah\u00ed va estar el trabajo de ustedes, la fuerza del estado y estoy seguro que vamos a coronar cada uno de esos prop\u00f3sitos y un 25 de mayo, nuevamente cuando estemos dentro de unos a\u00f1os nuevamente agradeciendo a Dios vamos a decir tenemos la libertad del Amor y la libertad de Amar al otro\u201d finaliz\u00f3. &nbsp;<\/p>\n\n\n\n<p>Estuvieron presentes acompa\u00f1ando al gobernador Vald\u00e9s, en la celebraci\u00f3n del Tedeum evang\u00e9lico de la Iglesia \u201cJes\u00fas Vive\u201d, el vicegobernador de la provincia, Pedro Braillard Poccard, la esposa del Gobernador, Cristina Garro, el intendente Eduardo Tassano, el viceintendente Emilio Lanari y legisladores provinciales. &nbsp;&nbsp;<\/p>\n","protected":false},"excerpt":{"rendered":"<p>El gobernador Gustavo Vald\u00e9s, particip\u00f3 este viernes del Tedeum evang\u00e9lico en la Iglesia \u201cJes\u00fas Vive\u201d de Capital, en las v\u00edsperas de la Revoluci\u00f3n de Mayo que conmemorar\u00e1 el 214\u00b0 aniversario&hellip; <\/p>\n","protected":false},"author":4,"featured_media":150026,"comment_status":"closed","ping_status":"open","sticky":false,"template":"","format":"standard","meta":{"footnotes":""},"categories":[8],"tags":[],"class_list":["post-150022","post","type-post","status-publish","format-standard","has-post-thumbnail","hentry","category-locales"],"_links":{"self":[{"href":"https:\/\/corrientesdetarde.com\/index.php\/wp-json\/wp\/v2\/posts\/150022","targetHints":{"allow":["GET"]}}],"collection":[{"href":"https:\/\/corrientesdetarde.com\/index.php\/wp-json\/wp\/v2\/posts"}],"about":[{"href":"https:\/\/corrientesdetarde.com\/index.php\/wp-json\/wp\/v2\/types\/post"}],"author":[{"embeddable":true,"href":"https:\/\/corrientesdetarde.com\/index.php\/wp-json\/wp\/v2\/users\/4"}],"replies":[{"embeddable":true,"href":"https:\/\/corrientesdetarde.com\/index.php\/wp-json\/wp\/v2\/comments?post=150022"}],"version-history":[{"count":1,"href":"https:\/\/corrientesdetarde.com\/index.php\/wp-json\/wp\/v2\/posts\/150022\/revisions"}],"predecessor-version":[{"id":150027,"href":"https:\/\/corrientesdetarde.com\/index.php\/wp-json\/wp\/v2\/posts\/150022\/revisions\/150027"}],"wp:featuredmedia":[{"embeddable":true,"href":"https:\/\/corrientesdetarde.com\/index.php\/wp-json\/wp\/v2\/media\/150026"}],"wp:attachment":[{"href":"https:\/\/corrientesdetarde.com\/index.php\/wp-json\/wp\/v2\/media?parent=150022"}],"wp:term":[{"taxonomy":"category","embeddable":true,"href":"https:\/\/corrientesdetarde.com\/index.php\/wp-json\/wp\/v2\/categories?post=150022"},{"taxonomy":"post_tag","embeddable":true,"href":"https:\/\/corrientesdetarde.com\/index.php\/wp-json\/wp\/v2\/tags?post=150022"}],"curies":[{"name":"wp","href":"https:\/\/api.w.org\/{rel}","templated":true}]}}