{"id":150028,"date":"2024-05-25T08:00:16","date_gmt":"2024-05-25T11:00:16","guid":{"rendered":"https:\/\/corrientesdetarde.com\/?p=150028"},"modified":"2024-05-25T08:00:20","modified_gmt":"2024-05-25T11:00:20","slug":"valdes-sobre-el-pacto-que-no-fue-hay-un-compromiso-por-la-patria","status":"publish","type":"post","link":"https:\/\/corrientesdetarde.com\/index.php\/politica\/valdes-sobre-el-pacto-que-no-fue-hay-un-compromiso-por-la-patria\/","title":{"rendered":"Vald\u00e9s, sobre el Pacto que no fue: &#8220;Hay un compromiso por la patria&#8221;"},"content":{"rendered":"\n<p>El Gobernador de Corrientes hizo alusi\u00f3n a la propuesta del Javier Milei de querer firmar este 25 de mayo un acuerdo con gobernadores en C\u00f3rdoba con 10 temas de pol\u00edtica de Estado, pero con la Ley Bases y el paquete fiscal aprobado en el Congreso, cosa que no sucedi\u00f3 hasta ahora.<\/p>\n\n\n\n<p>&#8220;Bueno, el compromiso es con todos, seguramente estaremos hablando de eso (el Pacto de Mayo que no fue) este 25 de mayo. Pero hay un compromiso de todos de poner el hombro para construir la patria&#8221;, dijo el gobernador Gustavo Vald\u00e9s al ser consultado por la prensa sobre la iniciativa lanzada por el propio presidente Javier Milei que esperaba concretarla este s\u00e1bado en C\u00f3rdoba, en los festejos patrios. Ahora, el Pacto de Mayo pasar\u00e1 para junio o julio, seg\u00fan se encarg\u00f3 de confirmar hace unos d\u00edas Milei.<\/p>\n\n\n\n<p>La intenci\u00f3n del Gobierno Nacional era firmar este 25 el Pacto de Mayo con los gobernadores y con los proyectos de Ley de Bases y el paquete fiscal aprobados ya en el Congreso. Avanzaron en Diputados, pero desde hace semanas est\u00e1 empantanado en el Senado por falta de consenso para el dictamen en comisiones. De esa manera, como ambos proyectos que desvelan al Gobierno, lleg\u00f3 la fecha patria y Milei no tuvo su Pacto.<\/p>\n\n\n\n<p>Vald\u00e9s apoy\u00f3 en su momento la iniciativa del Pacto a la par de las negociaciones en el Congreso. Pero la intenci\u00f3n siempre fue y es acompa\u00f1ar la iniciativa de Milei, pero con un consenso pleno y previo en las leyes solicitadas.<\/p>\n\n\n\n<p>Sin embargo, &#8220;no hay Pacto de Mayo porque no va a estar la Ley Bases. Se puede hacer el 20 de junio o el 9 julio. Quince d\u00edas m\u00e1s, menos, un mes m\u00e1s, no va a mover el amper\u00edmetro&#8221;, se\u00f1al\u00f3 el Presidente en una entrevista televisiva brindada esta semana.<\/p>\n\n\n\n<p>Por eso, todas las miradas estar\u00e1n puestas en lo que pase este 25 en la provincia de C\u00f3rdoba.<\/p>\n\n\n\n<p>Por si fuera poco hay toda un situaci\u00f3n candente en torno al gabinete de Milei, al quedarse sin Pacto de Mayo y con la Ley Bases frenada en el Senado. Es m\u00e1s, el Presidente no descart\u00f3 una posible salida de su jefe de Gabinete, Nicol\u00e1s Posse.<\/p>\n\n\n\n<figure class=\"wp-block-image\"><img decoding=\"async\" src=\"https:\/\/www.diarioepoca.com\/content\/bucket\/3\/1364463w380h397c.jpg.webp\" alt=\"\"\/><\/figure>\n\n\n\n<h2 class=\"wp-block-heading\">Vald\u00e9s: otros temas<\/h2>\n\n\n\n<p>En la v\u00edspera del 25 de mayo, Vald\u00e9s fue consultado en una rueda de prensa tras su recorrida por la Feria de Arte Contempor\u00e1neo de Corrientes (ArteCo), que se desarrolla hasta este domingo en el puerto capitalino.<\/p>\n\n\n\n<p>En la ocasi\u00f3n, tambi\u00e9n fue consultado sobre los aumentos de sueldos de los estatales provinciales y ratific\u00f3 que desde el mes que viene la suba ser\u00e1 superior al 10%.<\/p>\n\n\n\n<p>En este sentido, tambi\u00e9n asegur\u00f3: &#8220;Trabajamos para que los salarios de los estatales no pierdan contra la inflaci\u00f3n; trataremos de mantener lo que m\u00e1s podamos&#8221;.<\/p>\n\n\n\n<p>Sobre el conflicto de estatales de la vecina provincia de Misiones, Vald\u00e9s no quiso opinar. &#8220;Deben hablar los misioneros&#8221;, se\u00f1al\u00f3 al poner punto final al tema sin tratarlo.<\/p>\n\n\n\n<p>Por otra parte, el Mandatario fue consultado sobre si har\u00eda lo mismo que Milei en el Luna Park, el mi\u00e9rcoles \u00faltimo. Esto es, cantar y presentar un libro. Sobre lo primero dijo sonriendo: &#8220;No, no\u0085 soy un perro cantando\u0085&#8221;.<\/p>\n\n\n\n<p>En cuanto a escribir un libro dijo: &#8220;S\u00ed, lo har\u00eda alg\u00fan d\u00eda, porque hay mucho para contar. Pero m\u00e1s que nada exponer vivencias de lo mucho que pasamos. Hay cosas para dejarles a las futuras generaciones&#8221;, indic\u00f3.<\/p>\n\n\n\n<p>En este marco, anunci\u00f3: &#8220;Lo que s\u00ed estamos reeditando es un libro que me parece muy importante, que son las Memorias de Pedro Ferr\u00e9, que es la cuna del federalismo&#8221;, dijo. Y acentu\u00f3 luego: &#8220;Lo hacemos para que nadie nos cuente la historia, sino que nosotros la contemos&#8221;, concluy\u00f3.<\/p>\n\n\n\n<figure class=\"wp-block-image\"><img decoding=\"async\" src=\"https:\/\/www.diarioepoca.com\/content\/bucket\/5\/1364435w765h800c.jpg.webp\" alt=\"\"\/><\/figure>\n\n\n\n<h2 class=\"wp-block-heading\">Tedeum y &#8220;cabildo abierto&#8221; en C\u00f3rdoba&nbsp;<\/h2>\n\n\n\n<p>Con la suspensi\u00f3n del Pacto de Mayo debido a las demoras por la sanci\u00f3n de la Ley Bases en la C\u00e1mara de Senadores, el Gobierno se vio obligado a repensar la din\u00e1mica del acto del 25. As\u00ed las cosas, Javier Milei celebrar\u00e1 un acto propio en el Cabildo de la provincia de C\u00f3rdoba, que aspira a que sea masivo.<\/p>\n\n\n\n<p>La Oficina del Presidente de la Rep\u00fablica Argentina (OPRA) comunic\u00f3 el martes por la noche que el Mandatario &#8220;se har\u00e1 presente en la Ciudad de C\u00f3rdoba, \u0091La Docta\u0092, coraz\u00f3n productivo de nuestra Naci\u00f3n, para celebrar los 214 a\u00f1os de la Revoluci\u00f3n de Mayo junto al pueblo argentino&#8221;, en lo que ser\u00e1 &#8220;un nuevo Cabildo Abierto este 25 de mayo&#8221;.<\/p>\n\n\n\n<p>En ese sentido, el Gobierno convoc\u00f3 a la ciudadan\u00eda a asistir al acto que encabezar\u00e1 Milei en el que se celebrar\u00e1 &#8220;el inicio del proceso que result\u00f3 en la Independencia argentina, la destituci\u00f3n del virrey Baltasar Hidalgo de Cisneros y la jura de la Primera Junta de Gobierno de las Provincias Unidas del R\u00edo de la Plata&#8221;.<\/p>\n\n\n\n<p>En Balcarce 50 dijeron que la idea es realizar una suerte de &#8220;cabildo abierto&#8221; a la ciudadan\u00eda.<\/p>\n","protected":false},"excerpt":{"rendered":"<p>El Gobernador de Corrientes hizo alusi\u00f3n a la propuesta del Javier Milei de querer firmar este 25 de mayo un acuerdo con gobernadores en C\u00f3rdoba con 10 temas de pol\u00edtica&hellip; <\/p>\n","protected":false},"author":3,"featured_media":150029,"comment_status":"closed","ping_status":"open","sticky":false,"template":"","format":"standard","meta":{"footnotes":""},"categories":[3],"tags":[],"class_list":["post-150028","post","type-post","status-publish","format-standard","has-post-thumbnail","hentry","category-politica"],"_links":{"self":[{"href":"https:\/\/corrientesdetarde.com\/index.php\/wp-json\/wp\/v2\/posts\/150028","targetHints":{"allow":["GET"]}}],"collection":[{"href":"https:\/\/corrientesdetarde.com\/index.php\/wp-json\/wp\/v2\/posts"}],"about":[{"href":"https:\/\/corrientesdetarde.com\/index.php\/wp-json\/wp\/v2\/types\/post"}],"author":[{"embeddable":true,"href":"https:\/\/corrientesdetarde.com\/index.php\/wp-json\/wp\/v2\/users\/3"}],"replies":[{"embeddable":true,"href":"https:\/\/corrientesdetarde.com\/index.php\/wp-json\/wp\/v2\/comments?post=150028"}],"version-history":[{"count":1,"href":"https:\/\/corrientesdetarde.com\/index.php\/wp-json\/wp\/v2\/posts\/150028\/revisions"}],"predecessor-version":[{"id":150037,"href":"https:\/\/corrientesdetarde.com\/index.php\/wp-json\/wp\/v2\/posts\/150028\/revisions\/150037"}],"wp:featuredmedia":[{"embeddable":true,"href":"https:\/\/corrientesdetarde.com\/index.php\/wp-json\/wp\/v2\/media\/150029"}],"wp:attachment":[{"href":"https:\/\/corrientesdetarde.com\/index.php\/wp-json\/wp\/v2\/media?parent=150028"}],"wp:term":[{"taxonomy":"category","embeddable":true,"href":"https:\/\/corrientesdetarde.com\/index.php\/wp-json\/wp\/v2\/categories?post=150028"},{"taxonomy":"post_tag","embeddable":true,"href":"https:\/\/corrientesdetarde.com\/index.php\/wp-json\/wp\/v2\/tags?post=150028"}],"curies":[{"name":"wp","href":"https:\/\/api.w.org\/{rel}","templated":true}]}}