{"id":15008,"date":"2022-10-27T10:51:22","date_gmt":"2022-10-27T13:51:22","guid":{"rendered":"https:\/\/corrientesdetarde.com\/?p=15008"},"modified":"2022-10-27T10:51:25","modified_gmt":"2022-10-27T13:51:25","slug":"caso-chirino-estamos-destrozados-cada-dia-que-pasa-es-peor","status":"publish","type":"post","link":"https:\/\/corrientesdetarde.com\/index.php\/sociales\/caso-chirino-estamos-destrozados-cada-dia-que-pasa-es-peor\/","title":{"rendered":"Caso Chirino: &#8220;Estamos destrozados, cada d\u00eda que pasa es peor&#8221;"},"content":{"rendered":"\n<p>En di\u00e1logo con una emisora local, el padre de Mat\u00edas, el joven que muri\u00f3 en una especie de\u00a0 &#8216;ritual de iniciaci\u00f3n&#8217; del Ej\u00e9rcito en Paso de los Libres, alert\u00f3\u00a0 sobre la situaci\u00f3n de los\u00a0 imputados. Pidi\u00f3 celeridad en la causa para evitar que estos se fuguen.\u00a0<\/p>\n\n\n\n<p>Pasaron un poco m\u00e1s de 4 meses de la tr\u00e1gica muerte de Mat\u00edas Chirino. En la causa hay 9 imputados pero la familia teme se fuguen del pa\u00eds.&nbsp;<\/p>\n\n\n\n<p>&#8220;Estamos destrozados, cada d\u00eda que pasa es peor. No podemos creer que 9 s\u00e1dicos oficiales la vida de mi hijo&#8221; expres\u00f3 conmovido Exequiel Chirino, padre del joven que muri\u00f3 en Paso de los Libres tras una especie de &#8220;rito de iniciaci\u00f3n&#8221;.&nbsp;<\/p>\n\n\n\n<p>Detall\u00f3 que &#8220;Ayer declararon dos de los imputados, est\u00e1 en manos de la Justicia&#8221;. Adem\u00e1s agreg\u00f3 que constantemente recibe informaci\u00f3n de que Mart\u00ednez (uno de los imputados) &#8220;trabaja como remis y cruza constantemente la frontera&#8221;. Por esta raz\u00f3n pidi\u00f3 celeridad en la causa, as\u00ed los responsables puedan ser juzgados.<\/p>\n","protected":false},"excerpt":{"rendered":"<p>En di\u00e1logo con una emisora local, el padre de Mat\u00edas, el joven que muri\u00f3 en una especie de\u00a0 &#8216;ritual de iniciaci\u00f3n&#8217; del Ej\u00e9rcito en Paso de los Libres, alert\u00f3\u00a0 sobre&hellip; <\/p>\n","protected":false},"author":4,"featured_media":15009,"comment_status":"closed","ping_status":"open","sticky":false,"template":"","format":"standard","meta":{"footnotes":""},"categories":[17],"tags":[],"class_list":["post-15008","post","type-post","status-publish","format-standard","has-post-thumbnail","hentry","category-sociales"],"_links":{"self":[{"href":"https:\/\/corrientesdetarde.com\/index.php\/wp-json\/wp\/v2\/posts\/15008","targetHints":{"allow":["GET"]}}],"collection":[{"href":"https:\/\/corrientesdetarde.com\/index.php\/wp-json\/wp\/v2\/posts"}],"about":[{"href":"https:\/\/corrientesdetarde.com\/index.php\/wp-json\/wp\/v2\/types\/post"}],"author":[{"embeddable":true,"href":"https:\/\/corrientesdetarde.com\/index.php\/wp-json\/wp\/v2\/users\/4"}],"replies":[{"embeddable":true,"href":"https:\/\/corrientesdetarde.com\/index.php\/wp-json\/wp\/v2\/comments?post=15008"}],"version-history":[{"count":1,"href":"https:\/\/corrientesdetarde.com\/index.php\/wp-json\/wp\/v2\/posts\/15008\/revisions"}],"predecessor-version":[{"id":15010,"href":"https:\/\/corrientesdetarde.com\/index.php\/wp-json\/wp\/v2\/posts\/15008\/revisions\/15010"}],"wp:featuredmedia":[{"embeddable":true,"href":"https:\/\/corrientesdetarde.com\/index.php\/wp-json\/wp\/v2\/media\/15009"}],"wp:attachment":[{"href":"https:\/\/corrientesdetarde.com\/index.php\/wp-json\/wp\/v2\/media?parent=15008"}],"wp:term":[{"taxonomy":"category","embeddable":true,"href":"https:\/\/corrientesdetarde.com\/index.php\/wp-json\/wp\/v2\/categories?post=15008"},{"taxonomy":"post_tag","embeddable":true,"href":"https:\/\/corrientesdetarde.com\/index.php\/wp-json\/wp\/v2\/tags?post=15008"}],"curies":[{"name":"wp","href":"https:\/\/api.w.org\/{rel}","templated":true}]}}