{"id":150084,"date":"2024-05-25T11:00:07","date_gmt":"2024-05-25T14:00:07","guid":{"rendered":"https:\/\/corrientesdetarde.com\/?p=150084"},"modified":"2024-05-25T11:00:11","modified_gmt":"2024-05-25T14:00:11","slug":"gustavo-valdes-confirmo-una-visita-a-suiza-y-una-reunion-con-el-presidente-del-bid","status":"publish","type":"post","link":"https:\/\/corrientesdetarde.com\/index.php\/politica\/gustavo-valdes-confirmo-una-visita-a-suiza-y-una-reunion-con-el-presidente-del-bid\/","title":{"rendered":"Gustavo Vald\u00e9s confirm\u00f3 una visita a Suiza y una reuni\u00f3n con el presidente del BID\u00a0"},"content":{"rendered":"\n<p>As\u00ed lo anuncio tras participar del izamiento de la bandera en los festejos por el aniversario de la Revoluci\u00f3n de Mayo.\u00a0<\/p>\n\n\n\n<p>El gobernador Gustavo Vald\u00e9s inform\u00f3 que estar\u00e1 viajando por dos d\u00edas a Suiza con el objetivo de &#8220;reactivar la hidrov\u00eda&#8221; en la provincia. El anuncio lo hizo en declaraciones con la prensa tras participar del izamiento de la bandera en el marco de la conmemoraci\u00f3n por un nuevo aniversario de la Revoluci\u00f3n de Mayo de 1810.<\/p>\n\n\n\n<p>&#8220;Vamos a estar yendo dos d\u00edas a Suiza para para reactivar la hidrov\u00eda, fundamentalmente todo lo que tenga que ver con la log\u00edstica de carga que tenemos para ofrecer en los tres puertos y necesitamos tener los contenedores y las operaciones puertear\u00edas en lo que es el puerto de Ituzaing\u00f3. Vamos a estar con la firma internacional MSC&#8221;, precis\u00f3 Vald\u00e9s sobre su viaje a Suiza en lo que ser\u00e1 una nueva gira por el viejo continente.<\/p>\n\n\n\n<p>El mandatario provincial dijo que tambi\u00e9n mantendr\u00e1 una reuni\u00f3n con el presidente del BID (Banco Internacional de Desarrollo), Ilan Goldfajn,&nbsp; para conseguir fondos que ser\u00e1n volcados en diferentes obras en la provincia. &#8220;El BID es un viejo conocido, con el cual estamos ejecutando obras no reintegrables de 10 millones de d\u00f3lares y que ya estamos culminando&#8221;, remarc\u00f3.<\/p>\n\n\n\n<p>Luego, a\u00f1adi\u00f3: &#8220;Hoy tenemos la posibilidad de gestionar obras con Naci\u00f3n y el BID que son esenciales. Ahora vamos a llevar entre 8 y 10 obras que vamos a estar proyectando y el plan para esta nueva &nbsp;etapa que necesitamos mas inversiones para Corrientes, que en definitiva lo que se busca es m\u00e1s desarrollo para la provincia&#8221;.&nbsp;<\/p>\n\n\n\n<p>&#8220;Son como 10 obras de gas, puertos, autov\u00eda, ferrocarriles, etc\u00e9tera&#8221;, detall\u00f3 &nbsp;Vald\u00e9s sobre las posibles obras que se puedan encarar en Corrientes con financiamiento internacional.&nbsp; &#8220;Ojal\u00e1 que podamos hacerlo. Ya voy a mostrar puntualmente cu\u00e1les son esas obras que estamos hablando y que posibilidad tenemos. Con pedir no cuesta nada. Muchos no cre\u00edan pero tenemos muy buena relaci\u00f3n con el BID y ojal\u00e1 que nos puedan seguir acompa\u00f1ando&#8221;, rog\u00f3 el gobernador correntino.<\/p>\n\n\n\n<p>Posteriormente anunci\u00f3 que capitales franceses invertir\u00e1n en la ciudad de Virasoro para la instalaci\u00f3n de un nuevo aserradero.&nbsp;<\/p>\n\n\n\n<p>Por otra parte, Vald\u00e9s se refiri\u00f3 lo que para \u00e9l representa una fecha como la del 25 de&nbsp; Mayo: &#8220;Hoy conmemoramos los primeros d\u00edas de libertad en Argentina. Esto tiene que servir en una Argentina que casi siempre estamos conmocionados y este no es un a\u00f1o distinto, pero tenemos que tener la esperanza de construir una patria diferente y esto se hace con esfuerzo, estudio y cada uno poniendo un granito de arena para seguir manteniendo esta libertad&#8221;, asegur\u00f3.<\/p>\n\n\n\n<figure class=\"wp-block-image\"><img decoding=\"async\" src=\"https:\/\/www.diarioepoca.com\/content\/bucket\/6\/1364496w790h526c.jpg.webp\" alt=\"\"\/><\/figure>\n\n\n\n<p>Tambi\u00e9n tuvo palabras sobre el fallido Pacto de Mayo que ten\u00eda previsto realizar el presidente Javier Milei este s\u00e1bado y al respecto dijo que es &#8220;parte del monologo pol\u00edtico, pero nosotros estamos siempre pactando con la naci\u00f3n porque el pacto es con el pueblo y debemos seguir construyendo el futuro&#8221;.&nbsp;<\/p>\n","protected":false},"excerpt":{"rendered":"<p>As\u00ed lo anuncio tras participar del izamiento de la bandera en los festejos por el aniversario de la Revoluci\u00f3n de Mayo.\u00a0 El gobernador Gustavo Vald\u00e9s inform\u00f3 que estar\u00e1 viajando por&hellip; <\/p>\n","protected":false},"author":3,"featured_media":150090,"comment_status":"closed","ping_status":"open","sticky":false,"template":"","format":"standard","meta":{"footnotes":""},"categories":[3],"tags":[],"class_list":["post-150084","post","type-post","status-publish","format-standard","has-post-thumbnail","hentry","category-politica"],"_links":{"self":[{"href":"https:\/\/corrientesdetarde.com\/index.php\/wp-json\/wp\/v2\/posts\/150084","targetHints":{"allow":["GET"]}}],"collection":[{"href":"https:\/\/corrientesdetarde.com\/index.php\/wp-json\/wp\/v2\/posts"}],"about":[{"href":"https:\/\/corrientesdetarde.com\/index.php\/wp-json\/wp\/v2\/types\/post"}],"author":[{"embeddable":true,"href":"https:\/\/corrientesdetarde.com\/index.php\/wp-json\/wp\/v2\/users\/3"}],"replies":[{"embeddable":true,"href":"https:\/\/corrientesdetarde.com\/index.php\/wp-json\/wp\/v2\/comments?post=150084"}],"version-history":[{"count":1,"href":"https:\/\/corrientesdetarde.com\/index.php\/wp-json\/wp\/v2\/posts\/150084\/revisions"}],"predecessor-version":[{"id":150110,"href":"https:\/\/corrientesdetarde.com\/index.php\/wp-json\/wp\/v2\/posts\/150084\/revisions\/150110"}],"wp:featuredmedia":[{"embeddable":true,"href":"https:\/\/corrientesdetarde.com\/index.php\/wp-json\/wp\/v2\/media\/150090"}],"wp:attachment":[{"href":"https:\/\/corrientesdetarde.com\/index.php\/wp-json\/wp\/v2\/media?parent=150084"}],"wp:term":[{"taxonomy":"category","embeddable":true,"href":"https:\/\/corrientesdetarde.com\/index.php\/wp-json\/wp\/v2\/categories?post=150084"},{"taxonomy":"post_tag","embeddable":true,"href":"https:\/\/corrientesdetarde.com\/index.php\/wp-json\/wp\/v2\/tags?post=150084"}],"curies":[{"name":"wp","href":"https:\/\/api.w.org\/{rel}","templated":true}]}}