{"id":150086,"date":"2024-05-25T11:00:16","date_gmt":"2024-05-25T14:00:16","guid":{"rendered":"https:\/\/corrientesdetarde.com\/?p=150086"},"modified":"2024-05-25T11:00:17","modified_gmt":"2024-05-25T14:00:17","slug":"zenon-preservado-ante-talleres-de-cordoba","status":"publish","type":"post","link":"https:\/\/corrientesdetarde.com\/index.php\/deportes\/zenon-preservado-ante-talleres-de-cordoba\/","title":{"rendered":"Zen\u00f3n, preservado ante Talleres de C\u00f3rdoba"},"content":{"rendered":"\n<p>Boca Juniors afrontar\u00e1 un duelo clave ante Talleres de C\u00f3rdoba por la Liga Profesional de F\u00fatbol esta noche pero no contar\u00e1 con una de sus figuras.<\/p>\n\n\n\n<p>Kevin Zen\u00f3n arrastra un fuerte dolor en la zona del tend\u00f3n rotuliano de la pierna izquierda. Los estudios de rigor al correntino no arrojaron lesi\u00f3n pero porque el dolor contin\u00fao durante la semana de entrenamientos el t\u00e9cnico Diego Mart\u00ednez optar\u00eda por preservarlo. Durante la semana, Boca deber\u00e1 recibir a Nacional Potos\u00ed de Bolivia en b\u00fasqueda de evitar los 16avos de final de la Copa Sudamericana e ir directo a los octavos.<\/p>\n\n\n\n<p>El volante goyano ser\u00eda cuidado para ese encuentro que asoma como vital de cara al segundo semestre del a\u00f1o. Esta noche, el xeneize buscar\u00e1 su segunda victoria consecutiva cuando reciba a Talleres de C\u00f3rdoba, en la Bombonera, en un encuentro v\u00e1lido por la tercera fecha de la Liga Profesional 2024. El encuentro se disputar\u00e1 desde las 20 en el estadio Alberto J. Armando, contar\u00e1 con el arbitraje de Hern\u00e1n Mastr\u00e1ngelo, que tendr\u00e1 a Pablo D\u00f3valo en el VAR y ser\u00e1 transmitido por la se\u00f1al TNT Sports.<\/p>\n\n\n\n<p>Vicente Taborda asoma como el reemplazante natural de Zen\u00f3n, completando el medio campo con Jabes Saralegui, Guillermo Fern\u00e1ndez y Cristian Medina.<\/p>\n","protected":false},"excerpt":{"rendered":"<p>Boca Juniors afrontar\u00e1 un duelo clave ante Talleres de C\u00f3rdoba por la Liga Profesional de F\u00fatbol esta noche pero no contar\u00e1 con una de sus figuras. Kevin Zen\u00f3n arrastra un&hellip; <\/p>\n","protected":false},"author":3,"featured_media":150099,"comment_status":"closed","ping_status":"open","sticky":false,"template":"","format":"standard","meta":{"footnotes":""},"categories":[4],"tags":[],"class_list":["post-150086","post","type-post","status-publish","format-standard","has-post-thumbnail","hentry","category-deportes"],"_links":{"self":[{"href":"https:\/\/corrientesdetarde.com\/index.php\/wp-json\/wp\/v2\/posts\/150086","targetHints":{"allow":["GET"]}}],"collection":[{"href":"https:\/\/corrientesdetarde.com\/index.php\/wp-json\/wp\/v2\/posts"}],"about":[{"href":"https:\/\/corrientesdetarde.com\/index.php\/wp-json\/wp\/v2\/types\/post"}],"author":[{"embeddable":true,"href":"https:\/\/corrientesdetarde.com\/index.php\/wp-json\/wp\/v2\/users\/3"}],"replies":[{"embeddable":true,"href":"https:\/\/corrientesdetarde.com\/index.php\/wp-json\/wp\/v2\/comments?post=150086"}],"version-history":[{"count":1,"href":"https:\/\/corrientesdetarde.com\/index.php\/wp-json\/wp\/v2\/posts\/150086\/revisions"}],"predecessor-version":[{"id":150113,"href":"https:\/\/corrientesdetarde.com\/index.php\/wp-json\/wp\/v2\/posts\/150086\/revisions\/150113"}],"wp:featuredmedia":[{"embeddable":true,"href":"https:\/\/corrientesdetarde.com\/index.php\/wp-json\/wp\/v2\/media\/150099"}],"wp:attachment":[{"href":"https:\/\/corrientesdetarde.com\/index.php\/wp-json\/wp\/v2\/media?parent=150086"}],"wp:term":[{"taxonomy":"category","embeddable":true,"href":"https:\/\/corrientesdetarde.com\/index.php\/wp-json\/wp\/v2\/categories?post=150086"},{"taxonomy":"post_tag","embeddable":true,"href":"https:\/\/corrientesdetarde.com\/index.php\/wp-json\/wp\/v2\/tags?post=150086"}],"curies":[{"name":"wp","href":"https:\/\/api.w.org\/{rel}","templated":true}]}}