{"id":150087,"date":"2024-05-25T11:00:14","date_gmt":"2024-05-25T14:00:14","guid":{"rendered":"https:\/\/corrientesdetarde.com\/?p=150087"},"modified":"2024-05-25T11:00:15","modified_gmt":"2024-05-25T14:00:15","slug":"en-cuanto-tiempo-estaran-terminadas-las-obras-del-teatro-juan-de-vera","status":"publish","type":"post","link":"https:\/\/corrientesdetarde.com\/index.php\/informacion-general\/en-cuanto-tiempo-estaran-terminadas-las-obras-del-teatro-juan-de-vera\/","title":{"rendered":"En cu\u00e1nto tiempo estar\u00e1n terminadas las obras del Teatro Juan de Vera"},"content":{"rendered":"\n<p>El gobernador recorri\u00f3 este viernes las instalaciones con la nueva directora, Lourdes S\u00e1nchez.\u00a0<\/p>\n\n\n\n<p>El gobernador de Corrientes, Gustavo Vald\u00e9s, confirm\u00f3 este viernes en cu\u00e1nto tiempo estar\u00e1n terminadas las obras del Teatro Juan de Vera.<\/p>\n\n\n\n<p>En declaraciones a la prensa y tras confirmar a&nbsp;&nbsp;<a href=\"https:\/\/www.ellitoral.com.ar\/corrientes\/2024-5-24-11-18-0-valdes-confirmo-a-lourdes-sanchez-como-directora-del-teatro-vera\"><strong>Lourdes S\u00e1nchez como directora del teatro<\/strong><\/a>,&nbsp; el mandatario asegur\u00f3 que&nbsp;&nbsp;<strong>&#8220;entre seis a ocho meses&#8221; las tareas estar\u00e1n concluidas para que el&nbsp;teatro volver\u00e1 a reabrir sus puertas,<\/strong>&nbsp; que se encuentran cerradas desde el 2020.<\/p>\n\n\n\n<p>El edificio, ubicado en calle San Juan N\u00ba 637 de la ciudad de Corrientes, y con una antig\u00fcedad de m\u00e1s de 110 a\u00f1os, presentaba una situaci\u00f3n de deterioro por el transcurso del tiempo e inadecuado mantenimiento en todos los sectores sanitarios que posee tanto p\u00fablicos como administrativos o de oficinas, por lo que se resolvi\u00f3 encarar su restauraci\u00f3n integral.<\/p>\n\n\n\n<p><strong>Las obras<\/strong><\/p>\n\n\n\n<p>Todo el sector de apoyo esc\u00e9nico, cerca de 940 m2, &nbsp;fue refaccionado en sus cuatro niveles, e incluy\u00f3 la renovaci\u00f3n de ba\u00f1os, instalaciones sanitarias, pisos nuevos, as\u00ed como la restauraci\u00f3n a nuevo de los salones de Danza y M\u00fasica y \u00e1reas de camarines y vestuarios.<\/p>\n\n\n\n<p>En cuanto a los ba\u00f1os p\u00fablicos y administrativos &nbsp;fueron renovados a nuevos con artefactos, grifer\u00edas, accesorios, pisos y pintura, as\u00ed como instalaci\u00f3n sanitaria de desag\u00fce cloacal y provisi\u00f3n de agua.<\/p>\n","protected":false},"excerpt":{"rendered":"<p>El gobernador recorri\u00f3 este viernes las instalaciones con la nueva directora, Lourdes S\u00e1nchez.\u00a0 El gobernador de Corrientes, Gustavo Vald\u00e9s, confirm\u00f3 este viernes en cu\u00e1nto tiempo estar\u00e1n terminadas las obras del&hellip; <\/p>\n","protected":false},"author":3,"featured_media":150092,"comment_status":"closed","ping_status":"open","sticky":false,"template":"","format":"standard","meta":{"footnotes":""},"categories":[1],"tags":[],"class_list":["post-150087","post","type-post","status-publish","format-standard","has-post-thumbnail","hentry","category-informacion-general"],"_links":{"self":[{"href":"https:\/\/corrientesdetarde.com\/index.php\/wp-json\/wp\/v2\/posts\/150087","targetHints":{"allow":["GET"]}}],"collection":[{"href":"https:\/\/corrientesdetarde.com\/index.php\/wp-json\/wp\/v2\/posts"}],"about":[{"href":"https:\/\/corrientesdetarde.com\/index.php\/wp-json\/wp\/v2\/types\/post"}],"author":[{"embeddable":true,"href":"https:\/\/corrientesdetarde.com\/index.php\/wp-json\/wp\/v2\/users\/3"}],"replies":[{"embeddable":true,"href":"https:\/\/corrientesdetarde.com\/index.php\/wp-json\/wp\/v2\/comments?post=150087"}],"version-history":[{"count":1,"href":"https:\/\/corrientesdetarde.com\/index.php\/wp-json\/wp\/v2\/posts\/150087\/revisions"}],"predecessor-version":[{"id":150112,"href":"https:\/\/corrientesdetarde.com\/index.php\/wp-json\/wp\/v2\/posts\/150087\/revisions\/150112"}],"wp:featuredmedia":[{"embeddable":true,"href":"https:\/\/corrientesdetarde.com\/index.php\/wp-json\/wp\/v2\/media\/150092"}],"wp:attachment":[{"href":"https:\/\/corrientesdetarde.com\/index.php\/wp-json\/wp\/v2\/media?parent=150087"}],"wp:term":[{"taxonomy":"category","embeddable":true,"href":"https:\/\/corrientesdetarde.com\/index.php\/wp-json\/wp\/v2\/categories?post=150087"},{"taxonomy":"post_tag","embeddable":true,"href":"https:\/\/corrientesdetarde.com\/index.php\/wp-json\/wp\/v2\/tags?post=150087"}],"curies":[{"name":"wp","href":"https:\/\/api.w.org\/{rel}","templated":true}]}}